{"id":14027,"date":"2021-06-01T17:36:29","date_gmt":"2021-06-01T17:36:29","guid":{"rendered":"http:\/\/playfmradio.com\/?p=14626"},"modified":"2021-06-01T17:36:29","modified_gmt":"2021-06-01T17:36:29","slug":"argentina-se-bajo-de-la-copa-america-y-ahora-la-organizara-brasil","status":"publish","type":"post","link":"http:\/\/cordobainforma.info\/index.php\/2021\/06\/01\/argentina-se-bajo-de-la-copa-america-y-ahora-la-organizara-brasil\/","title":{"rendered":"Argentina se baj\u00f3 de la Copa Am\u00e9rica y ahora la organizar\u00e1 Brasil"},"content":{"rendered":"<p><em>En una decisi\u00f3n de domingo a la noche, la Conmebol anunci\u00f3 que se suspend\u00eda la Copa Am\u00e9rica en Argentina, mientras que el lunes se anunci\u00f3 su realizaci\u00f3n en Brasil.<\/em><\/p>\n<p>La Confederaci\u00f3n Sudamericana de F\u00fatbol (CONMEBOL), cancel\u00f3 la realizaci\u00f3n de la Copa Am\u00e9rica de F\u00fatbol en la Argentina, debido a que el gobierno de Alberto Fern\u00e1ndez, comunic\u00f3 a dicho ente que no iba a poder organizar la misma, dado el contexto que se vive en el pa\u00eds por la pandemia de Covid 19, que no deja de provocar estragos.<\/p>\n<p>La decisi\u00f3n no solo provoc\u00f3 sorpresa en el m\u00e1ximo ente sudamericano de f\u00fatbol, sino en todos los actores nacionales e internacionales de dicho deporte, mucho m\u00e1s, despu\u00e9s de que el mism\u00edsimo presidente de la naci\u00f3n, se reuniera hace d\u00edas con Alejandro Dom\u00ednguez, donde se ofreci\u00f3 a organizarla en su totalidad.<\/p>\n<p>Luego de ello, se empezaron a barajar opciones, teniendo en cuenta que la competencia comenzar\u00e1 el 13 de junio y se necesita de mucha log\u00edstica para su organizaci\u00f3n. Si bien se contemplaron varias opciones, la menos pensada, quiz\u00e1s, fue anunciada en horas del mediod\u00eda: la Copa Am\u00e9rica, de no mediar nada de \u00faltimo momento, se organizar\u00e1 en Brasil, que fue donde se jug\u00f3 por \u00faltima vez.<\/p>\n<p>De esta manera, cambian los planes no solo del seleccionado argentino, que este jueves vuelve a jugar por eliminatorias ante Chile, sino para el resto de las selecciones sudamericanas. Se espera en las pr\u00f3ximas horas, que se den a conocer las sedes, el calendario, que ser\u00eda el mismo, como as\u00ed tambi\u00e9n la confirmaci\u00f3n oficial del gobierno brasile\u00f1o, ya que m\u00e1s all\u00e1 de que el presidente Bolsonaro acept\u00f3, restan algunas autorizaciones de gobiernos estaduales, que se esperan en las pr\u00f3ximas horas.<\/p>\n<p><strong>Por: Guillermo Boris<\/strong><\/p>\n<p> <a class=\"synved-social-button synved-social-button-share synved-social-size-32 synved-social-resolution-single synved-social-provider-facebook nolightbox\" data-provider=\"facebook\" target=\"_blank\" rel=\"nofollow noopener noreferrer\" title=\"Share on Facebook\" href=\"http:\/\/www.facebook.com\/sharer.php?u=http%3A%2F%2Fplayfmradio.com%2Fargentina-se-bajo-de-la-copa-america-y-ahora-la-organizara-brasil%2F&amp;t=Argentina%20se%20baj%C3%B3%20de%20la%20Copa%20Am%C3%A9rica%20y%20ahora%20la%20organizar%C3%A1%20Brasil&amp;s=100&amp;p[url]=http%3A%2F%2Fplayfmradio.com%2Fargentina-se-bajo-de-la-copa-america-y-ahora-la-organizara-brasil%2F&amp;p[images][0]=http%3A%2F%2Fplayfmradio.com%2Fwp-content%2Fuploads%2F2021%2F06%2F800.jpeg&amp;p[title]=Argentina%20se%20baj%C3%B3%20de%20la%20Copa%20Am%C3%A9rica%20y%20ahora%20la%20organizar%C3%A1%20Brasil\"><img loading=\"lazy\" alt=\"Facebook\" title=\"Share on Facebook\" class=\"synved-share-image synved-social-image synved-social-image-share\" width=\"32\" height=\"32\" src=\"http:\/\/cordobainforma.info\/wp-content\/uploads\/2021\/06\/argentina-se-bajo-de-la-copa-america-y-ahora-la-organizara-brasil.png\"><\/a><a class=\"synved-social-button synved-social-button-share synved-social-size-32 synved-social-resolution-single synved-social-provider-twitter nolightbox\" data-provider=\"twitter\" target=\"_blank\" rel=\"nofollow noopener noreferrer\" title=\"Share on Twitter\" href=\"https:\/\/twitter.com\/intent\/tweet?url=http%3A%2F%2Fplayfmradio.com%2Fargentina-se-bajo-de-la-copa-america-y-ahora-la-organizara-brasil%2F&amp;text=Compartido%20de%20Playfmradio.com\"><img loading=\"lazy\" alt=\"twitter\" title=\"Share on Twitter\" class=\"synved-share-image synved-social-image synved-social-image-share\" width=\"32\" height=\"32\" src=\"http:\/\/cordobainforma.info\/wp-content\/uploads\/2021\/06\/argentina-se-bajo-de-la-copa-america-y-ahora-la-organizara-brasil-1.png\"><\/a><a class=\"synved-social-button synved-social-button-share synved-social-size-32 synved-social-resolution-single synved-social-provider-pinterest nolightbox\" data-provider=\"pinterest\" target=\"_blank\" rel=\"nofollow noopener noreferrer\" title=\"Pin it with Pinterest\" href=\"http:\/\/pinterest.com\/pin\/create\/button\/?url=http%3A%2F%2Fplayfmradio.com%2Fargentina-se-bajo-de-la-copa-america-y-ahora-la-organizara-brasil%2F&amp;media=http%3A%2F%2Fplayfmradio.com%2Fwp-content%2Fuploads%2F2021%2F06%2F800.jpeg&amp;description=Argentina%20se%20baj%C3%B3%20de%20la%20Copa%20Am%C3%A9rica%20y%20ahora%20la%20organizar%C3%A1%20Brasil\"><img loading=\"lazy\" alt=\"pinterest\" title=\"Pin it with Pinterest\" class=\"synved-share-image synved-social-image synved-social-image-share\" width=\"32\" height=\"32\" src=\"http:\/\/cordobainforma.info\/wp-content\/uploads\/2021\/06\/argentina-se-bajo-de-la-copa-america-y-ahora-la-organizara-brasil-2.png\"><\/a><a class=\"synved-social-button synved-social-button-share synved-social-size-32 synved-social-resolution-single synved-social-provider-tumblr nolightbox\" data-provider=\"tumblr\" target=\"_blank\" rel=\"nofollow noopener noreferrer\" title=\"Share on tumblr\" href=\"http:\/\/tumblr.com\/share?s=&amp;v=3&amp;t=Argentina%20se%20baj%C3%B3%20de%20la%20Copa%20Am%C3%A9rica%20y%20ahora%20la%20organizar%C3%A1%20Brasil&amp;u=http%3A%2F%2Fplayfmradio.com%2Fargentina-se-bajo-de-la-copa-america-y-ahora-la-organizara-brasil%2F\"><img loading=\"lazy\" alt=\"tumblr\" title=\"Share on tumblr\" class=\"synved-share-image synved-social-image synved-social-image-share\" width=\"32\" height=\"32\" src=\"http:\/\/cordobainforma.info\/wp-content\/uploads\/2021\/06\/argentina-se-bajo-de-la-copa-america-y-ahora-la-organizara-brasil-3.png\"><\/a><a class=\"synved-social-button synved-social-button-share synved-social-size-32 synved-social-resolution-single synved-social-provider-mail nolightbox\" data-provider=\"mail\" rel=\"nofollow\" title=\"Share by email\" href=\"mailto:?subject=Argentina%20se%20baj%C3%B3%20de%20la%20Copa%20Am%C3%A9rica%20y%20ahora%20la%20organizar%C3%A1%20Brasil&amp;body=Compartido%20de%20Playfmradio.com:%20http%3A%2F%2Fplayfmradio.com%2Fargentina-se-bajo-de-la-copa-america-y-ahora-la-organizara-brasil%2F\"><img loading=\"lazy\" alt=\"mail\" title=\"Share by email\" class=\"synved-share-image synved-social-image synved-social-image-share\" width=\"32\" height=\"32\" src=\"http:\/\/cordobainforma.info\/wp-content\/uploads\/2021\/06\/argentina-se-bajo-de-la-copa-america-y-ahora-la-organizara-brasil-4.png\"><\/a> <!-- AUTHOR PART ========================= --> <!-- AUTHOR PART END ========================= --> <\/p>\n","protected":false},"excerpt":{"rendered":"<p>En una decisi\u00f3n de domingo a la noche, la Conmebol anunci\u00f3 que se suspend\u00eda la Copa Am\u00e9rica en Argentina, mientras que el lunes se anunci\u00f3 su realizaci\u00f3n en Brasil. La Confederaci\u00f3n Sudamericana de F\u00fatbol (CONMEBOL), cancel\u00f3 la realizaci\u00f3n de la Copa Am\u00e9rica de F\u00fatbol en la Argentina, debido a que el gobierno de Alberto Fern\u00e1ndez, [&hellip;]<\/p>\n","protected":false},"author":1,"featured_media":14028,"comment_status":"closed","ping_status":"closed","sticky":false,"template":"","format":"standard","meta":[],"categories":[20,23],"tags":[],"_links":{"self":[{"href":"http:\/\/cordobainforma.info\/index.php\/wp-json\/wp\/v2\/posts\/14027"}],"collection":[{"href":"http:\/\/cordobainforma.info\/index.php\/wp-json\/wp\/v2\/posts"}],"about":[{"href":"http:\/\/cordobainforma.info\/index.php\/wp-json\/wp\/v2\/types\/post"}],"author":[{"embeddable":true,"href":"http:\/\/cordobainforma.info\/index.php\/wp-json\/wp\/v2\/users\/1"}],"replies":[{"embeddable":true,"href":"http:\/\/cordobainforma.info\/index.php\/wp-json\/wp\/v2\/comments?post=14027"}],"version-history":[{"count":0,"href":"http:\/\/cordobainforma.info\/index.php\/wp-json\/wp\/v2\/posts\/14027\/revisions"}],"wp:featuredmedia":[{"embeddable":true,"href":"http:\/\/cordobainforma.info\/index.php\/wp-json\/wp\/v2\/media\/14028"}],"wp:attachment":[{"href":"http:\/\/cordobainforma.info\/index.php\/wp-json\/wp\/v2\/media?parent=14027"}],"wp:term":[{"taxonomy":"category","embeddable":true,"href":"http:\/\/cordobainforma.info\/index.php\/wp-json\/wp\/v2\/categories?post=14027"},{"taxonomy":"post_tag","embeddable":true,"href":"http:\/\/cordobainforma.info\/index.php\/wp-json\/wp\/v2\/tags?post=14027"}],"curies":[{"name":"wp","href":"https:\/\/api.w.org\/{rel}","templated":true}]}}