{"id":14003,"date":"2021-06-01T12:50:00","date_gmt":"2021-06-01T12:50:00","guid":{"rendered":"https:\/\/elobjetivo.com.ar\/contenido\/34763\/racing-y-colon-disputaran-la-final-de-la-copa-de-la-liga-profesional"},"modified":"2021-06-01T12:50:00","modified_gmt":"2021-06-01T12:50:00","slug":"racing-y-colon-disputaran-la-final-de-la-copa-de-la-liga-profesional","status":"publish","type":"post","link":"http:\/\/cordobainforma.info\/index.php\/2021\/06\/01\/racing-y-colon-disputaran-la-final-de-la-copa-de-la-liga-profesional\/","title":{"rendered":"Racing y Col\u00f3n disputar\u00e1n la final de la Copa de la Liga Profesional"},"content":{"rendered":"<p><img src=\"http:\/\/cordobainforma.info\/wp-content\/uploads\/2021\/06\/racing-y-colon-disputaran-la-final-de-la-copa-de-la-liga-profesional.jpg\"><\/p>\n<div readability=\"32\"> <img alt=\"Racing y Col\u00f3n\" class=\"img-responsive\" data-alto-grande=\"1080\" data-ancho-grande=\"1920\" height=\"1080\" loading=\"lazy\" sizes=\"auto\" src=\"http:\/\/cordobainforma.info\/wp-content\/uploads\/2021\/06\/racing-y-colon-disputaran-la-final-de-la-copa-de-la-liga-profesional-2.jpg\" srcset=\"http:\/\/cordobainforma.info\/wp-content\/uploads\/2021\/06\/racing-y-colon-disputaran-la-final-de-la-copa-de-la-liga-profesional-2.jpg 1000w, http:\/\/cordobainforma.info\/wp-content\/uploads\/2021\/06\/racing-y-colon-disputaran-la-final-de-la-copa-de-la-liga-profesional-3.jpg 400w, http:\/\/cordobainforma.info\/wp-content\/uploads\/2021\/06\/racing-y-colon-disputaran-la-final-de-la-copa-de-la-liga-profesional.jpg 1920w\" width=\"1920\"> <\/p>\n<p> <span>Racing y Col\u00f3n disputar\u00e1n la final de la Copa de la Liga Profesional<\/span> <span>Foto: gentileza<\/span> <\/p>\n<\/p><\/div>\n<div readability=\"50\">\n<p>La Copa de la Liga Profesional llega a su fin con el partido decisivo que qued\u00f3 definido el lunes: Racing y Col\u00f3n ir\u00e1n por el t\u00edtulo, este viernes 4 de junio a partir de las 19 en horas el estadio Bicentenario de San Juan, donde vencieron a Boca e Independiente en las semifinales del certamen.<\/p>\n<p>Asimismo, la \u00abAcademia\u00bb elimin\u00f3 a Boca por 4 a 2 en los penales, tras empatar 0 a 0 en el tiempo reglamentario. Mientras que el \u00abSabalero\u00bb clasific\u00f3 gracias a la victoria por 2 a 0 a Independiente.<\/p>\n<p>En la final, en caso de igualdad en tiempo reglamentario, se recurrir\u00e1 a un tiempo suplementario de 30 minutos (dos tiempos de 15&#8242;) y de persistir el resultado, se ejecutar\u00e1 una serie de penales para definir el campe\u00f3n.<\/p>\n<p>&nbsp;El partido definitorio ser\u00e1 televisado por TNT Sports y Fox Sports Premium.<\/p>\n<\/p><\/div>\n","protected":false},"excerpt":{"rendered":"<p>Racing y Col\u00f3n disputar\u00e1n la final de la Copa de la Liga Profesional Foto: gentileza La Copa de la Liga Profesional llega a su fin con el partido decisivo que qued\u00f3 definido el lunes: Racing y Col\u00f3n ir\u00e1n por el t\u00edtulo, este viernes 4 de junio a partir de las 19 en horas el estadio [&hellip;]<\/p>\n","protected":false},"author":1,"featured_media":14004,"comment_status":"open","ping_status":"closed","sticky":false,"template":"","format":"standard","meta":[],"categories":[20],"tags":[],"_links":{"self":[{"href":"http:\/\/cordobainforma.info\/index.php\/wp-json\/wp\/v2\/posts\/14003"}],"collection":[{"href":"http:\/\/cordobainforma.info\/index.php\/wp-json\/wp\/v2\/posts"}],"about":[{"href":"http:\/\/cordobainforma.info\/index.php\/wp-json\/wp\/v2\/types\/post"}],"author":[{"embeddable":true,"href":"http:\/\/cordobainforma.info\/index.php\/wp-json\/wp\/v2\/users\/1"}],"replies":[{"embeddable":true,"href":"http:\/\/cordobainforma.info\/index.php\/wp-json\/wp\/v2\/comments?post=14003"}],"version-history":[{"count":0,"href":"http:\/\/cordobainforma.info\/index.php\/wp-json\/wp\/v2\/posts\/14003\/revisions"}],"wp:featuredmedia":[{"embeddable":true,"href":"http:\/\/cordobainforma.info\/index.php\/wp-json\/wp\/v2\/media\/14004"}],"wp:attachment":[{"href":"http:\/\/cordobainforma.info\/index.php\/wp-json\/wp\/v2\/media?parent=14003"}],"wp:term":[{"taxonomy":"category","embeddable":true,"href":"http:\/\/cordobainforma.info\/index.php\/wp-json\/wp\/v2\/categories?post=14003"},{"taxonomy":"post_tag","embeddable":true,"href":"http:\/\/cordobainforma.info\/index.php\/wp-json\/wp\/v2\/tags?post=14003"}],"curies":[{"name":"wp","href":"https:\/\/api.w.org\/{rel}","templated":true}]}}