{"id":14001,"date":"2021-06-01T16:07:35","date_gmt":"2021-06-01T16:07:35","guid":{"rendered":"https:\/\/www.clarin.com\/deportes\/kun-aguero-critico-copa-america-brasil-complicado-puede-jugar-_0_4FXRBEIp7.html"},"modified":"2021-06-01T16:07:35","modified_gmt":"2021-06-01T16:07:35","slug":"el-kun-aguero-critico-con-la-copa-america-si-brasil-esta-complicado-no-se-puede-jugar","status":"publish","type":"post","link":"http:\/\/cordobainforma.info\/index.php\/2021\/06\/01\/el-kun-aguero-critico-con-la-copa-america-si-brasil-esta-complicado-no-se-puede-jugar\/","title":{"rendered":"El Kun Aguero, cr\u00edtico con la Copa Am\u00e9rica: \u00abSi Brasil est\u00e1 complicado, no se puede jugar\u00bb"},"content":{"rendered":"<p><img src=\"http:\/\/cordobainforma.info\/wp-content\/uploads\/2021\/06\/el-kun-aguero-critico-con-la-copa-america-si-brasil-esta-complicado-no-se-puede-jugar.jpg\"><\/p>\n<div><img src=\"http:\/\/cordobainforma.info\/wp-content\/uploads\/2021\/06\/el-kun-aguero-critico-con-la-copa-america-si-brasil-esta-complicado-no-se-puede-jugar-2.jpg\" class=\"ff-og-image-inserted\"><\/div>\n<p><a alt=\"sergio-kun-aguero\" class=\"slug\" href=\"https:\/\/www.clarin.com\/tema\/sergio-kun-aguero.html\" target=\"_blank\" title=\"sergio-kun-aguero\" rel=\"noopener noreferrer\">Sergio Kun Ag\u00fcero<\/a>&nbsp;fue una de las figuras de los \u00faltimos d\u00edas&nbsp;tras haber jugado su partido de despedida con el <a alt=\"manchester-city\" class=\"slug\" href=\"https:\/\/www.clarin.com\/tema\/manchester-city.html\" target=\"_blank\" title=\"manchester-city\" rel=\"noopener noreferrer\">Manchester City<\/a>, club del que es el m\u00e1ximo goleador, ser finalista de la \u00faltima Champions League y ser el nuevo refuerzo del <a alt=\"fc-barcelona\" class=\"slug\" href=\"https:\/\/www.clarin.com\/tema\/fc-barcelona.html\" target=\"_blank\" title=\"fc-barcelona\" rel=\"noopener noreferrer\">Barcelona<\/a>, d\u00f3nde compartir\u00e1 vestuario con <a alt=\"lionel-messi\" class=\"slug\" href=\"https:\/\/www.clarin.com\/tema\/lionel-messi.html\" target=\"_blank\" title=\"lionel-messi\" rel=\"noopener noreferrer\">Lionel Messi<\/a>.<\/p>\n<p>Tras su escala en Catalu\u00f1a, d\u00f3nde <strong>se convirti\u00f3 en el primer fichaje del blaugrana<\/strong>, arrib\u00f3 a la Argentina para sumarse a la concentraci\u00f3n del seleccionado de cara a las Eliminatorias del Mundial y el inici\u00f3 de la pol\u00e9mica Copa Am\u00e9rica, de la que hay m\u00e1s dudas que certezas con respecto a su sede. De eso habl\u00f3 el&nbsp;Kun apenas lleg\u00f3 al pa\u00eds: \u00ab<strong>Es una decisi\u00f3n muy correcta no jugarla ac\u00e1 por qu\u00e9 no la estamos pasando bien<\/strong>. Si esta complicado en Brasil no se puede jugar, por lo que escuch\u00e9 cerraron las fronteras. Nosotros como jugadores queremos jugar, est\u00e1&nbsp;claro, el tema es buscar un buen lugar para poder jugar. Hubo un a\u00f1o como para ver donde se pod\u00eda hacer y lo que pod\u00eda pasar\u00bb.<\/p>\n<p>Ag\u00fcero no es el \u00fanico que se refiri\u00f3 al tema, ya que Edinson Cavani y Luis Su\u00e1rez salieron a hablar de la organizaci\u00f3n de la Copa Am\u00e9rica y fueron muy cr\u00edticos con la <a alt=\"conmebol\" class=\"slug\" href=\"https:\/\/www.clarin.com\/tema\/conmebol.html\" target=\"_blank\" title=\"conmebol\" rel=\"noopener noreferrer\">CONMEBOL<\/a>. \u00abLos jugadores no tenemos ni voz ni voto, no tenemos peso en ciertas cosas. Hoy somos los que tenemos que ir a poner la cara para tratar de darle una alegr\u00eda a la gente que est\u00e1 encerrada. Hay un mont\u00f3n de actividades que no est\u00e1n funcionando y ah\u00ed estamos nosotros\u00bb cuestion\u00f3 Cavani.<\/p>\n<p>En la misma linea, Su\u00e1rez opin\u00f3: \u00abEstamos en una situaci\u00f3n dif\u00edcil a nivel mundial, llama la atenci\u00f3n que se juegue, es la realidad, pero al momento que se confirme debemos tratar de afrontarlo de la mejor manera posible y no pensar en la pandemia\u00bb.<\/p>\n<p>Ag\u00fcero tambi\u00e9n cont\u00f3 c\u00f3mo vivi\u00f3 el covid tras haberlo tenido unos pocos meses atr\u00e1s: \u00ab<strong>Yo ya tuve el virus y la verdad que la pas\u00e9 bastante complicado<\/strong>. No s\u00e9 si nos van a vacunar ac\u00e1 o por la Copa Am\u00e9rica, no me dijeron nada\u00bb, cerr\u00f3 en relaci\u00f3n al tema.<\/p>\n<p>Adem\u00e1s, el delantero&nbsp;expres\u00f3 cu\u00e1les son&nbsp;sus expectativas tras&nbsp;haber firmado en el Barcelona por dos a\u00f1os y compartir club con Messi: \u00abEstoy muy contento, es un nuevo desaf\u00edo y espero poder disfrutarlo. Siempre habl\u00f3 con Leo pero es secreto lo que hablamos\u00bb, expres\u00f3 entre risas, qui\u00e9n tambi\u00e9n coment\u00f3 sobre la situaci\u00f3n del diez en el Barsa: \u00abPrimero tiene que hablar \u00e9l haber que va a hacer. Yo no voy a insistir, \u00e9l ya es grande. Lo estar\u00e1 viendo el representante con el club. Yo estando ah\u00ed obviamente me gustar\u00eda que este\u00bb, afirm\u00f3.<\/p>\n<div class=\"entry-tags\">\n<h2>TEMAS QUE APARECEN EN ESTA NOTA<\/h2>\n<\/p><\/div>\n","protected":false},"excerpt":{"rendered":"<p>Sergio Kun Ag\u00fcero&nbsp;fue una de las figuras de los \u00faltimos d\u00edas&nbsp;tras haber jugado su partido de despedida con el Manchester City, club del que es el m\u00e1ximo goleador, ser finalista de la \u00faltima Champions League y ser el nuevo refuerzo del Barcelona, d\u00f3nde compartir\u00e1 vestuario con Lionel Messi. Tras su escala en Catalu\u00f1a, d\u00f3nde se [&hellip;]<\/p>\n","protected":false},"author":1,"featured_media":14002,"comment_status":"closed","ping_status":"closed","sticky":false,"template":"","format":"standard","meta":[],"categories":[20],"tags":[],"_links":{"self":[{"href":"http:\/\/cordobainforma.info\/index.php\/wp-json\/wp\/v2\/posts\/14001"}],"collection":[{"href":"http:\/\/cordobainforma.info\/index.php\/wp-json\/wp\/v2\/posts"}],"about":[{"href":"http:\/\/cordobainforma.info\/index.php\/wp-json\/wp\/v2\/types\/post"}],"author":[{"embeddable":true,"href":"http:\/\/cordobainforma.info\/index.php\/wp-json\/wp\/v2\/users\/1"}],"replies":[{"embeddable":true,"href":"http:\/\/cordobainforma.info\/index.php\/wp-json\/wp\/v2\/comments?post=14001"}],"version-history":[{"count":0,"href":"http:\/\/cordobainforma.info\/index.php\/wp-json\/wp\/v2\/posts\/14001\/revisions"}],"wp:featuredmedia":[{"embeddable":true,"href":"http:\/\/cordobainforma.info\/index.php\/wp-json\/wp\/v2\/media\/14002"}],"wp:attachment":[{"href":"http:\/\/cordobainforma.info\/index.php\/wp-json\/wp\/v2\/media?parent=14001"}],"wp:term":[{"taxonomy":"category","embeddable":true,"href":"http:\/\/cordobainforma.info\/index.php\/wp-json\/wp\/v2\/categories?post=14001"},{"taxonomy":"post_tag","embeddable":true,"href":"http:\/\/cordobainforma.info\/index.php\/wp-json\/wp\/v2\/tags?post=14001"}],"curies":[{"name":"wp","href":"https:\/\/api.w.org\/{rel}","templated":true}]}}