{"id":13999,"date":"2021-06-01T17:24:12","date_gmt":"2021-06-01T17:24:12","guid":{"rendered":"https:\/\/www.clarin.com\/deportes\/-hermosa-manana-verdad-francella-palmeras-celebraron-final-racing-colon-re-make-famosa-frase_0_jgvOT82Sx.html"},"modified":"2021-06-01T17:24:12","modified_gmt":"2021-06-01T17:24:12","slug":"hermosa-manana-verdad-francella-y-los-palmeras-celebraron-la-final-entre-racing-y-colon-con-una-re-make-de-la-famosa-frase","status":"publish","type":"post","link":"http:\/\/cordobainforma.info\/index.php\/2021\/06\/01\/hermosa-manana-verdad-francella-y-los-palmeras-celebraron-la-final-entre-racing-y-colon-con-una-re-make-de-la-famosa-frase\/","title":{"rendered":"\u00abHermosa ma\u00f1ana, verdad&#8230;\u00bb: Francella y Los Palmeras, celebraron la final entre Racing y Col\u00f3n con una re-make de la famosa frase"},"content":{"rendered":"<p><img src=\"http:\/\/cordobainforma.info\/wp-content\/uploads\/2021\/06\/hermosa-manana-verdad-francella-y-los-palmeras-celebraron-la-final-entre-racing-y-colon-con-una-re-make-de-la-famosa-frase.jpg\"><\/p>\n<div><img src=\"http:\/\/cordobainforma.info\/wp-content\/uploads\/2021\/06\/hermosa-manana-verdad-francella-y-los-palmeras-celebraron-la-final-entre-racing-y-colon-con-una-re-make-de-la-famosa-frase-2.jpg\" class=\"ff-og-image-inserted\"><\/div>\n<p>Este lunes, en un inici\u00f3 de semana distinto, se jugaron las dos semifinales de la Copa de la Liga que le pusieron&nbsp;nombres propios que definir\u00e1n el certamen este&nbsp;viernes y los finalistas ser\u00e1n&nbsp;<a alt=\"racing-club\" class=\"slug\" href=\"https:\/\/www.clarin.com\/tema\/racing-club.html\" target=\"_blank\" title=\"racing-club\" rel=\"noopener noreferrer\">Racing<\/a> y <a alt=\"colon-de-santa-fe\" class=\"slug\" href=\"https:\/\/www.clarin.com\/tema\/colon-de-santa-fe.html\" target=\"_blank\" title=\"colon-de-santa-fe\" rel=\"noopener noreferrer\">Col\u00f3n<\/a>. Ambos clubes tienen como c\u00e9lebres hinchas a ic\u00f3nicas figuras argentinas&nbsp;que, a modo de festejo se unieron para realizar una nueva versi\u00f3n de una famosa frase.<\/p>\n<p>Los primeros son <strong><a alt=\"los-palmeras\" class=\"slug\" href=\"https:\/\/www.clarin.com\/tema\/los-palmeras.html\" target=\"_blank\" title=\"los-palmeras\" rel=\"noopener noreferrer\">Los Palmeras<\/a>, conocidos por ser fan\u00e1ticos de Col\u00f3n de Santa Fe<\/strong>. Hace dos a\u00f1os, fueron trending topic cuando protagonizaron el show previo a la final de la Copa Sudamericana del 2019 con el hit &#8216;Sabalero&#8217; que se convirti\u00f3 en el boom del momento.<\/p>\n<p>Y el otro es <strong>Guillermo Francella quien desde hace a\u00f1os se muestra como un embajador de la Academia<\/strong>. Desde sus primeras apariciones en De carne somos, donde dorm\u00eda con una camiseta de Racing de piqu\u00e9 hasta su c\u00e9lebre texto en El secreto de sus ojos: \u00abTe das cuenta Benjam\u00edn, <strong>el tipo puede cambiar de todo: de cara, de casa, de familia, de novia, de religi\u00f3n, de Dios<\/strong>. Pero hay una cosa que no puede cambiar, Benjam\u00edn: <strong>no puede cambiar de pasi\u00f3n<\/strong>\u00ab. <\/p>\n<p>Pero su frase m\u00e1s graciosa, gen\u00e9rica por cierto, no habla de f\u00fatbol y forma parte de la pel\u00edcula Extermineitors 4: \u00abHermosa ma\u00f1ana, verdad&#8230;\u00bb, dice Francella con su gracia habitual. Y se convierte en de culto.<\/p>\n<p>En diciembre de 2019, cuando Racing consigui\u00f3 el Trofeo de Campeones frente a Tigre, el actor volvi\u00f3 a grabarla, vestido con ropa de celeste y blanca que hac\u00eda referencia al nuevo t\u00edtulo. Pero despu\u00e9s, la escena original empez\u00f3 a ser usada por&nbsp;los hinchas de todos los equipos.&nbsp;&nbsp;<\/p>\n<p>Ahora, tras la confirmaci\u00f3n de la final entre Racing y Col\u00f3n, Guillermo Francella y Los Palmeras aprovecharon que estaban filmando juntos para Netflix y ofrecieron una nueva versi\u00f3n de la frase: el actor vestido con una camisa celeste y una campera de cuero y los m\u00fasicos vestidos de traje rojo. \u00abHermosa ma\u00f1ana, verdad\u00bb, se adelanta Guille y le da paso a los Palmeras en una escena poco ensayada pero que no tard\u00f3 en hacerse viral.<\/p>\n<p>As\u00ed, Francella y los&nbsp;m\u00fasicos santafesinos&nbsp;instalaron una nueva versi\u00f3n del latiguillo&nbsp;que ya usan todos los hinchas del f\u00fatbol argentino. Habr\u00e1 que ver qu\u00e9 pasa el s\u00e1bado cuando s\u00f3lo uno termine celebrando la obtenci\u00f3n de la Copa de la Liga. \u00bfDe qui\u00e9n ser\u00e1 la hermosa ma\u00f1ana?<\/p>\n<div class=\"entry-tags\">\n<h2>TEMAS QUE APARECEN EN ESTA NOTA<\/h2>\n<\/p><\/div>\n","protected":false},"excerpt":{"rendered":"<p>Este lunes, en un inici\u00f3 de semana distinto, se jugaron las dos semifinales de la Copa de la Liga que le pusieron&nbsp;nombres propios que definir\u00e1n el certamen este&nbsp;viernes y los finalistas ser\u00e1n&nbsp;Racing y Col\u00f3n. Ambos clubes tienen como c\u00e9lebres hinchas a ic\u00f3nicas figuras argentinas&nbsp;que, a modo de festejo se unieron para realizar una nueva versi\u00f3n [&hellip;]<\/p>\n","protected":false},"author":1,"featured_media":14000,"comment_status":"closed","ping_status":"closed","sticky":false,"template":"","format":"standard","meta":[],"categories":[20],"tags":[],"_links":{"self":[{"href":"http:\/\/cordobainforma.info\/index.php\/wp-json\/wp\/v2\/posts\/13999"}],"collection":[{"href":"http:\/\/cordobainforma.info\/index.php\/wp-json\/wp\/v2\/posts"}],"about":[{"href":"http:\/\/cordobainforma.info\/index.php\/wp-json\/wp\/v2\/types\/post"}],"author":[{"embeddable":true,"href":"http:\/\/cordobainforma.info\/index.php\/wp-json\/wp\/v2\/users\/1"}],"replies":[{"embeddable":true,"href":"http:\/\/cordobainforma.info\/index.php\/wp-json\/wp\/v2\/comments?post=13999"}],"version-history":[{"count":0,"href":"http:\/\/cordobainforma.info\/index.php\/wp-json\/wp\/v2\/posts\/13999\/revisions"}],"wp:featuredmedia":[{"embeddable":true,"href":"http:\/\/cordobainforma.info\/index.php\/wp-json\/wp\/v2\/media\/14000"}],"wp:attachment":[{"href":"http:\/\/cordobainforma.info\/index.php\/wp-json\/wp\/v2\/media?parent=13999"}],"wp:term":[{"taxonomy":"category","embeddable":true,"href":"http:\/\/cordobainforma.info\/index.php\/wp-json\/wp\/v2\/categories?post=13999"},{"taxonomy":"post_tag","embeddable":true,"href":"http:\/\/cordobainforma.info\/index.php\/wp-json\/wp\/v2\/tags?post=13999"}],"curies":[{"name":"wp","href":"https:\/\/api.w.org\/{rel}","templated":true}]}}