{"id":13993,"date":"2021-06-01T13:25:00","date_gmt":"2021-06-01T13:25:00","guid":{"rendered":"https:\/\/ahora.com.ar\/\/scaloni-incluyo-al-gualeyo-lisandro-martinez-un-probable-equipo-titular-n4236824"},"modified":"2021-06-01T13:25:00","modified_gmt":"2021-06-01T13:25:00","slug":"scaloni-incluyo-al-gualeyo-lisandro-martinez-en-un-probable-equipo-titular","status":"publish","type":"post","link":"http:\/\/cordobainforma.info\/index.php\/2021\/06\/01\/scaloni-incluyo-al-gualeyo-lisandro-martinez-en-un-probable-equipo-titular\/","title":{"rendered":"Scaloni incluy\u00f3 al gualeyo Lisandro Mart\u00ednez en un probable equipo titular"},"content":{"rendered":"<div><img src=\"http:\/\/cordobainforma.info\/wp-content\/uploads\/2021\/06\/scaloni-incluyo-al-gualeyo-lisandro-martinez-en-un-probable-equipo-titular.jpg\" class=\"ff-og-image-inserted\"><\/div>\n<div id=\"article-post\">\n<header class=\"article-info-wrapper\" readability=\"26.842565597668\">\n<p><span class=\"fecha-detallenota\">01 de junio de 2021 &#8211; 10:06<\/span><\/p>\n<p class=\"interiorCopete\"> El oriundo de Gualeguay pide pista para ser titular ante Chile. El entrenador de la Selecci\u00f3n lo incluy\u00f3 dentro de un posible once titular para afrontar el primer partido de Eliminatorias<\/p>\n<\/header>\n<\/div>\n<div id=\"article-post\">\n<div class=\"cuerpo\" data-twitter-link=\"https:\/\/twitter.com\/intent\/tweet?url=https:\/\/ahora.com.ar\/c4236824&amp;via=PlataformaAhora&amp;related=Ahora&amp;text=\" readability=\"13\">\n<p class=\"capital\"><strong>Lionel Scaloni<\/strong> contin\u00faa d\u00e1ndole forma a la Selecci\u00f3n Argentina y, si bien hay puestos asegurados, el oriundo de Gualeguay, <strong>Lisandro Mart\u00ednez<\/strong>, se meti\u00f3 en la discusi\u00f3n y pide pista para ser titular ante Chile por las Eliminatorias.<\/p>\n<\/div>\n<\/div>\n<div id=\"article-post\">\n<div class=\"cuerpo\" data-twitter-link=\"https:\/\/twitter.com\/intent\/tweet?url=https:\/\/ahora.com.ar\/c4236824&amp;via=PlataformaAhora&amp;related=Ahora&amp;text=\" readability=\"21\">\n<p class=\"capital\">En el \u00faltimo entrenamiento, el DT prob\u00f3 con <strong>Armani y Mart\u00ednez; Foyth, Mart\u00ednez Quarta, Pezzella, Lisandro Mart\u00ednez; De Paul, Paredes, Acu\u00f1a; Ocampos, Lautaro Mart\u00ednez y Messi.<\/strong><\/p>\n<p class=\"capital\">De esta manera, el entrerriano se meti\u00f3 en la formaci\u00f3n de los titulares en lugar de Nicol\u00e1s Tagliafico. En tanto, Marcos Acu\u00f1a ocup\u00f3 el puesto de Giovani Lo Celso. Ambos podr\u00edan ser la sorpresa del entrenador para el partido del jueves.<\/p>\n<\/div>\n<\/div>\n","protected":false},"excerpt":{"rendered":"<p>01 de junio de 2021 &#8211; 10:06 El oriundo de Gualeguay pide pista para ser titular ante Chile. El entrenador de la Selecci\u00f3n lo incluy\u00f3 dentro de un posible once titular para afrontar el primer partido de Eliminatorias Lionel Scaloni contin\u00faa d\u00e1ndole forma a la Selecci\u00f3n Argentina y, si bien hay puestos asegurados, el oriundo [&hellip;]<\/p>\n","protected":false},"author":1,"featured_media":13994,"comment_status":"closed","ping_status":"closed","sticky":false,"template":"","format":"standard","meta":[],"categories":[20],"tags":[],"_links":{"self":[{"href":"http:\/\/cordobainforma.info\/index.php\/wp-json\/wp\/v2\/posts\/13993"}],"collection":[{"href":"http:\/\/cordobainforma.info\/index.php\/wp-json\/wp\/v2\/posts"}],"about":[{"href":"http:\/\/cordobainforma.info\/index.php\/wp-json\/wp\/v2\/types\/post"}],"author":[{"embeddable":true,"href":"http:\/\/cordobainforma.info\/index.php\/wp-json\/wp\/v2\/users\/1"}],"replies":[{"embeddable":true,"href":"http:\/\/cordobainforma.info\/index.php\/wp-json\/wp\/v2\/comments?post=13993"}],"version-history":[{"count":0,"href":"http:\/\/cordobainforma.info\/index.php\/wp-json\/wp\/v2\/posts\/13993\/revisions"}],"wp:featuredmedia":[{"embeddable":true,"href":"http:\/\/cordobainforma.info\/index.php\/wp-json\/wp\/v2\/media\/13994"}],"wp:attachment":[{"href":"http:\/\/cordobainforma.info\/index.php\/wp-json\/wp\/v2\/media?parent=13993"}],"wp:term":[{"taxonomy":"category","embeddable":true,"href":"http:\/\/cordobainforma.info\/index.php\/wp-json\/wp\/v2\/categories?post=13993"},{"taxonomy":"post_tag","embeddable":true,"href":"http:\/\/cordobainforma.info\/index.php\/wp-json\/wp\/v2\/tags?post=13993"}],"curies":[{"name":"wp","href":"https:\/\/api.w.org\/{rel}","templated":true}]}}