{"id":13979,"date":"2021-05-31T18:59:07","date_gmt":"2021-05-31T18:59:07","guid":{"rendered":"https:\/\/www.mujerhoy.com\/moda\/no-te-pierdas\/202105\/31\/mono-mango-barato-arrasa-influencers-ponible-favorece-look-invitada-primavera-verano-20210517093952.html"},"modified":"2021-05-31T18:59:07","modified_gmt":"2021-05-31T18:59:07","slug":"para-el-dia-a-dia-o-como-look-de-invitada-este-es-el-mono-de-mango-que-triunfa-entre-las-influencers-y-que-te-pondras-con-todo","status":"publish","type":"post","link":"http:\/\/cordobainforma.info\/index.php\/2021\/05\/31\/para-el-dia-a-dia-o-como-look-de-invitada-este-es-el-mono-de-mango-que-triunfa-entre-las-influencers-y-que-te-pondras-con-todo\/","title":{"rendered":"Para el d\u00eda a d\u00eda o como look de invitada: Este es el mono de Mango que triunfa entre las influencers y que te pondr\u00e1s con todo"},"content":{"rendered":"<p>Adem\u00e1s, de <a href=\"https:\/\/www.mujerhoy.com\/moda\/no-te-pierdas\/202105\/16\/pantalones-mango-baratos-arrasan-influencers-bonitos-favorecedores-rocio-osorno-mejor-eleccion-primavera-lluvia-sol-20210512135230.html\" target=\"_blank\" rel=\"noopener noreferrer\">estos pantalones tan bonitos<\/a>, ha habido otra prenda de<strong> la nueva coelcci\u00f3n de Mango <\/strong>que ha gustado (y mucho) a las influencers. Se trata un mono muyu original que os ha descubierto <strong>Grace Villarreal<\/strong> y que nos encanta porque es una propuesta a la que puedes sacarle much\u00edsimo partido. Es una prenda muy ponible como<a href=\"https:\/\/www.mujerhoy.com\/moda\/no-te-pierdas\/202105\/10\/mocasines-mango-calzado-comodo-salvar-conjuntos-entretiempo-primavera-20210510170151.html\" target=\"_blank\" rel=\"noopener noreferrer\"> estos mocasines tambi\u00e9n de Mango<\/a> que vas a querer copiar en cuanto veas.<\/p>\n<p>Grace quiso compartir con sus seguidores cu\u00e1l hab\u00eda sido su \u00faltima compra y habl\u00f3 del <strong>mono de Mango<\/strong> con el que estaba encantada. \u00ab<strong>Este mono de raso me tiene enamorada<\/strong>. Tanto en el d\u00eda a d\u00eda con zapatillas, como con sandalias de tac\u00f3n de tias finas para una ocasi\u00f3n especial\u00bb, coment\u00f3 sobre esta prenda low cost.<\/p>\n<p>Se trata de un <strong>mono satinado, en tejido fluido y en un color marr\u00f3n chocolate<\/strong> de lo m\u00e1s favorecedor. Es una prenda que lleva un bonito y elegante <strong>escote cruzado<\/strong> en la parte frontal que deja los hombros al aire y una espalda muy original. Es de <strong>corte recto<\/strong> en la pernera, pero lleva la<strong> cintura el\u00e1stica<\/strong> por lo que hace que siente de maravilla y sea de lo m\u00e1s c\u00f3modo.<\/p>\n<div class=\"comp_mm\">\n<figure><picture><source srcset=\"http:\/\/cordobainforma.info\/wp-content\/uploads\/2021\/05\/para-el-dia-a-dia-o-como-look-de-invitada-este-es-el-mono-de-mango-que-triunfa-entre-las-influencers-y-que-te-pondras-con-todo.jpg, http:\/\/cordobainforma.info\/wp-content\/uploads\/2021\/05\/para-el-dia-a-dia-o-como-look-de-invitada-este-es-el-mono-de-mango-que-triunfa-entre-las-influencers-y-que-te-pondras-con-todo.jpg 2x\" media=\"(min-width: 1054px)\"><source srcset=\"http:\/\/cordobainforma.info\/wp-content\/uploads\/2021\/05\/para-el-dia-a-dia-o-como-look-de-invitada-este-es-el-mono-de-mango-que-triunfa-entre-las-influencers-y-que-te-pondras-con-todo.jpg, http:\/\/cordobainforma.info\/wp-content\/uploads\/2021\/05\/para-el-dia-a-dia-o-como-look-de-invitada-este-es-el-mono-de-mango-que-triunfa-entre-las-influencers-y-que-te-pondras-con-todo.jpg 2x\" media=\"(min-width: 720px)\"><source srcset=\"https:\/\/resizer.mujerhoy.com\/resizer\/resizer.php?imagen=http:\/\/cordobainforma.info\/wp-content\/uploads\/2021\/05\/para-el-dia-a-dia-o-como-look-de-invitada-este-es-el-mono-de-mango-que-triunfa-entre-las-influencers-y-que-te-pondras-con-todo.jpg&amp;nuevoalto=714&amp;nuevoancho=476\"><img src=\"http:\/\/cordobainforma.info\/wp-content\/uploads\/2021\/05\/para-el-dia-a-dia-o-como-look-de-invitada-este-es-el-mono-de-mango-que-triunfa-entre-las-influencers-y-que-te-pondras-con-todo.jpg\" alt title itemprop=\"image\"><\/picture><figcaption><\/figcaption><\/figure>\n<\/div>\n<p><strong>Cuesta 39,99 euros <\/strong>y, como la propia Grace ha explicado, se trata de una prenda muy ponible que, dependiendo de como la combines, podr\u00e1s usarla en una ocasi\u00f3n u otra. De hecho, ella lo us\u00f3 como look para el d\u00eda a d\u00eda con <strong>unas zapatillas y una blazer fluida y larga<\/strong>. Sin embargo, si a\u00f1ades un taconazo y pendientes llamativos podr\u00e1s arrasar en tu pr\u00f3ximo evento. Est\u00e1 disponibles<strong> desde la talla XS a la XL<\/strong> (aunque auguramos que o por mucho tiempo) y el color no te termina de convencer, debes saber que tambi\u00e9n <strong>puedes hacerte con \u00e9l en negro<\/strong>. \u00bfT\u00fa tambi\u00e9n lo quieres?<\/p>\n<div class=\"tb-interesa\">\n<h3>Tambi\u00e9n te interesa<\/h3>\n<\/div>\n","protected":false},"excerpt":{"rendered":"<p>Adem\u00e1s, de estos pantalones tan bonitos, ha habido otra prenda de la nueva coelcci\u00f3n de Mango que ha gustado (y mucho) a las influencers. Se trata un mono muyu original que os ha descubierto Grace Villarreal y que nos encanta porque es una propuesta a la que puedes sacarle much\u00edsimo partido. Es una prenda muy [&hellip;]<\/p>\n","protected":false},"author":1,"featured_media":13980,"comment_status":"closed","ping_status":"closed","sticky":false,"template":"","format":"standard","meta":[],"categories":[24],"tags":[],"_links":{"self":[{"href":"http:\/\/cordobainforma.info\/index.php\/wp-json\/wp\/v2\/posts\/13979"}],"collection":[{"href":"http:\/\/cordobainforma.info\/index.php\/wp-json\/wp\/v2\/posts"}],"about":[{"href":"http:\/\/cordobainforma.info\/index.php\/wp-json\/wp\/v2\/types\/post"}],"author":[{"embeddable":true,"href":"http:\/\/cordobainforma.info\/index.php\/wp-json\/wp\/v2\/users\/1"}],"replies":[{"embeddable":true,"href":"http:\/\/cordobainforma.info\/index.php\/wp-json\/wp\/v2\/comments?post=13979"}],"version-history":[{"count":0,"href":"http:\/\/cordobainforma.info\/index.php\/wp-json\/wp\/v2\/posts\/13979\/revisions"}],"wp:featuredmedia":[{"embeddable":true,"href":"http:\/\/cordobainforma.info\/index.php\/wp-json\/wp\/v2\/media\/13980"}],"wp:attachment":[{"href":"http:\/\/cordobainforma.info\/index.php\/wp-json\/wp\/v2\/media?parent=13979"}],"wp:term":[{"taxonomy":"category","embeddable":true,"href":"http:\/\/cordobainforma.info\/index.php\/wp-json\/wp\/v2\/categories?post=13979"},{"taxonomy":"post_tag","embeddable":true,"href":"http:\/\/cordobainforma.info\/index.php\/wp-json\/wp\/v2\/tags?post=13979"}],"curies":[{"name":"wp","href":"https:\/\/api.w.org\/{rel}","templated":true}]}}