{"id":13977,"date":"2021-05-31T00:43:59","date_gmt":"2021-05-31T00:43:59","guid":{"rendered":"http:\/\/playfmradio.com\/?p=14617"},"modified":"2021-05-31T00:43:59","modified_gmt":"2021-05-31T00:43:59","slug":"el-regreso-de-friends","status":"publish","type":"post","link":"http:\/\/cordobainforma.info\/index.php\/2021\/05\/31\/el-regreso-de-friends\/","title":{"rendered":"El regreso de Friends"},"content":{"rendered":"<p><em>Se estren\u00f3 en Estados Unidos y Europa un episodio especial del grupo de amigos m\u00e1s famoso de todo el mundo<\/em>.<\/p>\n<p>\u00a1Una larga espera! Pasaron 17 a\u00f1os desde suultimo episodio, pero este jueves, la serievolvi\u00f3con un programa especial &nbsp;\u201cFriends TheReuni\u00f3n\u201d que reuni\u00f3 a los 6 protagonistas mas vistos de la d\u00e9cada de los \u201890.<\/p>\n<p>En Argentina y Am\u00e9rica Latina, este especial podr\u00e1 verse a partir del 29 de junio a trav\u00e9s de la plataforma HBO Max.<\/p>\n<p>El programa tambi\u00e9n cont\u00f3 con la aparici\u00f3n de otros actores que pasaron por la serie, adem\u00e1s, participaron famosos como David Beckham, Justin Bieber, Lady Gaga, ElliotGould,&nbsp;Thomas Lennon, Christina Pickles y MalalaYousafzai.<\/p>\n<p>Por: Carla Madera<\/p>\n<p><a class=\"synved-social-button synved-social-button-share synved-social-size-32 synved-social-resolution-single synved-social-provider-facebook nolightbox\" data-provider=\"facebook\" target=\"_blank\" rel=\"nofollow noopener noreferrer\" title=\"Share on Facebook\" href=\"http:\/\/www.facebook.com\/sharer.php?u=http%3A%2F%2Fplayfmradio.com%2Fel-regreso-de-friends%2F&amp;t=El%20regreso%20de%20Friends&amp;s=100&amp;p[url]=http%3A%2F%2Fplayfmradio.com%2Fel-regreso-de-friends%2F&amp;p[images][0]=http%3A%2F%2Fplayfmradio.com%2Fwp-content%2Fuploads%2F2021%2F05%2F11-reunion-ist-endlich-abgedreht-3-2-spoton-article-765403.jpg&amp;p[title]=El%20regreso%20de%20Friends\"><img loading=\"lazy\" alt=\"Facebook\" title=\"Share on Facebook\" class=\"synved-share-image synved-social-image synved-social-image-share\" width=\"32\" height=\"32\" src=\"http:\/\/cordobainforma.info\/wp-content\/uploads\/2021\/05\/el-regreso-de-friends.png\"><\/a><a class=\"synved-social-button synved-social-button-share synved-social-size-32 synved-social-resolution-single synved-social-provider-twitter nolightbox\" data-provider=\"twitter\" target=\"_blank\" rel=\"nofollow noopener noreferrer\" title=\"Share on Twitter\" href=\"https:\/\/twitter.com\/intent\/tweet?url=http%3A%2F%2Fplayfmradio.com%2Fel-regreso-de-friends%2F&amp;text=Compartido%20de%20Playfmradio.com\"><img loading=\"lazy\" alt=\"twitter\" title=\"Share on Twitter\" class=\"synved-share-image synved-social-image synved-social-image-share\" width=\"32\" height=\"32\" src=\"http:\/\/cordobainforma.info\/wp-content\/uploads\/2021\/05\/el-regreso-de-friends-1.png\"><\/a><a class=\"synved-social-button synved-social-button-share synved-social-size-32 synved-social-resolution-single synved-social-provider-pinterest nolightbox\" data-provider=\"pinterest\" target=\"_blank\" rel=\"nofollow noopener noreferrer\" title=\"Pin it with Pinterest\" href=\"http:\/\/pinterest.com\/pin\/create\/button\/?url=http%3A%2F%2Fplayfmradio.com%2Fel-regreso-de-friends%2F&amp;media=http%3A%2F%2Fplayfmradio.com%2Fwp-content%2Fuploads%2F2021%2F05%2F11-reunion-ist-endlich-abgedreht-3-2-spoton-article-765403.jpg&amp;description=El%20regreso%20de%20Friends\"><img loading=\"lazy\" alt=\"pinterest\" title=\"Pin it with Pinterest\" class=\"synved-share-image synved-social-image synved-social-image-share\" width=\"32\" height=\"32\" src=\"http:\/\/cordobainforma.info\/wp-content\/uploads\/2021\/05\/el-regreso-de-friends-2.png\"><\/a><a class=\"synved-social-button synved-social-button-share synved-social-size-32 synved-social-resolution-single synved-social-provider-tumblr nolightbox\" data-provider=\"tumblr\" target=\"_blank\" rel=\"nofollow noopener noreferrer\" title=\"Share on tumblr\" href=\"http:\/\/tumblr.com\/share?s=&amp;v=3&amp;t=El%20regreso%20de%20Friends&amp;u=http%3A%2F%2Fplayfmradio.com%2Fel-regreso-de-friends%2F\"><img loading=\"lazy\" alt=\"tumblr\" title=\"Share on tumblr\" class=\"synved-share-image synved-social-image synved-social-image-share\" width=\"32\" height=\"32\" src=\"http:\/\/cordobainforma.info\/wp-content\/uploads\/2021\/05\/el-regreso-de-friends-3.png\"><\/a><a class=\"synved-social-button synved-social-button-share synved-social-size-32 synved-social-resolution-single synved-social-provider-mail nolightbox\" data-provider=\"mail\" rel=\"nofollow\" title=\"Share by email\" href=\"mailto:?subject=El%20regreso%20de%20Friends&amp;body=Compartido%20de%20Playfmradio.com:%20http%3A%2F%2Fplayfmradio.com%2Fel-regreso-de-friends%2F\"><img loading=\"lazy\" alt=\"mail\" title=\"Share by email\" class=\"synved-share-image synved-social-image synved-social-image-share\" width=\"32\" height=\"32\" src=\"http:\/\/cordobainforma.info\/wp-content\/uploads\/2021\/05\/el-regreso-de-friends-4.png\"><\/a> <!-- AUTHOR PART ========================= --> <!-- AUTHOR PART END ========================= --> <\/p>\n","protected":false},"excerpt":{"rendered":"<p>Se estren\u00f3 en Estados Unidos y Europa un episodio especial del grupo de amigos m\u00e1s famoso de todo el mundo. \u00a1Una larga espera! Pasaron 17 a\u00f1os desde suultimo episodio, pero este jueves, la serievolvi\u00f3con un programa especial &nbsp;\u201cFriends TheReuni\u00f3n\u201d que reuni\u00f3 a los 6 protagonistas mas vistos de la d\u00e9cada de los \u201890. En Argentina [&hellip;]<\/p>\n","protected":false},"author":1,"featured_media":13978,"comment_status":"closed","ping_status":"closed","sticky":false,"template":"","format":"standard","meta":[],"categories":[23],"tags":[],"_links":{"self":[{"href":"http:\/\/cordobainforma.info\/index.php\/wp-json\/wp\/v2\/posts\/13977"}],"collection":[{"href":"http:\/\/cordobainforma.info\/index.php\/wp-json\/wp\/v2\/posts"}],"about":[{"href":"http:\/\/cordobainforma.info\/index.php\/wp-json\/wp\/v2\/types\/post"}],"author":[{"embeddable":true,"href":"http:\/\/cordobainforma.info\/index.php\/wp-json\/wp\/v2\/users\/1"}],"replies":[{"embeddable":true,"href":"http:\/\/cordobainforma.info\/index.php\/wp-json\/wp\/v2\/comments?post=13977"}],"version-history":[{"count":0,"href":"http:\/\/cordobainforma.info\/index.php\/wp-json\/wp\/v2\/posts\/13977\/revisions"}],"wp:featuredmedia":[{"embeddable":true,"href":"http:\/\/cordobainforma.info\/index.php\/wp-json\/wp\/v2\/media\/13978"}],"wp:attachment":[{"href":"http:\/\/cordobainforma.info\/index.php\/wp-json\/wp\/v2\/media?parent=13977"}],"wp:term":[{"taxonomy":"category","embeddable":true,"href":"http:\/\/cordobainforma.info\/index.php\/wp-json\/wp\/v2\/categories?post=13977"},{"taxonomy":"post_tag","embeddable":true,"href":"http:\/\/cordobainforma.info\/index.php\/wp-json\/wp\/v2\/tags?post=13977"}],"curies":[{"name":"wp","href":"https:\/\/api.w.org\/{rel}","templated":true}]}}