{"id":13975,"date":"2021-05-31T13:29:05","date_gmt":"2021-05-31T13:29:05","guid":{"rendered":"http:\/\/playfmradio.com\/?p=14620"},"modified":"2021-05-31T13:29:05","modified_gmt":"2021-05-31T13:29:05","slug":"que-mas-pues","status":"publish","type":"post","link":"http:\/\/cordobainforma.info\/index.php\/2021\/05\/31\/que-mas-pues\/","title":{"rendered":"Qu\u00e9 m\u00e1s pues?"},"content":{"rendered":"<p><em>J Balvin estreno su nuevo tema junto a la quilme\u00f1a Maria Becerra.<\/em><\/p>\n<p>El artista urbano present\u00f3 con un videoclip una historia de amor protagonizada por \u00e9l mismo en conjunto con la cantante argentina. Este sencillo llega despu\u00e9s de que Balvin ganara el premio al Artista Latino Pop\/Reguet\u00f3n del A\u00f1o en los iHeartRadio Music Awards.<\/p>\n<p>J Balvin es uno de los artistas multiplatino m\u00e1s consumidos en la actualidad. Tiene m\u00e1s de 48 mil millones de reproducciones en lo que va de su carrera y m\u00e1s de 52 mil millones de oyentes mensuales en Spotify, lo que lo convierte en el artista latino m\u00e1s escuchado en la plataforma y el sexto en el mundo.<\/p>\n<p>En relaci\u00f3n a la quilme\u00f1a, el colombiano dijo: \u201cCreo que Mar\u00eda puede ser una de las mujeres m\u00e1s relevantes en la historia de la m\u00fasica argentina, pero legendaria\u201d.<\/p>\n<p><iframe title=\"J. Balvin, Maria Becerra - Qu\u00e9 M\u00e1s Pues? (Official Video)\" width=\"1170\" height=\"658\" src=\"https:\/\/www.youtube.com\/embed\/zisuhZqTeH4?feature=oembed\" frameborder=\"0\" allow=\"accelerometer; autoplay; clipboard-write; encrypted-media; gyroscope; picture-in-picture\" allowfullscreen>[embedded content]<\/iframe><\/p>\n<p><strong>Por: Cynthia Oliva<\/strong><\/p>\n<p> <a class=\"synved-social-button synved-social-button-share synved-social-size-32 synved-social-resolution-single synved-social-provider-facebook nolightbox\" data-provider=\"facebook\" target=\"_blank\" rel=\"nofollow noopener noreferrer\" title=\"Share on Facebook\" href=\"http:\/\/www.facebook.com\/sharer.php?u=http%3A%2F%2Fplayfmradio.com%2Fque-mas-pues%2F&amp;t=Qu%C3%A9%20m%C3%A1s%20pues%3F&amp;s=100&amp;p[url]=http%3A%2F%2Fplayfmradio.com%2Fque-mas-pues%2F&amp;p[images][0]=http%3A%2F%2Fplayfmradio.com%2Fwp-content%2Fuploads%2F2021%2F05%2FJ-Balvin-toca-a-Maria-Becerra-para-la-nueva-cancion.jpg&amp;p[title]=Qu%C3%A9%20m%C3%A1s%20pues%3F\"><img loading=\"lazy\" alt=\"Facebook\" title=\"Share on Facebook\" class=\"synved-share-image synved-social-image synved-social-image-share\" width=\"32\" height=\"32\" src=\"http:\/\/cordobainforma.info\/wp-content\/uploads\/2021\/05\/que-mas-pues.png\"><\/a><a class=\"synved-social-button synved-social-button-share synved-social-size-32 synved-social-resolution-single synved-social-provider-twitter nolightbox\" data-provider=\"twitter\" target=\"_blank\" rel=\"nofollow noopener noreferrer\" title=\"Share on Twitter\" href=\"https:\/\/twitter.com\/intent\/tweet?url=http%3A%2F%2Fplayfmradio.com%2Fque-mas-pues%2F&amp;text=Compartido%20de%20Playfmradio.com\"><img loading=\"lazy\" alt=\"twitter\" title=\"Share on Twitter\" class=\"synved-share-image synved-social-image synved-social-image-share\" width=\"32\" height=\"32\" src=\"http:\/\/cordobainforma.info\/wp-content\/uploads\/2021\/05\/que-mas-pues-1.png\"><\/a><a class=\"synved-social-button synved-social-button-share synved-social-size-32 synved-social-resolution-single synved-social-provider-pinterest nolightbox\" data-provider=\"pinterest\" target=\"_blank\" rel=\"nofollow noopener noreferrer\" title=\"Pin it with Pinterest\" href=\"http:\/\/pinterest.com\/pin\/create\/button\/?url=http%3A%2F%2Fplayfmradio.com%2Fque-mas-pues%2F&amp;media=http%3A%2F%2Fplayfmradio.com%2Fwp-content%2Fuploads%2F2021%2F05%2FJ-Balvin-toca-a-Maria-Becerra-para-la-nueva-cancion.jpg&amp;description=Qu%C3%A9%20m%C3%A1s%20pues%3F\"><img loading=\"lazy\" alt=\"pinterest\" title=\"Pin it with Pinterest\" class=\"synved-share-image synved-social-image synved-social-image-share\" width=\"32\" height=\"32\" src=\"http:\/\/cordobainforma.info\/wp-content\/uploads\/2021\/05\/que-mas-pues-2.png\"><\/a><a class=\"synved-social-button synved-social-button-share synved-social-size-32 synved-social-resolution-single synved-social-provider-tumblr nolightbox\" data-provider=\"tumblr\" target=\"_blank\" rel=\"nofollow noopener noreferrer\" title=\"Share on tumblr\" href=\"http:\/\/tumblr.com\/share?s=&amp;v=3&amp;t=Qu%C3%A9%20m%C3%A1s%20pues%3F&amp;u=http%3A%2F%2Fplayfmradio.com%2Fque-mas-pues%2F\"><img loading=\"lazy\" alt=\"tumblr\" title=\"Share on tumblr\" class=\"synved-share-image synved-social-image synved-social-image-share\" width=\"32\" height=\"32\" src=\"http:\/\/cordobainforma.info\/wp-content\/uploads\/2021\/05\/que-mas-pues-3.png\"><\/a><a class=\"synved-social-button synved-social-button-share synved-social-size-32 synved-social-resolution-single synved-social-provider-mail nolightbox\" data-provider=\"mail\" rel=\"nofollow\" title=\"Share by email\" href=\"mailto:?subject=Qu%C3%A9%20m%C3%A1s%20pues%3F&amp;body=Compartido%20de%20Playfmradio.com:%20http%3A%2F%2Fplayfmradio.com%2Fque-mas-pues%2F\"><img loading=\"lazy\" alt=\"mail\" title=\"Share by email\" class=\"synved-share-image synved-social-image synved-social-image-share\" width=\"32\" height=\"32\" src=\"http:\/\/cordobainforma.info\/wp-content\/uploads\/2021\/05\/que-mas-pues-4.png\"><\/a> <!-- AUTHOR PART ========================= --> <!-- AUTHOR PART END ========================= --> <\/p>\n","protected":false},"excerpt":{"rendered":"<p>J Balvin estreno su nuevo tema junto a la quilme\u00f1a Maria Becerra. El artista urbano present\u00f3 con un videoclip una historia de amor protagonizada por \u00e9l mismo en conjunto con la cantante argentina. Este sencillo llega despu\u00e9s de que Balvin ganara el premio al Artista Latino Pop\/Reguet\u00f3n del A\u00f1o en los iHeartRadio Music Awards. J [&hellip;]<\/p>\n","protected":false},"author":1,"featured_media":13976,"comment_status":"closed","ping_status":"closed","sticky":false,"template":"","format":"standard","meta":[],"categories":[23],"tags":[],"_links":{"self":[{"href":"http:\/\/cordobainforma.info\/index.php\/wp-json\/wp\/v2\/posts\/13975"}],"collection":[{"href":"http:\/\/cordobainforma.info\/index.php\/wp-json\/wp\/v2\/posts"}],"about":[{"href":"http:\/\/cordobainforma.info\/index.php\/wp-json\/wp\/v2\/types\/post"}],"author":[{"embeddable":true,"href":"http:\/\/cordobainforma.info\/index.php\/wp-json\/wp\/v2\/users\/1"}],"replies":[{"embeddable":true,"href":"http:\/\/cordobainforma.info\/index.php\/wp-json\/wp\/v2\/comments?post=13975"}],"version-history":[{"count":0,"href":"http:\/\/cordobainforma.info\/index.php\/wp-json\/wp\/v2\/posts\/13975\/revisions"}],"wp:featuredmedia":[{"embeddable":true,"href":"http:\/\/cordobainforma.info\/index.php\/wp-json\/wp\/v2\/media\/13976"}],"wp:attachment":[{"href":"http:\/\/cordobainforma.info\/index.php\/wp-json\/wp\/v2\/media?parent=13975"}],"wp:term":[{"taxonomy":"category","embeddable":true,"href":"http:\/\/cordobainforma.info\/index.php\/wp-json\/wp\/v2\/categories?post=13975"},{"taxonomy":"post_tag","embeddable":true,"href":"http:\/\/cordobainforma.info\/index.php\/wp-json\/wp\/v2\/tags?post=13975"}],"curies":[{"name":"wp","href":"https:\/\/api.w.org\/{rel}","templated":true}]}}