{"id":13960,"date":"2021-05-31T13:50:00","date_gmt":"2021-05-31T13:50:00","guid":{"rendered":"https:\/\/elobjetivo.com.ar\/contenido\/34728\/la-copa-america-ya-tiene-sede-se-hara-en-brasil"},"modified":"2021-05-31T13:50:00","modified_gmt":"2021-05-31T13:50:00","slug":"la-copa-america-ya-tiene-sede-se-hara-en-brasil","status":"publish","type":"post","link":"http:\/\/cordobainforma.info\/index.php\/2021\/05\/31\/la-copa-america-ya-tiene-sede-se-hara-en-brasil\/","title":{"rendered":"La Copa Am\u00e9rica ya tiene sede: se har\u00e1 en Brasil"},"content":{"rendered":"<p><img src=\"http:\/\/cordobainforma.info\/wp-content\/uploads\/2021\/05\/la-copa-america-ya-tiene-sede-se-hara-en-brasil.jpg\"><\/p>\n<div readability=\"32\"> <img alt=\"Copa America\" class=\"img-responsive\" height=\"647\" loading=\"lazy\" sizes=\"auto\" src=\"http:\/\/cordobainforma.info\/wp-content\/uploads\/2021\/05\/la-copa-america-ya-tiene-sede-se-hara-en-brasil.jpg\" srcset=\"http:\/\/cordobainforma.info\/wp-content\/uploads\/2021\/05\/la-copa-america-ya-tiene-sede-se-hara-en-brasil.jpg 1000w, http:\/\/cordobainforma.info\/wp-content\/uploads\/2021\/05\/la-copa-america-ya-tiene-sede-se-hara-en-brasil-1.jpg 400w\" width=\"1000\"> <\/p>\n<p> <span>La Copa Am\u00e9rica ya tiene sede: se har\u00e1 en Brasil<\/span> <span>Foto: gentileza<\/span> <\/p>\n<\/p><\/div>\n<div readability=\"67.472799208704\">\n<p>La Conmebol anunci\u00f3 que la Copa Am\u00e9rica 2021 se jugar\u00e1 finalmente en Brasil en la fecha en la que se encontraba prevista -desde el 13 de junio al 11 de julio- en sedes y con fixture a confirmar en las pr\u00f3ximas horas, seg\u00fan anunci\u00f3 oficialmente la entidad este mediod\u00eda tras una reuni\u00f3n del Consejo Directivo convocada luego de la decisi\u00f3n de la Argentina de suspender su realizaci\u00f3n en el pa\u00eds.<\/p>\n<p>El ente rector del f\u00fatbol sudamericano agradeci\u00f3 al presidente Jair Bolsonaro y a los dirigentes de la Confederaci\u00f3n Brasile\u00f1a de F\u00fatbol (CBF) \u00abpor abrir las puertas de ese pa\u00eds al que es hoy en d\u00eda el evento deportivo m\u00e1s seguro del mundo\u00bb.<\/p>\n<p>\u00abBrasil recibir\u00e1 a la Conmebol Copa Am\u00e9rica 2021. El mejor f\u00fatbol del mundo llevar\u00e1 alegr\u00eda y pasi\u00f3n a millones de sudamericanos\u00bb, celebr\u00f3 el organismo con sede en Luque, Paraguay, en el comunicado en el que oficializ\u00f3 la decisi\u00f3n, anunciada a trav\u00e9s de las redes sociales.<\/p>\n<p>El torneo de selecciones m\u00e1s antiguo del mundo, cuya primera edici\u00f3n fue celebrada en 1916, regresar\u00e1 al pa\u00eds que alberg\u00f3 su anterior edici\u00f3n en 2019, ganada por el seleccionado local en la final ante Per\u00fa en R\u00edo de Janeiro.<\/p>\n<p>La opci\u00f3n de Brasil se impuso sorpresivamente por encima de otros pa\u00edses, como Chile, Paraguay y Estados Unidos, que se hab\u00edan mencionado con mayor fuerza luego de caerse los dos pa\u00edses que deb\u00edan organizarla originalmente.<\/p>\n<p>Colombia fue el primero en desertar el pasado 20 de mayo debido a la crisis social que atraviesa y anoche se formaliz\u00f3 la baja de la Argentina debido a la situaci\u00f3n sanitaria en medio de la segunda ola de coronavirus.<\/p>\n<p>Brasil es el tercer pa\u00eds del mundo en cantidad de personas infectadas por el Covid-19 y el segundo en n\u00famero de fallecidos despu\u00e9s de Estados Unidos, seg\u00fan estad\u00edsticas oficiales.<\/p>\n<p>Fuente: T\u00e9lam<\/p>\n<\/p><\/div>\n","protected":false},"excerpt":{"rendered":"<p>La Copa Am\u00e9rica ya tiene sede: se har\u00e1 en Brasil Foto: gentileza La Conmebol anunci\u00f3 que la Copa Am\u00e9rica 2021 se jugar\u00e1 finalmente en Brasil en la fecha en la que se encontraba prevista -desde el 13 de junio al 11 de julio- en sedes y con fixture a confirmar en las pr\u00f3ximas horas, seg\u00fan [&hellip;]<\/p>\n","protected":false},"author":1,"featured_media":13961,"comment_status":"open","ping_status":"closed","sticky":false,"template":"","format":"standard","meta":[],"categories":[20],"tags":[],"_links":{"self":[{"href":"http:\/\/cordobainforma.info\/index.php\/wp-json\/wp\/v2\/posts\/13960"}],"collection":[{"href":"http:\/\/cordobainforma.info\/index.php\/wp-json\/wp\/v2\/posts"}],"about":[{"href":"http:\/\/cordobainforma.info\/index.php\/wp-json\/wp\/v2\/types\/post"}],"author":[{"embeddable":true,"href":"http:\/\/cordobainforma.info\/index.php\/wp-json\/wp\/v2\/users\/1"}],"replies":[{"embeddable":true,"href":"http:\/\/cordobainforma.info\/index.php\/wp-json\/wp\/v2\/comments?post=13960"}],"version-history":[{"count":0,"href":"http:\/\/cordobainforma.info\/index.php\/wp-json\/wp\/v2\/posts\/13960\/revisions"}],"wp:featuredmedia":[{"embeddable":true,"href":"http:\/\/cordobainforma.info\/index.php\/wp-json\/wp\/v2\/media\/13961"}],"wp:attachment":[{"href":"http:\/\/cordobainforma.info\/index.php\/wp-json\/wp\/v2\/media?parent=13960"}],"wp:term":[{"taxonomy":"category","embeddable":true,"href":"http:\/\/cordobainforma.info\/index.php\/wp-json\/wp\/v2\/categories?post=13960"},{"taxonomy":"post_tag","embeddable":true,"href":"http:\/\/cordobainforma.info\/index.php\/wp-json\/wp\/v2\/tags?post=13960"}],"curies":[{"name":"wp","href":"https:\/\/api.w.org\/{rel}","templated":true}]}}