{"id":13958,"date":"2021-05-31T14:11:08","date_gmt":"2021-05-31T14:11:08","guid":{"rendered":"https:\/\/www.clarin.com\/deportes\/copa-america-final-jugara-brasil_0_Y4BVaxGPt.html"},"modified":"2021-05-31T14:11:08","modified_gmt":"2021-05-31T14:11:08","slug":"la-copa-america-al-final-se-jugara-en-brasil","status":"publish","type":"post","link":"http:\/\/cordobainforma.info\/index.php\/2021\/05\/31\/la-copa-america-al-final-se-jugara-en-brasil\/","title":{"rendered":"La Copa Am\u00e9rica, al final, se jugar\u00e1 en Brasil"},"content":{"rendered":"<p><img src=\"http:\/\/cordobainforma.info\/wp-content\/uploads\/2021\/05\/la-copa-america-al-final-se-jugara-en-brasil.jpg\"><\/p>\n<div><img src=\"http:\/\/cordobainforma.info\/wp-content\/uploads\/2021\/05\/la-copa-america-al-final-se-jugara-en-brasil-2.jpg\" class=\"ff-og-image-inserted\"><\/div>\n<p>En tiempo r\u00e9cord y despu\u00e9s de que se celebrara una reuni\u00f3n virtual de urgencia del Consejo Directivo, la Conmebol anunci\u00f3 este lunes la nueva sede de la Copa Am\u00e9rica luego de la deserci\u00f3n de la Argentina. Y hubo sorpresa porque el nuevo anfitri\u00f3n no entraba en los planes de nadie.&nbsp;El torneo <strong>se jugar\u00e1 en Brasil, el mismo pa\u00eds que organiz\u00f3 el torneo en 2019.&nbsp;<\/strong><\/p>\n<p><em>\u00ab\u00a1La CONMEBOL Copa Am\u00e9rica 2021 se jugar\u00e1 en Brasil! Las fechas de inicio y finalizaci\u00f3n del torneo est\u00e1n confirmadas. Las sedes y el fixture ser\u00e1n informados por la CONMEBOL en las pr\u00f3ximas horas. \u00a1El torneo de selecciones m\u00e1s antiguo del mundo har\u00e1 vibrar a todo el continente!\u00bb<\/em>, reza el tuit que oficializ\u00f3 la novedad.<\/p>\n<div class=\"sp__Normal htmlLibre\">\n<div class=\"embed-responsive-c\" readability=\"6.4878048780488\">\n<blockquote class=\"twitter-tweet\" readability=\"6.4878048780488\">\n<p lang=\"es\" dir=\"ltr\">\u00a1La CONMEBOL <a href=\"https:\/\/twitter.com\/CopaAmerica?ref_src=twsrc%5Etfw\">@CopaAmerica<\/a> 2021 se jugar\u00e1 en Brasil! Las fechas de inicio y finalizaci\u00f3n del torneo est\u00e1n confirmadas. Las sedes y el fixture ser\u00e1n informados por la CONMEBOL en las pr\u00f3ximas horas. \u00a1El torneo de selecciones m\u00e1s antiguo del mundo har\u00e1 vibrar a todo el continente!<\/p>\n<p>\u2014 CONMEBOL.com (@CONMEBOL) <a href=\"https:\/\/twitter.com\/CONMEBOL\/status\/1399366306944651264?ref_src=twsrc%5Etfw\">May 31, 2021<\/a><\/p><\/blockquote><\/div>\n<\/div>\n<p>Despu\u00e9s de la baja de Colombia -a partir de los conflictos sociales que sacuden al pa\u00eds- y de la deserci\u00f3n de la Argentina -que puso como prioridad enfrentar la segunda ola de la pandemia y evitar que creciera el rechazo popular en pleno confinamiento-, la Conmebol se encontr\u00f3 en la noche del domingo ante la disyuntiva de buscar un nuevo anfitri\u00f3n una vez conocida la decisi\u00f3n del gobierno de Alberto Fern\u00e1ndez.<\/p>\n<p>Se trat\u00f3 de una determinaci\u00f3n que tom\u00f3 por sorpresa a todos, sobre todo luego de la amistosa y fruct\u00edfera reuni\u00f3n que hab\u00eda tenido el Presidente en Olivos con Alejandro Dom\u00ednguez, hombre fuerte del f\u00fatbol continental. De hecho, hasta las 20 del domingo todos los caminos conduc\u00edan a que el torneo se jugara en la Argentina.<\/p>\n<div class=\"sp__Normal htmlLibre\">\n<div class=\"embed-responsive-c\" readability=\"6.9710610932476\">\n<blockquote class=\"twitter-tweet\" readability=\"7.8424437299035\">\n<p lang=\"es\" dir=\"ltr\">Un agradecimiento al gobierno de Argentina y al Presidente de la <a href=\"https:\/\/twitter.com\/afa?ref_src=twsrc%5Etfw\">@afa<\/a>, <a href=\"https:\/\/twitter.com\/tapiachiqui?ref_src=twsrc%5Etfw\">@tapiachiqui<\/a>, por los grandes esfuerzos hechos para realizar la CONMEBOL <a href=\"https:\/\/twitter.com\/CopaAmerica?ref_src=twsrc%5Etfw\">@CopaAmerica<\/a> en ese pa\u00eds. Con seguridad habr\u00e1 nuevas ocasiones para llevar adelante proyectos en conjunto en Argentina.<\/p>\n<p>\u2014 Alejandro Dom\u00ednguez (@agdws) <a href=\"https:\/\/twitter.com\/agdws\/status\/1399385700743663617?ref_src=twsrc%5Etfw\">May 31, 2021<\/a><\/p><\/blockquote><\/div>\n<\/div>\n<p>Fueron momentos de zozobra. Se pens\u00f3 en volver a postergar el torneo que ya se hab\u00eda aplazado en 2020. Pero pes\u00f3 la necesidad manifiesta de los presidentes de las federaciones que por un lado necesitan que sus selecciones tengan rodaje de cara al Mundial. Y, sobre todo, el hecho de cumplir contratos millonarios que se firmaron y que en muchos casos ya se hab\u00edan gastado.<\/p>\n<p>Se habl\u00f3 con fuerza&nbsp;de Estados Unidos, que en 2016 organiz\u00f3 la edici\u00f3n del Centenario, por su plan avanzado de vacunaci\u00f3n y la facilidad para que el publico puede asistir a los partidos. Pero, seg\u00fan pudo averiguar <strong>Clar\u00edn<\/strong>, jam\u00e1s estuvo en carpeta la idea de sacar el torneo de Sudam\u00e9rica.<\/p>\n<p>Tambi\u00e9n se barajaron Chile, Uruguay y Paraguay como alternativas. El pa\u00eds trasandino, que se hab\u00eda ofrecido como alternativa para sustituir a Colombia, no se ve\u00eda capaz de ser el \u00fanico anfitri\u00f3n.&nbsp;<\/p>\n<p>Uruguay, Ecuador&nbsp;y Paraguay tambi\u00e9n asomaban como posibles co organizadores, pero <strong>en las \u00faltimas horas se hab\u00eda tomado la decisi\u00f3n que el torneo se jugara en solo pa\u00eds<\/strong>. Una determinaci\u00f3n a la que se hab\u00eda llegado despu\u00e9s de que fuera la propia Argentina la que insistiera en las ventajas sanitarias de no tener que traspasar fronteras en medio de la pandemia.&nbsp;<\/p>\n<div class=\"sp__Normal htmlLibre\">\n<div class=\"embed-responsive-c\" readability=\"6.7915407854985\">\n<blockquote class=\"twitter-tweet\" readability=\"7.6404833836858\">\n<p lang=\"es\" dir=\"ltr\">\u00a1La <a href=\"https:\/\/twitter.com\/CopaAmerica?ref_src=twsrc%5Etfw\">@CopaAmerica<\/a> ser\u00e1 en Brasil! Quiero agradecer muy especialmente al Presidente <a href=\"https:\/\/twitter.com\/jairbolsonaro?ref_src=twsrc%5Etfw\">@jairbolsonaro<\/a> y a su gabinete por recibir al torneo de selecciones m\u00e1s antiguo del mundo. Igualmente, mi gratitud al Presidente Rog\u00e9rio Caboclo y a la <a href=\"https:\/\/twitter.com\/CBF_Futebol?ref_src=twsrc%5Etfw\">@CBF_Futebol<\/a>, por su invalorable colaboraci\u00f3n.<\/p>\n<p>\u2014 Alejandro Dom\u00ednguez (@agdws) <a href=\"https:\/\/twitter.com\/agdws\/status\/1399384170259005441?ref_src=twsrc%5Etfw\">May 31, 2021<\/a><\/p><\/blockquote><\/div>\n<\/div>\n<p>Y fue entonces cuando este lunes lleg\u00f3 el llamado salvador de Brasil, que se ofreci\u00f3 para hacerse cargo del evento sin poner en agenda ning\u00fan tipo de restricciones. Cuenta con la ventaja de tener casi toda la infraestructura que le qued\u00f3 del Mundial 2014 y que se emple\u00f3, en parte, durante la \u00faltima edici\u00f3n del torneo continental. Y con la log\u00edstica para armar un torneo en menos de dos semanas. La fecha de inicio est\u00e1 pautada para el 13 de junio.<\/p>\n<p>Al argumentar sobre la elecci\u00f3n de la nueva sede de la Copa, el presidente de la Conmebol, Alejandro Dom\u00ednguez, sostuvo que \u00abel gobierno de Brasil demostr\u00f3 agilidad y capacidad de decisi\u00f3n en un momento fundamental para el f\u00fatbol sudamericano\u00bb, de acuerdo con el sitio web de la instituci\u00f3n.<\/p>\n<p>Seg\u00fan Dom\u00ednguez, \u00abBrasil vive un momento de estabilidad, tiene comprobada infraestructura y experiencia acumulada y reciente para organizar una competici\u00f3n de esta magnitud\u00bb.<\/p>\n<p>La contracara es que&nbsp;la situaci\u00f3n sanitaria en Brasil no es mucho mejor que la de la Argentina. En los \u00faltimos d\u00edas hubo un promedio de 60 mil casos positivos de Covid por d\u00eda con una media de 1.800 muertes diarias en la pasada semana. La curva de positividad, no obstante, est\u00e1 bajando luego de haber tocado pico a mediados de abril.<\/p>\n<p>Con m\u00e1s de 210 millones de habitantes, en el pa\u00eds gobernado por Jair Bolsonaro se administraron m\u00e1s de 67 millones de dosis y unas 22 millones de personas ya completaron las dos fases de vacunaci\u00f3n.<\/p>\n<h2>Rechazos en Brasil<\/h2>\n<p>El jefe del bloque de la minor\u00eda opositora en la C\u00e1mara de Diputados, Marcelo Freixo, llam\u00f3 este lunes \u00abasesino\u00bb al Gobierno del presidente Jair Bolsonaro por haber ofrecido a Brasil como sede de la Copa Am\u00e9rica luego de que la rechazara Argentina para preservar la lucha contra la pandemia de Covid-19.<\/p>\n<p>\u00abEste es el retrato de un Gobierno asesino\u00bb, dijo Freixo, del Partido Socialismo y Libertad (PSOL), que ocupa el liderazgo rotativo de los partidos en minor\u00eda opositora en el Congreso.<\/p>\n<p>Seg\u00fan Freixo, \u00abArgentina rechaz\u00f3 la Copa Am\u00e9rica por causa del agravamiento de la pandemia\u00bb y dijo que el promedio de muertos en Brasil es cuatro veces mayor respecto de pa\u00eds rioplatense.<\/p>\n<p>\u00abLa Copa Am\u00e9rica en Brasil muestra como reg\u00edmenes autoritarios usan el f\u00fatbol para intentar desviar la atenci\u00f3n sobre sus cr\u00edmenes\u00bb, dijo Freixo, que defiende el juicio pol\u00edtico por genocidio sanitario de Bolsonaro.<\/p>\n<p>El pol\u00edtico del PSOL es considerado un candidato a gobernador en R\u00edo de Janeiro para 2022 en alianza con el expresidente Luiz In\u00e1cio Lula da SIlva, en caso de que se presente para enfrentar a Bolsonaro.<\/p>\n<div class=\"entry-tags\">\n<h2>TEMAS QUE APARECEN EN ESTA NOTA<\/h2>\n<\/p><\/div>\n","protected":false},"excerpt":{"rendered":"<p>En tiempo r\u00e9cord y despu\u00e9s de que se celebrara una reuni\u00f3n virtual de urgencia del Consejo Directivo, la Conmebol anunci\u00f3 este lunes la nueva sede de la Copa Am\u00e9rica luego de la deserci\u00f3n de la Argentina. Y hubo sorpresa porque el nuevo anfitri\u00f3n no entraba en los planes de nadie.&nbsp;El torneo se jugar\u00e1 en Brasil, [&hellip;]<\/p>\n","protected":false},"author":1,"featured_media":13959,"comment_status":"closed","ping_status":"closed","sticky":false,"template":"","format":"standard","meta":[],"categories":[20],"tags":[],"_links":{"self":[{"href":"http:\/\/cordobainforma.info\/index.php\/wp-json\/wp\/v2\/posts\/13958"}],"collection":[{"href":"http:\/\/cordobainforma.info\/index.php\/wp-json\/wp\/v2\/posts"}],"about":[{"href":"http:\/\/cordobainforma.info\/index.php\/wp-json\/wp\/v2\/types\/post"}],"author":[{"embeddable":true,"href":"http:\/\/cordobainforma.info\/index.php\/wp-json\/wp\/v2\/users\/1"}],"replies":[{"embeddable":true,"href":"http:\/\/cordobainforma.info\/index.php\/wp-json\/wp\/v2\/comments?post=13958"}],"version-history":[{"count":0,"href":"http:\/\/cordobainforma.info\/index.php\/wp-json\/wp\/v2\/posts\/13958\/revisions"}],"wp:featuredmedia":[{"embeddable":true,"href":"http:\/\/cordobainforma.info\/index.php\/wp-json\/wp\/v2\/media\/13959"}],"wp:attachment":[{"href":"http:\/\/cordobainforma.info\/index.php\/wp-json\/wp\/v2\/media?parent=13958"}],"wp:term":[{"taxonomy":"category","embeddable":true,"href":"http:\/\/cordobainforma.info\/index.php\/wp-json\/wp\/v2\/categories?post=13958"},{"taxonomy":"post_tag","embeddable":true,"href":"http:\/\/cordobainforma.info\/index.php\/wp-json\/wp\/v2\/tags?post=13958"}],"curies":[{"name":"wp","href":"https:\/\/api.w.org\/{rel}","templated":true}]}}