{"id":13956,"date":"2021-05-31T14:30:38","date_gmt":"2021-05-31T14:30:38","guid":{"rendered":"https:\/\/www.clarin.com\/deportes\/oficial-sergio-kun-aguero-jugador-barcelona_0_WF8XxmjZQ.html"},"modified":"2021-05-31T14:30:38","modified_gmt":"2021-05-31T14:30:38","slug":"es-oficial-sergio-kun-aguero-ya-es-jugador-del-barcelona-y-por-ahora-nuevo-companero-de-lionel-messi","status":"publish","type":"post","link":"http:\/\/cordobainforma.info\/index.php\/2021\/05\/31\/es-oficial-sergio-kun-aguero-ya-es-jugador-del-barcelona-y-por-ahora-nuevo-companero-de-lionel-messi\/","title":{"rendered":"Es oficial: Sergio Kun Ag\u00fcero ya es jugador del Barcelona y, por ahora, nuevo compa\u00f1ero de Lionel Messi"},"content":{"rendered":"<p><img src=\"http:\/\/cordobainforma.info\/wp-content\/uploads\/2021\/05\/es-oficial-sergio-kun-aguero-ya-es-jugador-del-barcelona-y-por-ahora-nuevo-companero-de-lionel-messi.jpg\"><\/p>\n<div><img src=\"http:\/\/cordobainforma.info\/wp-content\/uploads\/2021\/05\/es-oficial-sergio-kun-aguero-ya-es-jugador-del-barcelona-y-por-ahora-nuevo-companero-de-lionel-messi-2.jpg\" class=\"ff-og-image-inserted\"><\/div>\n<p>Es oficial. Se acab\u00f3 la espera. <a alt=\"sergio-kun-aguero\" class=\"slug\" href=\"https:\/\/www.clarin.com\/tema\/sergio-kun-aguero.html\" target=\"_blank\" title=\"sergio-kun-aguero\" rel=\"noopener noreferrer\">Sergio Ag\u00fcero<\/a> ya es jugador del <a alt=\"fc-barcelona\" class=\"slug\" href=\"https:\/\/www.clarin.com\/tema\/fc-barcelona.html\" target=\"_blank\" title=\"fc-barcelona\" rel=\"noopener noreferrer\">Barcelona<\/a>. Lo anunci\u00f3 el club catal\u00e1n a trav\u00e9s de sus redes sociales, donde mostr\u00f3 sus primeras im\u00e1genes en el Camp Nou y el momento en que pas\u00f3 la revisi\u00f3n m\u00e9dica. \u00bfSer\u00e1 compa\u00f1ero de<a alt=\"lionel-messi\" class=\"slug\" href=\"https:\/\/www.clarin.com\/tema\/lionel-messi.html\" target=\"_blank\" title=\"lionel-messi\" rel=\"noopener noreferrer\"> Lionel Messi<\/a> m\u00e1s all\u00e1 de la Selecci\u00f3n? Habr\u00e1 que esperar para ver qu\u00e9 sucede con su gran amigo, a quien el 30 de junio se le vence el contrato y actualmente negocia su continuidad con el presidente Joan Laporta.<\/p>\n<p>\u00ab<a href=\"https:\/\/www.clarin.com\/tema\/fc-barcelona.html\" class=\"slug automatic\" alt=\"fc-barcelona\" title=\"fc-barcelona\" target=\"_blank\" rel=\"noopener noreferrer\">FC Barcelona<\/a> y Sergio &#8216;Kun&#8217; Ag\u00fcero han llegado a un acuerdo para su incorporaci\u00f3n al Club a partir del 1 de julio, una vez terminado su contrato con el <a href=\"https:\/\/www.clarin.com\/tema\/manchester-city.html\" class=\"slug automatic\" alt=\"manchester-city\" title=\"manchester-city\" target=\"_blank\" rel=\"noopener noreferrer\">Manchester City<\/a>\u00ab, reza el comunicado oficial del club catal\u00e1n que fue publicado en su web.<\/p>\n<p>Y agrega: \u00abEl jugador firmar\u00e1 contrato hasta la finalizaci\u00f3n de la temporada 2022\/23 y tendr\u00e1 una cl\u00e1usula de rescisi\u00f3n de 100 millones de euros\u00bb.<\/p>\n<p>El &#8216;Kun&#8217; Ag\u00fcero es presentado esta misma tarde como nuevo jugador azulgrana. Habr\u00e1 una sesi\u00f3n de fotos en la cancha y m\u00e1s tarde ofrecer\u00e1 una conferencia de prensa. <\/p>\n<p>\u00abEl Bar\u00e7a es el mejor equipo del mundo. Es una buena decisi\u00f3n venir aqu\u00ed. Estoy muy contento y ojal\u00e1 pueda aportar mucho\u00bb, fueron sus primeras palabras a los medios oficiales del club.<\/p>\n<p>Antes de pasar por el Camp Nou, donde sell\u00f3 su contrato, Ag\u00fcero hab\u00eda hecho una escala por el consultorio del m\u00e9dico Ram\u00f3n Cugat, el especialista que hace un a\u00f1o lo oper\u00f3 por la rotura del menisco externo de la rodilla izquierda que lo tuvo a maltraer.<\/p>\n<p>Parec\u00eda que su presentaci\u00f3n como jugador blaugrana se producir\u00eda tras la <a href=\"https:\/\/www.clarin.com\/tema\/copa-america.html\" class=\"slug automatic\" alt=\"copa-america\" title=\"copa-america\" target=\"_blank\" rel=\"noopener noreferrer\">Copa Am\u00e9rica<\/a>, los pasos se adelantaron y el fichaje se concret\u00f3 en horas de la tarde.<\/p>\n<p>El goleador argentino ya tiene desde hace varias semanas un acuerdo de palabra para firmar por dos temporadas con un sueldo muy inferior al que percib\u00eda en Manchester City, pero con muchos premios por objetivos.<\/p>\n<p>No ser\u00e1 la primera experiencia de Ag\u00fcero en el f\u00fatbol espa\u00f1ol. Es que <a href=\"https:\/\/www.clarin.com\/tema\/atletico-de-madrid.html\" class=\"slug automatic\" alt=\"atletico-de-madrid\" title=\"atletico-de-madrid\" target=\"_blank\" rel=\"noopener noreferrer\">Atl\u00e9tico de Madrid<\/a> fue su primera escala en su periplo europeo tras su debut precoz y explosivo como jugador de <a href=\"https:\/\/www.clarin.com\/tema\/independiente.html\" class=\"slug automatic\" alt=\"independiente\" title=\"independiente\" target=\"_blank\" rel=\"noopener noreferrer\">Independiente<\/a>. En el Colchonero, al que lleg\u00f3 en 2006 y permaneci\u00f3 hasta 2011, jug\u00f3 230 partidos y convirti\u00f3 100 goles. Gan\u00f3 la Liga de Europa y la Supercopa Europea.<\/p>\n<p>Luego se fue al Manchester City, donde pas\u00f3 la \u00faltima d\u00e9cada y no par\u00f3 de escribir historia -s\u00f3lo le falt\u00f3 la <a href=\"https:\/\/www.clarin.com\/tema\/champions-league.html\" class=\"slug automatic\" alt=\"champions-league\" title=\"champions-league\" target=\"_blank\" rel=\"noopener noreferrer\">Champions League<\/a> que se le escurri\u00f3 el s\u00e1bado en la final ante <a href=\"https:\/\/www.clarin.com\/tema\/chelsea.html\" class=\"slug automatic\" alt=\"chelsea\" title=\"chelsea\" target=\"_blank\" rel=\"noopener noreferrer\">Chelsea<\/a>-. Con los Ciudadanos gan\u00f3 15 t\u00edtulos -cinco de ellos en la <a href=\"https:\/\/www.clarin.com\/tema\/premier-league.html\" class=\"slug automatic\" alt=\"premier-league\" title=\"premier-league\" target=\"_blank\" rel=\"noopener noreferrer\">Premier League<\/a>-, pero dej\u00f3 una huella enorme.&nbsp;Es el cuarto m\u00e1ximo goleador de la historia de la competencia&nbsp;y es el m\u00e1ximo anotador extranjero en la historia de la competencia. Tambi\u00e9n tiene el r\u00e9cord de m\u00e1s hat-tricks.&nbsp;<\/p>\n<p>El Kun tiene planeado subirse en las primeras horas del martes al avi\u00f3n que lo traer\u00e1 a la <a href=\"https:\/\/www.clarin.com\/tema\/argentina.html\" class=\"slug automatic\" alt=\"argentina\" title=\"argentina\" target=\"_blank\" rel=\"noopener noreferrer\">Argentina<\/a> y as\u00ed ponerse bajo la \u00f3rdenes de <a href=\"https:\/\/www.clarin.com\/tema\/lionel-scaloni.html\" class=\"slug automatic\" alt=\"lionel-scaloni\" title=\"lionel-scaloni\" target=\"_blank\" rel=\"noopener noreferrer\">Lionel Scaloni<\/a>.&nbsp;Fue un toco y me voy en Barcelona para Ag\u00fcero que est\u00e1 entre los candidatos para jugar la Copa Am\u00e9rica, que desde la noche del domingo no tiene sede confirmada luego de que la <a href=\"https:\/\/www.clarin.com\/tema\/conmebol.html\" class=\"slug automatic\" alt=\"conmebol\" title=\"conmebol\" target=\"_blank\" rel=\"noopener noreferrer\">Conmebol<\/a> decidiera suspender la organizaci\u00f3n del torneo en la Argentina.<\/p>\n<p>El Kun, en principio, es la \u00fanica pieza que falta para completar el plantel que afrontar\u00e1 la doble fecha de Eliminatorias Sudamericanas rumbo a <a href=\"https:\/\/www.clarin.com\/tema\/qatar.html\" class=\"slug automatic\" alt=\"qatar\" title=\"qatar\" target=\"_blank\" rel=\"noopener noreferrer\">Qatar<\/a> 2022. Antes de llegar al aeropuerto de la ciudad catalana, sin embargo, el goleador hist\u00f3rico del Manchester City pas\u00f3&nbsp;tambi\u00e9n a ver la casa donde vivir\u00e1 en la Ciudad Condal.<\/p>\n<div class=\"entry-tags\">\n<h2>TEMAS QUE APARECEN EN ESTA NOTA<\/h2>\n<\/p><\/div>\n","protected":false},"excerpt":{"rendered":"<p>Es oficial. Se acab\u00f3 la espera. Sergio Ag\u00fcero ya es jugador del Barcelona. Lo anunci\u00f3 el club catal\u00e1n a trav\u00e9s de sus redes sociales, donde mostr\u00f3 sus primeras im\u00e1genes en el Camp Nou y el momento en que pas\u00f3 la revisi\u00f3n m\u00e9dica. \u00bfSer\u00e1 compa\u00f1ero de Lionel Messi m\u00e1s all\u00e1 de la Selecci\u00f3n? Habr\u00e1 que esperar [&hellip;]<\/p>\n","protected":false},"author":1,"featured_media":13957,"comment_status":"closed","ping_status":"closed","sticky":false,"template":"","format":"standard","meta":[],"categories":[20],"tags":[],"_links":{"self":[{"href":"http:\/\/cordobainforma.info\/index.php\/wp-json\/wp\/v2\/posts\/13956"}],"collection":[{"href":"http:\/\/cordobainforma.info\/index.php\/wp-json\/wp\/v2\/posts"}],"about":[{"href":"http:\/\/cordobainforma.info\/index.php\/wp-json\/wp\/v2\/types\/post"}],"author":[{"embeddable":true,"href":"http:\/\/cordobainforma.info\/index.php\/wp-json\/wp\/v2\/users\/1"}],"replies":[{"embeddable":true,"href":"http:\/\/cordobainforma.info\/index.php\/wp-json\/wp\/v2\/comments?post=13956"}],"version-history":[{"count":0,"href":"http:\/\/cordobainforma.info\/index.php\/wp-json\/wp\/v2\/posts\/13956\/revisions"}],"wp:featuredmedia":[{"embeddable":true,"href":"http:\/\/cordobainforma.info\/index.php\/wp-json\/wp\/v2\/media\/13957"}],"wp:attachment":[{"href":"http:\/\/cordobainforma.info\/index.php\/wp-json\/wp\/v2\/media?parent=13956"}],"wp:term":[{"taxonomy":"category","embeddable":true,"href":"http:\/\/cordobainforma.info\/index.php\/wp-json\/wp\/v2\/categories?post=13956"},{"taxonomy":"post_tag","embeddable":true,"href":"http:\/\/cordobainforma.info\/index.php\/wp-json\/wp\/v2\/tags?post=13956"}],"curies":[{"name":"wp","href":"https:\/\/api.w.org\/{rel}","templated":true}]}}