{"id":13949,"date":"2021-05-31T16:00:00","date_gmt":"2021-05-31T16:00:00","guid":{"rendered":"https:\/\/ahora.com.ar\/\/agero-llego-al-barca-y-sera-presentado-oficialmente-esta-tarde-n4236738"},"modified":"2021-05-31T16:00:00","modified_gmt":"2021-05-31T16:00:00","slug":"aguero-llego-al-barca-y-sera-presentado-oficialmente-esta-tarde","status":"publish","type":"post","link":"http:\/\/cordobainforma.info\/index.php\/2021\/05\/31\/aguero-llego-al-barca-y-sera-presentado-oficialmente-esta-tarde\/","title":{"rendered":"Ag\u00fcero lleg\u00f3 al Bar\u00e7a y ser\u00e1 presentado oficialmente esta tarde"},"content":{"rendered":"<div><img src=\"http:\/\/cordobainforma.info\/wp-content\/uploads\/2021\/05\/aguero-llego-al-barca-y-sera-presentado-oficialmente-esta-tarde.jpg\" class=\"ff-og-image-inserted\"><\/div>\n<div id=\"article-post\">\n<header class=\"article-info-wrapper\" readability=\"27.081784386617\">\n<p><span class=\"fecha-detallenota\">31 de mayo de 2021 &#8211; 13:05<\/span><\/p>\n<p class=\"interiorCopete\"> El argentino compartir\u00e1 plantel con su amigo Lionel Messi. Firm\u00f3 un contrato con una cl\u00e1usula de rescisi\u00f3n de 100 millones de euros<\/p>\n<\/header>\n<\/div>\n<div id=\"article-post\">\n<div class=\"cuerpo\" data-twitter-link=\"https:\/\/twitter.com\/intent\/tweet?url=https:\/\/ahora.com.ar\/c4236738&amp;via=PlataformaAhora&amp;related=Ahora&amp;text=\" readability=\"10\">\n<p><strong>Sergio \u00abKun\u00bb Ag\u00fcero<\/strong> ser\u00e1 oficializado esta tarde como nuevo refuerzo del Barcelona. El futbolista se realiz\u00f3 chequeos m\u00e9dicos esta ma\u00f1ana y firmar\u00e1 un contrato hasta la temporada 2022\/23, con una <strong>cl\u00e1usula de rescisi\u00f3n de 100 millones de euros.<\/strong><\/p>\n<\/div>\n<\/div>\n<div id=\"article-post\">\n<div class=\"cuerpo\" data-twitter-link=\"https:\/\/twitter.com\/intent\/tweet?url=https:\/\/ahora.com.ar\/c4236738&amp;via=PlataformaAhora&amp;related=Ahora&amp;text=\" readability=\"8.926517571885\">\n<p>El argentino, proveniente del Manchester City, ser\u00e1 compa\u00f1ero de su amigo <strong><a href=\"http:\/\/ahora.com.ar\/lionel-messi-a7362\" class=\"agrupador\" rel=\"7362\">Lionel Messi<\/a><\/strong>. <span class=\"saysCMSEmphasis\" id=\"saysCMSEmphasistytioyo1vxd\">\u00abSabemos todos que el Bar\u00e7a es el mejor equipo del mundo\u00bb<\/span>, fueron las primeras palabras del \u00abKun\u00bb.<\/p>\n<\/p><\/div>\n<\/div>\n","protected":false},"excerpt":{"rendered":"<p>31 de mayo de 2021 &#8211; 13:05 El argentino compartir\u00e1 plantel con su amigo Lionel Messi. Firm\u00f3 un contrato con una cl\u00e1usula de rescisi\u00f3n de 100 millones de euros Sergio \u00abKun\u00bb Ag\u00fcero ser\u00e1 oficializado esta tarde como nuevo refuerzo del Barcelona. El futbolista se realiz\u00f3 chequeos m\u00e9dicos esta ma\u00f1ana y firmar\u00e1 un contrato hasta la [&hellip;]<\/p>\n","protected":false},"author":1,"featured_media":13950,"comment_status":"closed","ping_status":"closed","sticky":false,"template":"","format":"standard","meta":[],"categories":[20],"tags":[],"_links":{"self":[{"href":"http:\/\/cordobainforma.info\/index.php\/wp-json\/wp\/v2\/posts\/13949"}],"collection":[{"href":"http:\/\/cordobainforma.info\/index.php\/wp-json\/wp\/v2\/posts"}],"about":[{"href":"http:\/\/cordobainforma.info\/index.php\/wp-json\/wp\/v2\/types\/post"}],"author":[{"embeddable":true,"href":"http:\/\/cordobainforma.info\/index.php\/wp-json\/wp\/v2\/users\/1"}],"replies":[{"embeddable":true,"href":"http:\/\/cordobainforma.info\/index.php\/wp-json\/wp\/v2\/comments?post=13949"}],"version-history":[{"count":0,"href":"http:\/\/cordobainforma.info\/index.php\/wp-json\/wp\/v2\/posts\/13949\/revisions"}],"wp:featuredmedia":[{"embeddable":true,"href":"http:\/\/cordobainforma.info\/index.php\/wp-json\/wp\/v2\/media\/13950"}],"wp:attachment":[{"href":"http:\/\/cordobainforma.info\/index.php\/wp-json\/wp\/v2\/media?parent=13949"}],"wp:term":[{"taxonomy":"category","embeddable":true,"href":"http:\/\/cordobainforma.info\/index.php\/wp-json\/wp\/v2\/categories?post=13949"},{"taxonomy":"post_tag","embeddable":true,"href":"http:\/\/cordobainforma.info\/index.php\/wp-json\/wp\/v2\/tags?post=13949"}],"curies":[{"name":"wp","href":"https:\/\/api.w.org\/{rel}","templated":true}]}}