{"id":13945,"date":"2021-05-30T16:36:53","date_gmt":"2021-05-30T16:36:53","guid":{"rendered":"http:\/\/cordobainforma.info\/index.php\/2021\/05\/30\/el-rey-felipe-vi-se-vacuna-contra-el-covid-19\/"},"modified":"2021-05-30T16:36:53","modified_gmt":"2021-05-30T16:36:53","slug":"el-rey-felipe-vi-se-vacuna-contra-el-covid-19","status":"publish","type":"post","link":"http:\/\/cordobainforma.info\/index.php\/2021\/05\/30\/el-rey-felipe-vi-se-vacuna-contra-el-covid-19\/","title":{"rendered":"El rey Felipe VI se vacuna contra el covid-19"},"content":{"rendered":"<div><img src=\"http:\/\/cordobainforma.info\/wp-content\/uploads\/2021\/05\/el-rey-felipe-vi-se-vacuna-contra-el-covid-19.jpg\" class=\"ff-og-image-inserted\"><\/div>\n<div readability=\"32\">\n<p><span>Publicado:<\/span><time class=\"Timestamp-root Timestamp-isBlackColor \" datetime=\"2021-05-30T16:36:53+00:00\"> 30 may 2021 16:36 GMT <\/time><\/p>\n<\/div>\n<div readability=\"56.42928660826\">\n<p>El rey de Espa\u00f1a, Felipe VI, se ha vacunado este s\u00e1bado contra el covid-19 en el Palacio de Deportes de la Comunidad de Madrid-WiZink Center, seg\u00fan un comunicado publicado por la Casa Real, informa el diario <a href=\"https:\/\/www.elmundo.es\/espana\/2021\/05\/30\/60b39788e4d4d8921d8b45a0.html\" target=\"_blank\" rel=\"noopener noreferrer\">El Mundo<\/a>.<\/p>\n<p>El texto <strong>no indica qu\u00e9 f\u00e1rmaco<\/strong> se inocul\u00f3 el monarca, de 54 a\u00f1os, que acudi\u00f3 al pabell\u00f3n multiusos junto a Juan Mart\u00ednez, jefe del servicio m\u00e9dico real, y Antonio Zapatero, viceconsejero y m\u00e9dico de la misma entidad.<\/p>\n<p>Todos los miembros adultos de la familia real espa\u00f1ola, salvo la reina Letizia, de 48 a\u00f1os, han sido ya vacunados contra la nueva enfermedad. El rey em\u00e9rito Juan Carlos I y las infantas do\u00f1a Elena y do\u00f1a Cristina lo hicieron en Abu Dhabi, la capital de Emiratos \u00c1rabes Unidos.<\/p>\n<p><em><strong>\u00bfTe ha parecido interesante? \u00a1D\u00e9janos tu opini\u00f3n en los comentarios!<\/strong><\/em><\/p>\n<\/div>\n","protected":false},"excerpt":{"rendered":"<p>Publicado: 30 may 2021 16:36 GMT El rey de Espa\u00f1a, Felipe VI, se ha vacunado este s\u00e1bado contra el covid-19 en el Palacio de Deportes de la Comunidad de Madrid-WiZink Center, seg\u00fan un comunicado publicado por la Casa Real, informa el diario El Mundo. El texto no indica qu\u00e9 f\u00e1rmaco se inocul\u00f3 el monarca, de [&hellip;]<\/p>\n","protected":false},"author":1,"featured_media":13946,"comment_status":"closed","ping_status":"closed","sticky":false,"template":"","format":"standard","meta":[],"categories":[22],"tags":[],"_links":{"self":[{"href":"http:\/\/cordobainforma.info\/index.php\/wp-json\/wp\/v2\/posts\/13945"}],"collection":[{"href":"http:\/\/cordobainforma.info\/index.php\/wp-json\/wp\/v2\/posts"}],"about":[{"href":"http:\/\/cordobainforma.info\/index.php\/wp-json\/wp\/v2\/types\/post"}],"author":[{"embeddable":true,"href":"http:\/\/cordobainforma.info\/index.php\/wp-json\/wp\/v2\/users\/1"}],"replies":[{"embeddable":true,"href":"http:\/\/cordobainforma.info\/index.php\/wp-json\/wp\/v2\/comments?post=13945"}],"version-history":[{"count":0,"href":"http:\/\/cordobainforma.info\/index.php\/wp-json\/wp\/v2\/posts\/13945\/revisions"}],"wp:featuredmedia":[{"embeddable":true,"href":"http:\/\/cordobainforma.info\/index.php\/wp-json\/wp\/v2\/media\/13946"}],"wp:attachment":[{"href":"http:\/\/cordobainforma.info\/index.php\/wp-json\/wp\/v2\/media?parent=13945"}],"wp:term":[{"taxonomy":"category","embeddable":true,"href":"http:\/\/cordobainforma.info\/index.php\/wp-json\/wp\/v2\/categories?post=13945"},{"taxonomy":"post_tag","embeddable":true,"href":"http:\/\/cordobainforma.info\/index.php\/wp-json\/wp\/v2\/tags?post=13945"}],"curies":[{"name":"wp","href":"https:\/\/api.w.org\/{rel}","templated":true}]}}