{"id":13919,"date":"2021-05-30T13:20:00","date_gmt":"2021-05-30T13:20:00","guid":{"rendered":"https:\/\/elobjetivo.com.ar\/contenido\/34684\/roland-garros-guido-pella-obtuvo-la-primera-victoria-argentina"},"modified":"2021-05-30T13:20:00","modified_gmt":"2021-05-30T13:20:00","slug":"roland-garros-guido-pella-obtuvo-la-primera-victoria-argentina","status":"publish","type":"post","link":"http:\/\/cordobainforma.info\/index.php\/2021\/05\/30\/roland-garros-guido-pella-obtuvo-la-primera-victoria-argentina\/","title":{"rendered":"Roland Garros: Guido Pella obtuvo la primera victoria argentina"},"content":{"rendered":"<p><img src=\"http:\/\/cordobainforma.info\/wp-content\/uploads\/2021\/05\/roland-garros-guido-pella-obtuvo-la-primera-victoria-argentina.jpg\"><\/p>\n<div readability=\"32\"> <img alt=\"Pella Roland Garros\" class=\"img-responsive\" height=\"720\" loading=\"lazy\" sizes=\"auto\" src=\"http:\/\/cordobainforma.info\/wp-content\/uploads\/2021\/05\/roland-garros-guido-pella-obtuvo-la-primera-victoria-argentina.jpg\" srcset=\"http:\/\/cordobainforma.info\/wp-content\/uploads\/2021\/05\/roland-garros-guido-pella-obtuvo-la-primera-victoria-argentina.jpg 1200w, http:\/\/cordobainforma.info\/wp-content\/uploads\/2021\/05\/roland-garros-guido-pella-obtuvo-la-primera-victoria-argentina-1.jpg 400w\" width=\"1200\"> <\/p>\n<p> <span>Roland Garros: Guido Pella obtuvo la primera victoria argentina<\/span> <span>Foto: gentileza<\/span> <\/p>\n<\/p><\/div>\n<div readability=\"52\">\n<p>Guido Pella debut\u00f3 con victoria en Roland Garros. El tenista bahiense de 31 a\u00f1os le gan\u00f3 en la primera ronda del grand slam al colombiano Daniel Gal\u00e1n por&nbsp;6-3, 7-6(4) y 7-5, que lleg\u00f3 de la Qualy.<\/p>\n<p>El primer triunfo argentino se logr\u00f3 tras disputar dos horas y 45 minutos.&nbsp;<\/p>\n<p>Ahora, Pella jugar\u00e1 por la segunda ronda con el estadounidense Marcos Giron que se vio beneficiado por el retiro de Grigor Dimitrov. Giron ganaba por &nbsp;2-6, 4-6, 7-5, 3-0 y hubo abandono.<\/p>\n<p>Por otro lado, el cordob\u00e9s Juan Ignacio L\u00f3ndero qued\u00f3 eliminado en su estreno en Roland Garros este domingo. L\u00f3ndero cay\u00f3 por 3-6, 6-4, 7-6(8) y 6-2 ante el chileno Christian Gar\u00edn en la cancha 12.<\/p>\n<\/p><\/div>\n","protected":false},"excerpt":{"rendered":"<p>Roland Garros: Guido Pella obtuvo la primera victoria argentina Foto: gentileza Guido Pella debut\u00f3 con victoria en Roland Garros. El tenista bahiense de 31 a\u00f1os le gan\u00f3 en la primera ronda del grand slam al colombiano Daniel Gal\u00e1n por&nbsp;6-3, 7-6(4) y 7-5, que lleg\u00f3 de la Qualy. El primer triunfo argentino se logr\u00f3 tras disputar [&hellip;]<\/p>\n","protected":false},"author":1,"featured_media":13920,"comment_status":"open","ping_status":"closed","sticky":false,"template":"","format":"standard","meta":[],"categories":[20],"tags":[],"_links":{"self":[{"href":"http:\/\/cordobainforma.info\/index.php\/wp-json\/wp\/v2\/posts\/13919"}],"collection":[{"href":"http:\/\/cordobainforma.info\/index.php\/wp-json\/wp\/v2\/posts"}],"about":[{"href":"http:\/\/cordobainforma.info\/index.php\/wp-json\/wp\/v2\/types\/post"}],"author":[{"embeddable":true,"href":"http:\/\/cordobainforma.info\/index.php\/wp-json\/wp\/v2\/users\/1"}],"replies":[{"embeddable":true,"href":"http:\/\/cordobainforma.info\/index.php\/wp-json\/wp\/v2\/comments?post=13919"}],"version-history":[{"count":0,"href":"http:\/\/cordobainforma.info\/index.php\/wp-json\/wp\/v2\/posts\/13919\/revisions"}],"wp:featuredmedia":[{"embeddable":true,"href":"http:\/\/cordobainforma.info\/index.php\/wp-json\/wp\/v2\/media\/13920"}],"wp:attachment":[{"href":"http:\/\/cordobainforma.info\/index.php\/wp-json\/wp\/v2\/media?parent=13919"}],"wp:term":[{"taxonomy":"category","embeddable":true,"href":"http:\/\/cordobainforma.info\/index.php\/wp-json\/wp\/v2\/categories?post=13919"},{"taxonomy":"post_tag","embeddable":true,"href":"http:\/\/cordobainforma.info\/index.php\/wp-json\/wp\/v2\/tags?post=13919"}],"curies":[{"name":"wp","href":"https:\/\/api.w.org\/{rel}","templated":true}]}}