{"id":13917,"date":"2021-05-30T15:27:51","date_gmt":"2021-05-30T15:27:51","guid":{"rendered":"https:\/\/www.clarin.com\/deportes\/roland-garros-2021-naomi-osaka-amenazada-con-la-expulsion-del-torneo-por-parte-de-la-organizacion_0_3JSKT39wZ.html"},"modified":"2021-05-30T15:27:51","modified_gmt":"2021-05-30T15:27:51","slug":"roland-garros-2021-naomi-osaka-amenazada-con-la-expulsion-del-torneo-por-parte-de-la-organizacion","status":"publish","type":"post","link":"http:\/\/cordobainforma.info\/index.php\/2021\/05\/30\/roland-garros-2021-naomi-osaka-amenazada-con-la-expulsion-del-torneo-por-parte-de-la-organizacion\/","title":{"rendered":"Roland Garros 2021: Naomi Osaka, amenazada con la expulsi\u00f3n del torneo por parte de la organizaci\u00f3n"},"content":{"rendered":"<p><img src=\"http:\/\/cordobainforma.info\/wp-content\/uploads\/2021\/05\/roland-garros-2021-naomi-osaka-amenazada-con-la-expulsion-del-torneo-por-parte-de-la-organizacion.jpg\"><\/p>\n<div><img src=\"http:\/\/cordobainforma.info\/wp-content\/uploads\/2021\/05\/roland-garros-2021-naomi-osaka-amenazada-con-la-expulsion-del-torneo-por-parte-de-la-organizacion-2.jpg\" class=\"ff-og-image-inserted\"><\/div>\n<p>La japonesa <a href=\"https:\/\/www.clarin.com\/tema\/naomi-osaka.html\" class=\"slug automatic\" alt=\"naomi-osaka\" title=\"naomi-osaka\" target=\"_blank\" rel=\"noopener noreferrer\">Naomi Osaka<\/a>, n\u00famero 2 del mundo en el ranking de la <a href=\"https:\/\/www.clarin.com\/tema\/wta.html\" class=\"slug automatic\" alt=\"wta\" title=\"wta\" target=\"_blank\" rel=\"noopener noreferrer\">WTA<\/a>, fue condenada a una multa de 15.000 d\u00f3lares por haberse negado a presentarse a la rueda de prensa este domingo en <a href=\"https:\/\/www.clarin.com\/tema\/roland-garros.html\" class=\"slug automatic\" alt=\"roland-garros\" title=\"roland-garros\" target=\"_blank\" rel=\"noopener noreferrer\">Roland Garros<\/a>, y se expone hasta a la descalificaci\u00f3n del torneo si insiste en su postura, anunciaron los organizadores.<\/p>\n<p>\u00abNaomi Osaka opt\u00f3 hoy (domingo) por no cumplir con sus obligaciones contractuales hacia los medios. Roland Garros le infligi\u00f3 una multa de 15.000 d\u00f3lares (&#8230;) Hemos avisado a Naomi Osaka de que si continuara rechazando sus obligaciones medi\u00e1ticas durante el torneo se expone a sanciones m\u00e1s duras, entre ellas una exclusi\u00f3n del torneo\u00bb, indican los organizadores en un comunicado.<\/p>\n<p>La japonesa no concurri\u00f3 a la atenci\u00f3n a los medios luego de ganarle su partido de primera ronda a la rumana Patricia Maria Tig por 6-4 y 7-6 (4), algo que ya hab\u00eda anunciado el pasado mi\u00e9rcoles a trav\u00e9s de sus redes sociales.<\/p>\n<p>\u00abA continuaci\u00f3n de su anuncio, los equipos de Roland Garros le pidieron reconsiderar su posici\u00f3n y trataron, sin \u00e9xito, de hablar con ella para chequear su bienestar, entender las razones de su situaci\u00f3n y lo que podr\u00eda hacerse al respecto\u00bb, explican desde la organizaci\u00f3n.<\/p>\n<p>Y ampl\u00edan: \u00abDebido a la falta de compromiso de Osaka, el Abierto de Australia, Roland Garros, Wimbledon y el US Open en conjunto le escribieron para chequear su bienestar y ofrecer apoyo, remarcar el compromiso con los atletas y sugerir di\u00e1logo. Tambi\u00e9n se le recordaron sus obligaciones, las consecuencias de no cumplirlas y las reglas que deber\u00edan aplicar por igual a todas las jugadoras\u00bb.<\/p>\n<p>El mi\u00e9rcoles pasado, la japonesa hab\u00eda escrito en sus redes que no participar\u00eda de las conferencias con el siguiente argumento:<\/p>\n<p>\u00abSiento que a la gente no le importa la salud mental de los atletas (&#8230;). Con frecuencia nos sentamos ah\u00ed y nos preguntan cosas que ya se han preguntado en m\u00faltiples ocasiones, o preguntas que hacen dudar a nuestras cabezas, y no me voy a exponer a gente que duda de m\u00ed\u00bb, escribi\u00f3.<\/p>\n<p>Y agreg\u00f3: \u00abHe visto muchos videos de deportistas que se quiebran despu\u00e9s de una derrota en la conferencia de prensa. Creo que lo que pasa es que patean a las personas cuando est\u00e1n en el piso, y no entiendo la raz\u00f3n\u00bb.<\/p>\n<p>Luego de ello, intent\u00f3 justificar su ausencia de estas conferencias y subi\u00f3 la apuesta: \u00abEsto no es nada personal contra el torneo y un par de periodistas me han entrevistado desde que era chica, as\u00ed que tengo una relaci\u00f3n amistosa con la mayor\u00eda de ellos. De todos modos, si la organizaci\u00f3n cree que puede seguir diciendo &#8216;and\u00e1 a la conferencia o te multamos&#8217;, y siguen ignorando la salud mental de los atletas, me voy a re\u00edr. Espero que la cantidad considerable (de dinero) con que me van a multar vaya a entidades caritativas de salud mental\u00bb.<\/p>\n<div class=\"entry-tags\">\n<h2>TEMAS QUE APARECEN EN ESTA NOTA<\/h2>\n<\/p><\/div>\n","protected":false},"excerpt":{"rendered":"<p>La japonesa Naomi Osaka, n\u00famero 2 del mundo en el ranking de la WTA, fue condenada a una multa de 15.000 d\u00f3lares por haberse negado a presentarse a la rueda de prensa este domingo en Roland Garros, y se expone hasta a la descalificaci\u00f3n del torneo si insiste en su postura, anunciaron los organizadores. \u00abNaomi [&hellip;]<\/p>\n","protected":false},"author":1,"featured_media":13918,"comment_status":"closed","ping_status":"closed","sticky":false,"template":"","format":"standard","meta":[],"categories":[20],"tags":[],"_links":{"self":[{"href":"http:\/\/cordobainforma.info\/index.php\/wp-json\/wp\/v2\/posts\/13917"}],"collection":[{"href":"http:\/\/cordobainforma.info\/index.php\/wp-json\/wp\/v2\/posts"}],"about":[{"href":"http:\/\/cordobainforma.info\/index.php\/wp-json\/wp\/v2\/types\/post"}],"author":[{"embeddable":true,"href":"http:\/\/cordobainforma.info\/index.php\/wp-json\/wp\/v2\/users\/1"}],"replies":[{"embeddable":true,"href":"http:\/\/cordobainforma.info\/index.php\/wp-json\/wp\/v2\/comments?post=13917"}],"version-history":[{"count":0,"href":"http:\/\/cordobainforma.info\/index.php\/wp-json\/wp\/v2\/posts\/13917\/revisions"}],"wp:featuredmedia":[{"embeddable":true,"href":"http:\/\/cordobainforma.info\/index.php\/wp-json\/wp\/v2\/media\/13918"}],"wp:attachment":[{"href":"http:\/\/cordobainforma.info\/index.php\/wp-json\/wp\/v2\/media?parent=13917"}],"wp:term":[{"taxonomy":"category","embeddable":true,"href":"http:\/\/cordobainforma.info\/index.php\/wp-json\/wp\/v2\/categories?post=13917"},{"taxonomy":"post_tag","embeddable":true,"href":"http:\/\/cordobainforma.info\/index.php\/wp-json\/wp\/v2\/tags?post=13917"}],"curies":[{"name":"wp","href":"https:\/\/api.w.org\/{rel}","templated":true}]}}