{"id":13912,"date":"2021-05-30T17:24:26","date_gmt":"2021-05-30T17:24:26","guid":{"rendered":"https:\/\/www.clarin.com\/deportes\/copa-america-2021-gonzalo-belloso-hombre-fuerte-conmebol-salio-botines-punta-mauricio-macri_0_dIQa1c1-W.html"},"modified":"2021-05-30T17:24:26","modified_gmt":"2021-05-30T17:24:26","slug":"copa-america-2021-gonzalo-belloso-hombre-fuerte-de-la-conmebol-le-salio-con-los-tapones-de-punta-a-mauricio-macri","status":"publish","type":"post","link":"http:\/\/cordobainforma.info\/index.php\/2021\/05\/30\/copa-america-2021-gonzalo-belloso-hombre-fuerte-de-la-conmebol-le-salio-con-los-tapones-de-punta-a-mauricio-macri\/","title":{"rendered":"Copa Am\u00e9rica 2021: Gonzalo Belloso, hombre fuerte de la Conmebol, le sali\u00f3 con los tapones de punta a Mauricio Macri"},"content":{"rendered":"<p><img src=\"http:\/\/cordobainforma.info\/wp-content\/uploads\/2021\/05\/copa-america-2021-gonzalo-belloso-hombre-fuerte-de-la-conmebol-le-salio-con-los-tapones-de-punta-a-mauricio-macri.jpg\"><\/p>\n<div><img src=\"http:\/\/cordobainforma.info\/wp-content\/uploads\/2021\/05\/copa-america-2021-gonzalo-belloso-hombre-fuerte-de-la-conmebol-le-salio-con-los-tapones-de-punta-a-mauricio-macri-2.jpg\" class=\"ff-og-image-inserted\"><\/div>\n<p>Gonzalo Belloso, secretario general adjunto de F\u00fatbol y director de Desarrollo, de la <a href=\"https:\/\/www.clarin.com\/tema\/conmebol.html\" class=\"slug automatic\" alt=\"conmebol\" title=\"conmebol\" target=\"_blank\" rel=\"noopener noreferrer\">Conmebol<\/a>, sali\u00f3 este domingo al cruce de las declaraciones hechas en las \u00faltimas horas por el expresidente <a href=\"https:\/\/www.clarin.com\/tema\/mauricio-macri.html\" class=\"slug automatic\" alt=\"mauricio-macri\" title=\"mauricio-macri\" target=\"_blank\" rel=\"noopener noreferrer\">Mauricio Macri<\/a>, quien hab\u00eda cuestionado la decisi\u00f3n del gobierno de <a href=\"https:\/\/www.clarin.com\/tema\/alberto-fernandez.html\" class=\"slug automatic\" alt=\"alberto-fernandez\" title=\"alberto-fernandez\" target=\"_blank\" rel=\"noopener noreferrer\">Alberto Fern\u00e1ndez<\/a> de dar luz verde para la realizaci\u00f3n de la <a href=\"https:\/\/www.clarin.com\/tema\/copa-america.html\" class=\"slug automatic\" alt=\"copa-america\" title=\"copa-america\" target=\"_blank\" rel=\"noopener noreferrer\">Copa Am\u00e9rica<\/a> en medio de la segunda ola de <a href=\"https:\/\/www.clarin.com\/tema\/coronavirus.html\" class=\"slug automatic\" alt=\"coronavirus\" title=\"coronavirus\" target=\"_blank\" rel=\"noopener noreferrer\">coronavirus<\/a> en la <a href=\"https:\/\/www.clarin.com\/tema\/argentina.html\" class=\"slug automatic\" alt=\"argentina\" title=\"argentina\" target=\"_blank\" rel=\"noopener noreferrer\">Argentina<\/a>.<\/p>\n<p>\u00ab<strong>Preside la Fundaci\u00f3n de la FIFA y boicotea la organizaci\u00f3n de la Copa Am\u00e9rica solo por hacer da\u00f1o a sus rivales pol\u00edticos.<\/strong> Desconocer que el f\u00fatbol se ha jugado y se juega con porcentajes baj\u00edsimos de contagios, con extremas medidas de salud y vacunados, adem\u00e1s de ignorante, es malicioso\u00bb, escribi\u00f3 en su cuenta personal de <a href=\"https:\/\/www.clarin.com\/tema\/twitter.html\" class=\"slug automatic\" alt=\"twitter\" title=\"twitter\" target=\"_blank\" rel=\"noopener noreferrer\">Twitter<\/a> Belloso, ex futbolista de <a href=\"https:\/\/www.clarin.com\/tema\/lanus.html\" class=\"slug automatic\" alt=\"lanus\" title=\"lanus\" target=\"_blank\" rel=\"noopener noreferrer\">Lan\u00fas<\/a> y <a href=\"https:\/\/www.clarin.com\/tema\/rosario-central.html\" class=\"slug automatic\" alt=\"rosario-central\" title=\"rosario-central\" target=\"_blank\" rel=\"noopener noreferrer\">Rosario Central<\/a> y actual mano derecha de <a href=\"https:\/\/www.clarin.com\/tema\/alejandro-dominguez.html\" class=\"slug automatic\" alt=\"alejandro-dominguez\" title=\"alejandro-dominguez\" target=\"_blank\" rel=\"noopener noreferrer\">Alejandro Dom\u00ednguez<\/a>, titular de la Conmebol.<\/p>\n<p>\u00bfQu\u00e9 hab\u00eda dicho Macri? En la noche del s\u00e1bado en La Noche de Mirtha, conducido por <a href=\"https:\/\/www.clarin.com\/tema\/juana-viale.html\" class=\"slug automatic\" alt=\"juana-viale\" title=\"juana-viale\" target=\"_blank\" rel=\"noopener noreferrer\">Juana Viale<\/a>, el l\u00edder de <a href=\"https:\/\/www.clarin.com\/tema\/juntos-por-el-cambio.html\" class=\"slug automatic\" alt=\"juntos-por-el-cambio\" title=\"juntos-por-el-cambio\" target=\"_blank\" rel=\"noopener noreferrer\">Juntos por el Cambio<\/a> apunt\u00f3 contra \u00abla coherencia\u00bb del Gobierno nacional a la hora de permitir que se dispute en el torneo continental.<\/p>\n<p>\u00ab<strong>Es medio incoherente. Nos encierran, nos llenan de miedo, nos proh\u00edben hacer millones de cosas razonables y de golpe quieren hacer un campeonato de f\u00fatbol.<\/strong> Es dif\u00edcil seguir la coherencia de este Gobierno\u00bb, sostuvo Macri.<\/p>\n<p>Tras concluir su mandato presidencia, Macri fue designado como presidente ejecutivo de la Fundaci\u00f3n FIFA. Su nominaci\u00f3n, decisi\u00f3n de <a href=\"https:\/\/www.clarin.com\/tema\/gianni-infantino.html\" class=\"slug automatic\" alt=\"gianni-infantino\" title=\"gianni-infantino\" target=\"_blank\" rel=\"noopener noreferrer\">Gianni Infantino<\/a>, no termin\u00f3 de caer bien la Conmebol y en la <a href=\"https:\/\/www.clarin.com\/tema\/afa.html\" class=\"slug automatic\" alt=\"afa\" title=\"afa\" target=\"_blank\" rel=\"noopener noreferrer\">AFA<\/a>, que se enteraron de la noticia sin haber recibido consulta previa.<\/p>\n<p>A ese cargo hace referencia Belloso en su publicaci\u00f3n en la que marca que sus dichos de la noche del s\u00e1bado van a contramano&nbsp;del deseo de la <a href=\"https:\/\/www.clarin.com\/tema\/fifa.html\" class=\"slug automatic\" alt=\"fifa\" title=\"fifa\" target=\"_blank\" rel=\"noopener noreferrer\">FIFA<\/a> de continuar con las competencias a toda costa&nbsp;a pesar de los sacudones y los altos niveles de contagio por la <a href=\"https:\/\/www.clarin.com\/tema\/pandemia.html\" class=\"slug automatic\" alt=\"pandemia\" title=\"pandemia\" target=\"_blank\" rel=\"noopener noreferrer\">pandemia<\/a>.<\/p>\n<p>Argentina qued\u00f3, en principio, como \u00fanica organizadora de la Copa Am\u00e9rica luego de que hace 10 d\u00edas la Conmebol le \u00abquitara\u00bb la sede a <a href=\"https:\/\/www.clarin.com\/tema\/colombia.html\" class=\"slug automatic\" alt=\"colombia\" title=\"colombia\" target=\"_blank\" rel=\"noopener noreferrer\">Colombia<\/a>, que iba a ser co-anfitriona (incluso albergar\u00eda la final) debido a los conflictos que se viven en aquel pa\u00eds y al pedido de un aplazamiento que no fue concedido.<\/p>\n<p>En los \u00faltimos d\u00edas, el organismo continental tuvo conversaciones con funcionarios de <a alt=\"chile\" class=\"slug automatic\" href=\"https:\/\/www.clarin.com\/tema\/chile.html\" target=\"_blank\" title=\"chile\" rel=\"noopener noreferrer\">Chile<\/a> que incluyeron duras negociaciones. Seg\u00fan el diario La Tercera, por ejemplo, el gobierno trasandino no acept\u00f3 que se aplicara una exenci\u00f3n de impuestos como s\u00ed acept\u00f3 la Argentina y tambi\u00e9n rechaz\u00f3 poner dinero para co-albergar la Copa.<strong> La decisi\u00f3n se conocer\u00e1 en las pr\u00f3ximas horas.<\/strong><\/p>\n<p>El gobierno de Fern\u00e1ndez hizo, en cambio, una serie de peticiones sanitarias que incluyen, entre otras, la solicitud de que \u00aben la medida de los posible\u00bb todos los planteles est\u00e9n vacunados.<\/p>\n<h2><strong>Vizzotti: \u00abNo est\u00e1 definida en un 100%\u00bb<\/strong><\/h2>\n<p>Horas antes la ministra de Salud, <a href=\"https:\/\/www.clarin.com\/tema\/carla-vizzotti.html\" class=\"slug automatic\" alt=\"carla-vizzotti\" title=\"carla-vizzotti\" target=\"_blank\" rel=\"noopener noreferrer\">Carla Vizzotti<\/a>, sembr\u00f3 dudas sobre la realizaci\u00f3n de la Copa Am\u00e9rica.&nbsp;\u00abNo est\u00e1 definida en un 100%\u00bb, dijo la funcionaria en una conferencia de prensa en la ma\u00f1ana de este domingo.<\/p>\n<p>\u00abEntiendo que quienes tienen que tomar la decisi\u00f3n est\u00e1n en el \u00faltimo tramo de an\u00e1lisis. Nosotros, desde el Ministerio de Salud de la Naci\u00f3n, estamos generando protocolos desde hace meses y articulaci\u00f3n con otros ministerios: del Interior, Migraciones, Transporte, ANAC, Defensa en relaci\u00f3n a los controles\u00bb, sostuvo Vizzotti sobre todas las previsiones que est\u00e1n intentando plasmar para posibilitar la realizaci\u00f3n del torneo.<\/p>\n<p>Y agreg\u00f3: \u00abUn grupo muy importante de personas est\u00e1n trabajando desde hace tiempo adem\u00e1s de en las medidas de ingresar al pa\u00eds y las reglamentaciones que se deben cumplir, se suman protocolos espec\u00edficos en lo que son las concentraciones y entrenamientos, traslados, periodistas y la prevenci\u00f3n respecto a las aglomeraciones de personas. Ese trabajo se est\u00e1 haciendo como si se hiciera la Copa Am\u00e9rica, y la decisi\u00f3n final ser\u00e1 en estos d\u00edas\u00bb.<\/p>\n<p>Consultada sobre si su cartera ha dado el visto bueno para la realizaci\u00f3n del torneo, cuya organizaci\u00f3n en los \u00faltimos tiempos sufri\u00f3 cr\u00edticas diversas, incluso de jugadores importantes como los uruguayos <a href=\"https:\/\/www.clarin.com\/tema\/luis-suarez.html\" class=\"slug automatic\" alt=\"luis-suarez\" title=\"luis-suarez\" target=\"_blank\" rel=\"noopener noreferrer\">Luis Su\u00e1rez<\/a> y <a href=\"https:\/\/www.clarin.com\/tema\/edinson-cavani.html\" class=\"slug automatic\" alt=\"edinson-cavani\" title=\"edinson-cavani\" target=\"_blank\" rel=\"noopener noreferrer\">Edinson Cavani<\/a>, Vizzotti respondi\u00f3: \u00abLo que analizamos es lo que comentamos en reiteradas oportunidades. Que la cantidad de personas que puede movilizar la organizaci\u00f3n no es tan importante. Cumpliendo los protocolos se puede implementar, tambi\u00e9n teniendo en cuenta, que es importante aclarar, que no es lo mismo una selecci\u00f3n que va a estar concentrada y no va a salir del hotel que lo que pasa en los torneos locales, donde los jugadores vuelven a sus casas y van a entrenarse\u00bb.<\/p>\n<p>Sobre ese punto, la ministra desarroll\u00f3: \u00abEsa es la gran diferencia en cuanto a la posibilidad de infectarse en un \u00e1rea de circulaci\u00f3n comunitaria importante. Las selecciones nacionales no van a volver a su casa y luego salir. Por eso el protocolo fuerte que estamos haciendo es con el \u00e1rea de prensa, para estar listos, sea cual sea la decisi\u00f3n, poder tener resultados\u00bb.<\/p>\n<div class=\"entry-tags\">\n<h2>TEMAS QUE APARECEN EN ESTA NOTA<\/h2>\n<\/p><\/div>\n","protected":false},"excerpt":{"rendered":"<p>Gonzalo Belloso, secretario general adjunto de F\u00fatbol y director de Desarrollo, de la Conmebol, sali\u00f3 este domingo al cruce de las declaraciones hechas en las \u00faltimas horas por el expresidente Mauricio Macri, quien hab\u00eda cuestionado la decisi\u00f3n del gobierno de Alberto Fern\u00e1ndez de dar luz verde para la realizaci\u00f3n de la Copa Am\u00e9rica en medio [&hellip;]<\/p>\n","protected":false},"author":1,"featured_media":13913,"comment_status":"closed","ping_status":"closed","sticky":false,"template":"","format":"standard","meta":[],"categories":[20],"tags":[],"_links":{"self":[{"href":"http:\/\/cordobainforma.info\/index.php\/wp-json\/wp\/v2\/posts\/13912"}],"collection":[{"href":"http:\/\/cordobainforma.info\/index.php\/wp-json\/wp\/v2\/posts"}],"about":[{"href":"http:\/\/cordobainforma.info\/index.php\/wp-json\/wp\/v2\/types\/post"}],"author":[{"embeddable":true,"href":"http:\/\/cordobainforma.info\/index.php\/wp-json\/wp\/v2\/users\/1"}],"replies":[{"embeddable":true,"href":"http:\/\/cordobainforma.info\/index.php\/wp-json\/wp\/v2\/comments?post=13912"}],"version-history":[{"count":0,"href":"http:\/\/cordobainforma.info\/index.php\/wp-json\/wp\/v2\/posts\/13912\/revisions"}],"wp:featuredmedia":[{"embeddable":true,"href":"http:\/\/cordobainforma.info\/index.php\/wp-json\/wp\/v2\/media\/13913"}],"wp:attachment":[{"href":"http:\/\/cordobainforma.info\/index.php\/wp-json\/wp\/v2\/media?parent=13912"}],"wp:term":[{"taxonomy":"category","embeddable":true,"href":"http:\/\/cordobainforma.info\/index.php\/wp-json\/wp\/v2\/categories?post=13912"},{"taxonomy":"post_tag","embeddable":true,"href":"http:\/\/cordobainforma.info\/index.php\/wp-json\/wp\/v2\/tags?post=13912"}],"curies":[{"name":"wp","href":"https:\/\/api.w.org\/{rel}","templated":true}]}}