{"id":13900,"date":"2021-05-29T16:50:29","date_gmt":"2021-05-29T16:50:29","guid":{"rendered":"http:\/\/cordobainforma.info\/index.php\/2021\/05\/29\/foto-el-espectacular-posado-de-un-reno-con-la-aurora-boreal-de-fondo\/"},"modified":"2021-05-29T16:50:29","modified_gmt":"2021-05-29T16:50:29","slug":"foto-el-espectacular-posado-de-un-reno-con-la-aurora-boreal-de-fondo","status":"publish","type":"post","link":"http:\/\/cordobainforma.info\/index.php\/2021\/05\/29\/foto-el-espectacular-posado-de-un-reno-con-la-aurora-boreal-de-fondo\/","title":{"rendered":"FOTO:\u00a0El espectacular &#8216;posado&#8217; de un reno con la aurora boreal de fondo"},"content":{"rendered":"<p><img src=\"http:\/\/cordobainforma.info\/wp-content\/uploads\/2021\/05\/foto-el-espectacular-posado-de-un-reno-con-la-aurora-boreal-de-fondo.jpg\"><\/p>\n<div><img src=\"http:\/\/cordobainforma.info\/wp-content\/uploads\/2021\/05\/foto-el-espectacular-posado-de-un-reno-con-la-aurora-boreal-de-fondo-2.jpg\" class=\"ff-og-image-inserted\"><\/div>\n<div readability=\"32\">\n<p><span>Publicado:<\/span><time class=\"Timestamp-root Timestamp-isBlackColor \" datetime=\"2021-05-29T16:50:29+00:00\"> 29 may 2021 16:50 GMT <\/time><\/p>\n<\/div>\n<div readability=\"32\">\n<p> El fot\u00f3grafo frances Adrien Mauduit consigui\u00f3 la toma perfecta tras dos horas y 400 intentos. <\/p>\n<\/div>\n<div readability=\"54.066543438078\">\n<p>El franc\u00e9s Adrien Mauduit&nbsp;logr\u00f3 una espectacular foto de un&nbsp;reno parado con la&nbsp;<strong>aurora boreal<\/strong> de fondo en&nbsp;Troms\u00f8, Noruega.&nbsp;<\/p>\n<p>El fot\u00f3grafo intentaba fotografiar al animal, que paseaba por las instalaciones del Observatorio de&nbsp;la Aurora Boreal, cuando, de repente, la aurora comenz\u00f3 a aparecer en el cielo. Tard\u00f3 dos horas en conseguir la toma perfecta. De un total 400 fotos, solo tres resultaron &#8216;n\u00edtidas&#8217;.&nbsp;\u00ab<strong>Fue uno de los momentos fotogr\u00e1ficos m\u00e1s absurdos<\/strong> que he vivido\u00bb, escribi\u00f3&nbsp;Mauduit en su cuenta de Instagram.&nbsp;<\/p>\n<p>Reinulf, el &#8216;modelo&#8217;&nbsp;de la foto,&nbsp;vive en libertad dentro del territorio del observatorio y para los fot\u00f3grafos del lugar ha sido siempre un sue\u00f1o poder inmortalizarlo junto a la aurora.<\/p>\n<p>\u00a1Estamos muy orgullosos de esta toma y es la primera vez que vemos una en la que un animal semisalvaje, que no lleva correa, se para bajo tal exhibici\u00f3n de auroras!, <a href=\"https:\/\/auroraborealisobservatory.com\/2021\/03\/08\/reindeer-under-the-aurora\/\" target=\"_blank\" rel=\"noopener noreferrer\">escribi\u00f3<\/a> el observatorio en un comunicado.&nbsp;<\/p>\n<p><strong><em>Si te ha gustado, \u00a1comp\u00e1rtelo con tus amigos!<\/em><\/strong><\/p>\n<\/div>\n","protected":false},"excerpt":{"rendered":"<p>Publicado: 29 may 2021 16:50 GMT El fot\u00f3grafo frances Adrien Mauduit consigui\u00f3 la toma perfecta tras dos horas y 400 intentos. El franc\u00e9s Adrien Mauduit&nbsp;logr\u00f3 una espectacular foto de un&nbsp;reno parado con la&nbsp;aurora boreal de fondo en&nbsp;Troms\u00f8, Noruega.&nbsp; El fot\u00f3grafo intentaba fotografiar al animal, que paseaba por las instalaciones del Observatorio de&nbsp;la Aurora Boreal, cuando, [&hellip;]<\/p>\n","protected":false},"author":1,"featured_media":13901,"comment_status":"closed","ping_status":"closed","sticky":false,"template":"","format":"standard","meta":[],"categories":[22],"tags":[],"_links":{"self":[{"href":"http:\/\/cordobainforma.info\/index.php\/wp-json\/wp\/v2\/posts\/13900"}],"collection":[{"href":"http:\/\/cordobainforma.info\/index.php\/wp-json\/wp\/v2\/posts"}],"about":[{"href":"http:\/\/cordobainforma.info\/index.php\/wp-json\/wp\/v2\/types\/post"}],"author":[{"embeddable":true,"href":"http:\/\/cordobainforma.info\/index.php\/wp-json\/wp\/v2\/users\/1"}],"replies":[{"embeddable":true,"href":"http:\/\/cordobainforma.info\/index.php\/wp-json\/wp\/v2\/comments?post=13900"}],"version-history":[{"count":0,"href":"http:\/\/cordobainforma.info\/index.php\/wp-json\/wp\/v2\/posts\/13900\/revisions"}],"wp:featuredmedia":[{"embeddable":true,"href":"http:\/\/cordobainforma.info\/index.php\/wp-json\/wp\/v2\/media\/13901"}],"wp:attachment":[{"href":"http:\/\/cordobainforma.info\/index.php\/wp-json\/wp\/v2\/media?parent=13900"}],"wp:term":[{"taxonomy":"category","embeddable":true,"href":"http:\/\/cordobainforma.info\/index.php\/wp-json\/wp\/v2\/categories?post=13900"},{"taxonomy":"post_tag","embeddable":true,"href":"http:\/\/cordobainforma.info\/index.php\/wp-json\/wp\/v2\/tags?post=13900"}],"curies":[{"name":"wp","href":"https:\/\/api.w.org\/{rel}","templated":true}]}}