{"id":13889,"date":"2021-05-29T12:00:03","date_gmt":"2021-05-29T12:00:03","guid":{"rendered":"http:\/\/cordobainforma.info\/index.php\/2021\/05\/29\/naomi-osaka-dijo-que-no-hablara-en-las-conferencias-de-roland-garros-para-preservar-su-salud-mental\/"},"modified":"2021-05-29T12:00:03","modified_gmt":"2021-05-29T12:00:03","slug":"naomi-osaka-dijo-que-no-hablara-en-las-conferencias-de-roland-garros-para-preservar-su-salud-mental","status":"publish","type":"post","link":"http:\/\/cordobainforma.info\/index.php\/2021\/05\/29\/naomi-osaka-dijo-que-no-hablara-en-las-conferencias-de-roland-garros-para-preservar-su-salud-mental\/","title":{"rendered":"Naomi Osaka dijo que no hablar\u00e1 en las conferencias de Roland Garros para \u201cpreservar su salud mental\u201d"},"content":{"rendered":"<p>La tenista japonesa <b>Naomi Osaka, n\u00famero 2 del ranking WTA<\/b>, <b>anunci\u00f3 que no participar\u00e1 en ninguna conferencia de prensa durante Roland Garros<\/b> para preservar su salud mental. El segundo Grand Slam del a\u00f1o, que comenzar\u00e1 este domingo, empez\u00f3 a calentar motores con declaraciones de algunos de sus protagonistas.<\/p>\n<p>\u201cEscribo esto para decir que no responder\u00e9 a ninguna pregunta de la prensa durante Roland Garros\u201d, afirm\u00f3 la japonesa en Twitter. \u201cA menudo tuve la sensaci\u00f3n de que la gente no tiene la menor consideraci\u00f3n <b>por la salud mental de los deportistas y eso me choca cada vez que veo una conferencia de prensa<\/b> en la que particip\u00f3\u201d, a\u00f1adi\u00f3 la jugadora de 23 a\u00f1os, ganadora de cuatro torneos de Grand Slams. \u201cA menudo se nos hacen preguntas que ya nos han hecho numerosas veces o preguntas que nos hacen dudar y yo no voy a someterme a personas que dudan de m\u00ed\u201d, prosigui\u00f3.<\/p>\n<blockquote class=\"twitter-tweet\" readability=\"4.6222222222222\">\n<p dir=\"ltr\" lang=\"und\" xml:lang=\"und\">\u2764\ufe0f <a href=\"https:\/\/t.co\/EegFSKnoie\">pic.twitter.com\/EegFSKnoie<\/a><\/p>\n<p>\u2014 NaomiOsaka\u5927\u5742\u306a\u304a\u307f (@naomiosaka) <a href=\"https:\/\/twitter.com\/naomiosaka\/status\/1397665030015959040?ref_src=twsrc%5Etfw\">May 26, 2021<\/a><\/p>\n<\/blockquote>\n<p>Seg\u00fan el reglamento de la WTA y de la ATP, los jugadores y jugadoras est\u00e1n obligados a acudir a las conferencias de prensa de despu\u00e9s de cada partido, bajo amenaza de multa si incumplen. Tambi\u00e9n tienen obligaciones medi\u00e1ticas con los propios torneos. Con esta decisi\u00f3n, <b>Osaka se expone a sanciones de hasta 20.000 d\u00f3lares si no se presenta a las conferencias de prensa.<\/b><\/p>\n<p>Este viernes, <b>Rafael Nadal, 13 veces campe\u00f3n sobre el polvo de ladrillo parisino,<\/b> se\u00f1al\u00f3 que aunque respeta la decisi\u00f3n de Osaka, la cobertura medi\u00e1tica fue lo que llev\u00f3 al \u00e9xito al deporte. \u201c<mark class=\"hl_yellow\"><b>La entiendo, pero en mi opini\u00f3n, sin la gente que escribe las noticias y nuestros logros por el mundo, probablemente no ser\u00edamos los deportistas que somos hoy en d\u00eda<\/b><\/mark>\u201d, afirm\u00f3 Nadal, quien buscar\u00e1 el r\u00e9cord de 21 torneos de Grand Slam, y a\u00f1adi\u00f3: \u201cNo tendr\u00edamos el mismo reconocimiento y popularidad sin los medios.\u201d<\/p>\n<p>Tambi\u00e9n la n\u00famero 1 del mundo y ganadora de Roland Garros en 2019, la australiana <b>Ashleigh Barty<\/b> se desmarc\u00f3 de la intenci\u00f3n de su rival de no comparecer ante la prensa. \u201cNunca tuve problema en responder preguntas. No es algo que me haya desconcentrado mucho. <b>Tampoco es algo que me quite el sue\u00f1o por las noches lo que yo haya dicho u o\u00eddo, o lo que me pregunten<\/b>\u201d, dijo en di\u00e1logo con los periodistas.<\/p>\n<p><img loading=\"lazy\" alt=\"Naomi Osaka de Jap\u00f3n saca en su cuarto partido individual femenino de la ronda contra Garbine Muguruza de Espa\u00f1a el d\u00eda 7 del Abierto de Australia en Melbourne Park en Melbourne, el domingo 14 de febrero de 2021.\" height=\"511\" src=\"http:\/\/cordobainforma.info\/wp-content\/uploads\/2021\/05\/naomi-osaka-dijo-que-no-hablara-en-las-conferencias-de-roland-garros-para-preservar-su-salud-mental.jpg\" width=\"768\"><\/p>\n<caption>Naomi Osaka de Jap\u00f3n saca en su cuarto partido individual femenino de la ronda contra Garbine Muguruza de Espa\u00f1a el d\u00eda 7 del Abierto de Australia en Melbourne Park en Melbourne, el domingo 14 de febrero de 2021. (AAP Image \/ Dean Lewins\/)<\/caption>\n<p>En tanto, por el mismo camino fue el ruso <b>Daniel Medvedev<\/b> quien afirm\u00f3: \u201cSiempre trato de venir a las conferencias de prensa, est\u00e9 de buen o de mal humor. <b>Incluso, a veces, con mal humor puedo estar de mejor \u00e1nimo despu\u00e9s de hablar con la prensa<\/b>.\u201d<\/p>\n<p>Adem\u00e1s, el presidente de la Federaci\u00f3n Francesa de Tenis (FFT), organizadora de Roland Garros, lament\u00f3 la decisi\u00f3n de Osaka.\u201dEs un gran error y esto muestra hasta qu\u00e9 punto en nuestro deporte necesitamos una gobernanza fuerte. Lo que pasa ah\u00ed no es, a mi juicio, aceptable. Hay reglas, normas, vamos a hablar de penalizaciones, de multas, pero m\u00e1s all\u00e1 de eso es el tenis lo que queremos promocionar\u201d, afirm\u00f3 Gilles Moretton.<\/p>\n<p>\u201cVamos a ver a lo largo del torneo c\u00f3mo se va a comportar. No s\u00e9 cu\u00e1l ser\u00e1 su actitud en los pr\u00f3ximos d\u00edas, pero esto no env\u00eda un mensaje muy positivo\u201d, estim\u00f3 por su parte el director de Roland Garros, Guy Forget.<\/p>\n","protected":false},"excerpt":{"rendered":"<p>La tenista japonesa Naomi Osaka, n\u00famero 2 del ranking WTA, anunci\u00f3 que no participar\u00e1 en ninguna conferencia de prensa durante Roland Garros para preservar su salud mental. El segundo Grand Slam del a\u00f1o, que comenzar\u00e1 este domingo, empez\u00f3 a calentar motores con declaraciones de algunos de sus protagonistas. \u201cEscribo esto para decir que no responder\u00e9 [&hellip;]<\/p>\n","protected":false},"author":1,"featured_media":13890,"comment_status":"closed","ping_status":"closed","sticky":false,"template":"","format":"standard","meta":[],"categories":[2],"tags":[],"_links":{"self":[{"href":"http:\/\/cordobainforma.info\/index.php\/wp-json\/wp\/v2\/posts\/13889"}],"collection":[{"href":"http:\/\/cordobainforma.info\/index.php\/wp-json\/wp\/v2\/posts"}],"about":[{"href":"http:\/\/cordobainforma.info\/index.php\/wp-json\/wp\/v2\/types\/post"}],"author":[{"embeddable":true,"href":"http:\/\/cordobainforma.info\/index.php\/wp-json\/wp\/v2\/users\/1"}],"replies":[{"embeddable":true,"href":"http:\/\/cordobainforma.info\/index.php\/wp-json\/wp\/v2\/comments?post=13889"}],"version-history":[{"count":0,"href":"http:\/\/cordobainforma.info\/index.php\/wp-json\/wp\/v2\/posts\/13889\/revisions"}],"wp:featuredmedia":[{"embeddable":true,"href":"http:\/\/cordobainforma.info\/index.php\/wp-json\/wp\/v2\/media\/13890"}],"wp:attachment":[{"href":"http:\/\/cordobainforma.info\/index.php\/wp-json\/wp\/v2\/media?parent=13889"}],"wp:term":[{"taxonomy":"category","embeddable":true,"href":"http:\/\/cordobainforma.info\/index.php\/wp-json\/wp\/v2\/categories?post=13889"},{"taxonomy":"post_tag","embeddable":true,"href":"http:\/\/cordobainforma.info\/index.php\/wp-json\/wp\/v2\/tags?post=13889"}],"curies":[{"name":"wp","href":"https:\/\/api.w.org\/{rel}","templated":true}]}}