{"id":13866,"date":"2021-05-29T11:23:00","date_gmt":"2021-05-29T11:23:00","guid":{"rendered":"https:\/\/elobjetivo.com.ar\/contenido\/34634\/el-manchester-city-y-el-chelsea-definen-al-campeon-de-europa"},"modified":"2021-05-29T11:23:00","modified_gmt":"2021-05-29T11:23:00","slug":"el-manchester-city-y-el-chelsea-definen-al-campeon-de-europa","status":"publish","type":"post","link":"http:\/\/cordobainforma.info\/index.php\/2021\/05\/29\/el-manchester-city-y-el-chelsea-definen-al-campeon-de-europa\/","title":{"rendered":"El Manchester City y el Chelsea definen al campe\u00f3n de Europa"},"content":{"rendered":"<p><img src=\"http:\/\/cordobainforma.info\/wp-content\/uploads\/2021\/05\/el-manchester-city-y-el-chelsea-definen-al-campeon-de-europa.jpg\"><\/p>\n<div readability=\"32\"> <img alt=\"m city chelsea (1)\" class=\"img-responsive\" height=\"667\" loading=\"lazy\" sizes=\"auto\" src=\"http:\/\/cordobainforma.info\/wp-content\/uploads\/2021\/05\/el-manchester-city-y-el-chelsea-definen-al-campeon-de-europa.jpg\" srcset=\"http:\/\/cordobainforma.info\/wp-content\/uploads\/2021\/05\/el-manchester-city-y-el-chelsea-definen-al-campeon-de-europa.jpg 1000w, http:\/\/cordobainforma.info\/wp-content\/uploads\/2021\/05\/el-manchester-city-y-el-chelsea-definen-al-campeon-de-europa-2.jpg 400w\" width=\"1000\"> <\/p>\n<p> <span>El Manchester City y el Chelsea definen al campe\u00f3n de Europa. Foto: Marca.<\/span> <\/p>\n<\/p><\/div>\n<div readability=\"72\">\n<p>Manchester City, dirigido por el catal\u00e1n Josep \u00abPep\u00bb Guardiola y con el argentino Sergio \u00abKun\u00bb Ag\u00fcero entre los suplentes, se medir\u00e1 hoy con el Chelsea en una final inglesa de la Liga de Campeones que consagrar\u00e1 a un nuevo monarca del torneo m\u00e1s prestigioso de Europa a nivel de clubes.<\/p>\n<p>La final se jugar\u00e1 en el Estadio do Dragao, en la ciudad portuguesa de Oporto, con capacidad para 50.033 espectadores, aunque debido a la pandemia de coronavirus solo habr\u00e1 12.000, a partir de las 16:00 (hora de la Argentina), con el arbitraje del espa\u00f1ol Mateu Lahoz y televisaci\u00f3n de la se\u00f1al ESPN.<\/p>\n<p>En caso de que la final concluya igualada al t\u00e9rmino de los 90 minutos, se jugar\u00e1 un alargue de 30 minutos y de subsistir el empate se determinar\u00e1 el campe\u00f3n con remates desde el punto penal, hecho que se dio siete veces desde que existe la Liga de Campeones (1992-93) y cuatro cuando se denominaba Copa de Campeones de Europa (entre 1955\/56 y 1991\/92).<\/p>\n<p>Para el Chelsea ser\u00e1 la tercera final de Liga de Campeones de su historia. La perdi\u00f3 en 2007\/08 ante el Manchester United y en 2011\/12 la gan\u00f3 ante el Bayern M\u00fanich alem\u00e1n, en ambos caso con definici\u00f3n en serie de penales, mientras que para el City ser\u00e1 su primera ocasi\u00f3n para conquistarla.<\/p>\n<p><img alt=\"Aguero\" class=\"img-responsive\" height=\"565\" loading=\"lazy\" sizes=\"auto\" src=\"http:\/\/cordobainforma.info\/wp-content\/uploads\/2021\/05\/el-manchester-city-y-el-chelsea-definen-al-campeon-de-europa-1.jpg\" srcset=\"http:\/\/cordobainforma.info\/wp-content\/uploads\/2021\/05\/el-manchester-city-y-el-chelsea-definen-al-campeon-de-europa-1.jpg 1004w, http:\/\/cordobainforma.info\/wp-content\/uploads\/2021\/05\/el-manchester-city-y-el-chelsea-definen-al-campeon-de-europa-3.jpg 400w\" width=\"1004\"><\/p>\n<p>Cada equipo podr\u00e1 contar con 6.000 hinchas y en el caso del Manchester City el propietario del club, el jeque Mansour Bin Zayed al Nayan, pagar\u00e1 los gastos de desplazamiento de los aficionados que se trasladen a Oporto.<\/p>\n<p>En el City, actual campe\u00f3n de la Premier League, se espera que el \u00abKun\u00bb Ag\u00fcero integre el banco de suplentes con la posibilidad de jugar un pu\u00f1ado de minutos en su despedida, ya que desde la pr\u00f3xima temporada jugar\u00e1 en el Barcelona junto a Lionel Messi.<\/p>\n<p><strong>Fuente: T\u00e9lam&nbsp;<\/strong><\/p>\n<\/p><\/div>\n","protected":false},"excerpt":{"rendered":"<p>El Manchester City y el Chelsea definen al campe\u00f3n de Europa. Foto: Marca. Manchester City, dirigido por el catal\u00e1n Josep \u00abPep\u00bb Guardiola y con el argentino Sergio \u00abKun\u00bb Ag\u00fcero entre los suplentes, se medir\u00e1 hoy con el Chelsea en una final inglesa de la Liga de Campeones que consagrar\u00e1 a un nuevo monarca del torneo [&hellip;]<\/p>\n","protected":false},"author":1,"featured_media":13867,"comment_status":"open","ping_status":"closed","sticky":false,"template":"","format":"standard","meta":[],"categories":[20],"tags":[],"_links":{"self":[{"href":"http:\/\/cordobainforma.info\/index.php\/wp-json\/wp\/v2\/posts\/13866"}],"collection":[{"href":"http:\/\/cordobainforma.info\/index.php\/wp-json\/wp\/v2\/posts"}],"about":[{"href":"http:\/\/cordobainforma.info\/index.php\/wp-json\/wp\/v2\/types\/post"}],"author":[{"embeddable":true,"href":"http:\/\/cordobainforma.info\/index.php\/wp-json\/wp\/v2\/users\/1"}],"replies":[{"embeddable":true,"href":"http:\/\/cordobainforma.info\/index.php\/wp-json\/wp\/v2\/comments?post=13866"}],"version-history":[{"count":0,"href":"http:\/\/cordobainforma.info\/index.php\/wp-json\/wp\/v2\/posts\/13866\/revisions"}],"wp:featuredmedia":[{"embeddable":true,"href":"http:\/\/cordobainforma.info\/index.php\/wp-json\/wp\/v2\/media\/13867"}],"wp:attachment":[{"href":"http:\/\/cordobainforma.info\/index.php\/wp-json\/wp\/v2\/media?parent=13866"}],"wp:term":[{"taxonomy":"category","embeddable":true,"href":"http:\/\/cordobainforma.info\/index.php\/wp-json\/wp\/v2\/categories?post=13866"},{"taxonomy":"post_tag","embeddable":true,"href":"http:\/\/cordobainforma.info\/index.php\/wp-json\/wp\/v2\/tags?post=13866"}],"curies":[{"name":"wp","href":"https:\/\/api.w.org\/{rel}","templated":true}]}}