{"id":13851,"date":"2021-05-28T23:33:00","date_gmt":"2021-05-28T23:33:00","guid":{"rendered":"https:\/\/ahora.com.ar\/\/brindaran-apoyo-los-entrerrianos-que-iran-al-mundial-canotaje-n4236566"},"modified":"2021-05-28T23:33:00","modified_gmt":"2021-05-28T23:33:00","slug":"brindaran-apoyo-a-los-entrerrianos-que-iran-al-mundial-de-canotaje","status":"publish","type":"post","link":"http:\/\/cordobainforma.info\/index.php\/2021\/05\/28\/brindaran-apoyo-a-los-entrerrianos-que-iran-al-mundial-de-canotaje\/","title":{"rendered":"Brindar\u00e1n apoyo a los entrerrianos que ir\u00e1n al Mundial de Canotaje"},"content":{"rendered":"<div><img src=\"http:\/\/cordobainforma.info\/wp-content\/uploads\/2021\/05\/brindaran-apoyo-a-los-entrerrianos-que-iran-al-mundial-de-canotaje.jpg\" class=\"ff-og-image-inserted\"><\/div>\n<div id=\"article-post\">\n<header class=\"article-info-wrapper\" readability=\"31.037593984962\">\n<p><span class=\"fecha-detallenota\">28 de mayo de 2021 &#8211; 20:05<\/span><\/p>\n<p class=\"interiorCopete\"> AYUDAR\u00c1N A PALISTAS ENTRERRIANOS #Canotaje<br \/>\nLa Provincia otorgar\u00e1 recursos para que puedan trasladarse y realizar su entrenamiento previo a la cita, en septiembre<\/p>\n<\/header>\n<\/div>\n<div id=\"article-post\">\n<div class=\"cuerpo\" data-twitter-link=\"https:\/\/twitter.com\/intent\/tweet?url=https:\/\/ahora.com.ar\/c4236566&amp;via=PlataformaAhora&amp;related=Ahora&amp;text=\" readability=\"11.081967213115\">\n<p>Funcionarios de la <strong>Secretar\u00eda de Deportes de Entre R\u00edos<\/strong> mantuvieron una reuni\u00f3n virtual con <strong>dirigentes y atletas entrerrianos clasificados al Mundial de Canotaje<\/strong> que se llevar\u00e1 adelante en Rumania en septiembre. En ese encuentro, se inform\u00f3 a los atletas que <strong>desde el gobierno provincial se generar\u00e1n aportes econ\u00f3micos para acompa\u00f1arlos en la cita ecum\u00e9nica<\/strong>. Fue luego de conocerse que, algunos de ellos, <a href=\"https:\/\/ahora.com.ar\/un-joven-vende-pizzas-poder-competir-el-mundial-canotaje-n4236565\">vend\u00edan pizzas para poder costear los gastos que demanda la competencia<\/a>.<\/p>\n<\/div>\n<\/div>\n<div id=\"article-post\">\n<div class=\"cuerpo\" data-twitter-link=\"https:\/\/twitter.com\/intent\/tweet?url=https:\/\/ahora.com.ar\/c4236566&amp;via=PlataformaAhora&amp;related=Ahora&amp;text=\" readability=\"41\">\n<p>El equipo de marat\u00f3n junior-senior que representar\u00e1 al pa\u00eds est\u00e1 compuesto por <strong>19 palistas de distintos puntos del pa\u00eds, de los cuales 11 son entrerrianos<\/strong>. El certamen se desarrollar\u00e1 en la ciudad de Pitesti, Rumania, entre el 30 de septiembre y el 3 de octubre pr\u00f3ximo.<\/p>\n<p>\u201cComo ha sucedido tantas veces en esta gesti\u00f3n, <strong>tenemos el compromiso de asistirlos en esta oportunidad tambi\u00e9n<\/strong>. Desde el gobierno provincial y continuando con la pol\u00edtica deportiva que nos se\u00f1alan el gobernador Gustavo Bordet y la ministra de Desarrollo Social, Marisa Paira, la intenci\u00f3n es acompa\u00f1arlos econ\u00f3micamente en este desaf\u00edo\u00bb remarcaron los funcionarios.<\/p>\n<p>La charla fue encabezada por el secretario de Deportes, <strong>Jos\u00e9 G\u00f3mez<\/strong>, quien estuvo acompa\u00f1ado por el subsecretario de Deporte Social y Federado, Adri\u00e1n Perotti. Participaron el director de Deportes de Concepci\u00f3n del Uruguay, Osvaldo L\u00f3pez, y el secretario de Poder Popular a cargo de la Direcci\u00f3n de Deportes de Gualeguaych\u00fa, Adri\u00e1n Romani.<\/p>\n<p>Adem\u00e1s estuvieron Marcelo Hugo Cabrera, presidente de la Federaci\u00f3n Entrerriana de Canotaje; Daniel Marchetti, presidente de la comisi\u00f3n de marat\u00f3n de la Federaci\u00f3n Argentina de Canoas; el entrenador Tom\u00e1s Itria; y las y los atletas Magdalena Garro, Micaela Maslein, Delfina Basconcel, Manuel Garaycochea y Mauricio Caffa.<\/p>\n<\/p><\/div>\n<\/div>\n","protected":false},"excerpt":{"rendered":"<p>28 de mayo de 2021 &#8211; 20:05 AYUDAR\u00c1N A PALISTAS ENTRERRIANOS #Canotaje La Provincia otorgar\u00e1 recursos para que puedan trasladarse y realizar su entrenamiento previo a la cita, en septiembre Funcionarios de la Secretar\u00eda de Deportes de Entre R\u00edos mantuvieron una reuni\u00f3n virtual con dirigentes y atletas entrerrianos clasificados al Mundial de Canotaje que se [&hellip;]<\/p>\n","protected":false},"author":1,"featured_media":13852,"comment_status":"closed","ping_status":"closed","sticky":false,"template":"","format":"standard","meta":[],"categories":[20],"tags":[],"_links":{"self":[{"href":"http:\/\/cordobainforma.info\/index.php\/wp-json\/wp\/v2\/posts\/13851"}],"collection":[{"href":"http:\/\/cordobainforma.info\/index.php\/wp-json\/wp\/v2\/posts"}],"about":[{"href":"http:\/\/cordobainforma.info\/index.php\/wp-json\/wp\/v2\/types\/post"}],"author":[{"embeddable":true,"href":"http:\/\/cordobainforma.info\/index.php\/wp-json\/wp\/v2\/users\/1"}],"replies":[{"embeddable":true,"href":"http:\/\/cordobainforma.info\/index.php\/wp-json\/wp\/v2\/comments?post=13851"}],"version-history":[{"count":0,"href":"http:\/\/cordobainforma.info\/index.php\/wp-json\/wp\/v2\/posts\/13851\/revisions"}],"wp:featuredmedia":[{"embeddable":true,"href":"http:\/\/cordobainforma.info\/index.php\/wp-json\/wp\/v2\/media\/13852"}],"wp:attachment":[{"href":"http:\/\/cordobainforma.info\/index.php\/wp-json\/wp\/v2\/media?parent=13851"}],"wp:term":[{"taxonomy":"category","embeddable":true,"href":"http:\/\/cordobainforma.info\/index.php\/wp-json\/wp\/v2\/categories?post=13851"},{"taxonomy":"post_tag","embeddable":true,"href":"http:\/\/cordobainforma.info\/index.php\/wp-json\/wp\/v2\/tags?post=13851"}],"curies":[{"name":"wp","href":"https:\/\/api.w.org\/{rel}","templated":true}]}}