{"id":13845,"date":"2021-05-28T16:39:07","date_gmt":"2021-05-28T16:39:07","guid":{"rendered":"http:\/\/cordobainforma.info\/index.php\/2021\/05\/28\/se-dedicaban-a-elogiar-a-los-politicos-corruptos-de-mexico-lopez-obrador-responde-a-the-economist-y-su-acusacion-de-falso-mesias\/"},"modified":"2021-05-28T16:39:07","modified_gmt":"2021-05-28T16:39:07","slug":"se-dedicaban-a-elogiar-a-los-politicos-corruptos-de-mexico-lopez-obrador-responde-a-the-economist-y-su-acusacion-de-falso-mesias","status":"publish","type":"post","link":"http:\/\/cordobainforma.info\/index.php\/2021\/05\/28\/se-dedicaban-a-elogiar-a-los-politicos-corruptos-de-mexico-lopez-obrador-responde-a-the-economist-y-su-acusacion-de-falso-mesias\/","title":{"rendered":"\u00abSe dedicaban a elogiar a los pol\u00edticos corruptos de M\u00e9xico\u00bb: L\u00f3pez Obrador responde a The Economist y su acusaci\u00f3n de \u00abfalso mes\u00edas\u00bb"},"content":{"rendered":"<p><img src=\"http:\/\/cordobainforma.info\/wp-content\/uploads\/2021\/05\/se-dedicaban-a-elogiar-a-los-politicos-corruptos-de-mexico-lopez-obrador-responde-a-the-economist-y-su-acusacion-de-falso-mesias.jpg\"><\/p>\n<div><img src=\"http:\/\/cordobainforma.info\/wp-content\/uploads\/2021\/05\/se-dedicaban-a-elogiar-a-los-politicos-corruptos-de-mexico-lopez-obrador-responde-a-the-economist-y-su-acusacion-de-falso-mesias-2.jpg\" class=\"ff-og-image-inserted\"><\/div>\n<div readability=\"32\">\n<p><span>Publicado:<\/span><time class=\"Timestamp-root Timestamp-isBlackColor \" datetime=\"2021-05-28T16:39:07+00:00\"> 28 may 2021 16:39 GMT <\/time><\/p>\n<\/div>\n<div readability=\"33\">\n<p> El mandatario mexicano calific\u00f3 como \u00abmajadera\u00bb y \u00abmuy grosera\u00bb la manera en que la revista brit\u00e1nica se refiri\u00f3 a \u00e9l. <\/p>\n<\/div>\n<div readability=\"88.251078854453\">\n<p>El presidente de M\u00e9xico, Andr\u00e9s Manuel L\u00f3pez Obrador, respondi\u00f3 este viernes a la revista The Economist, que calific\u00f3 al mandatario de \u00abfalso mes\u00edas\u00bb en su m\u00e1s reciente edici\u00f3n,&nbsp;publicada a pocos d\u00edas de las&nbsp;<a href=\"https:\/\/actualidad.rt.com\/actualidad\/393389-ataques-secuestros-candidatos-asesinados-mexico-elecciones\" target=\"_blank\" rel=\"noopener noreferrer\">elecciones<\/a>&nbsp;en el pa\u00eds latinoamericano.<\/p>\n<p>\u00abEst\u00e1n muy molestos quienes apoyaron durante mucho tiempo el modelo neoliberal, que no es m\u00e1s que una pol\u00edtica de pillaje. Y estas revistas o peri\u00f3dicos del extranjero <strong>se dedicaron a aplaudir las pol\u00edticas neoliberales<\/strong>, est\u00e1n a favor de las privatizaciones y siempre guardaron silencio frente a la corrupci\u00f3n que imper\u00f3\u00bb, dijo L\u00f3pez Obrador.<\/p>\n<p>\u00abSe dedicaban nada m\u00e1s a elogiar a los pol\u00edticos corruptos de M\u00e9xico, porque son conservadores. <strong>Ahora est\u00e1n molestos<\/strong> porque la gente est\u00e1 apoyando una transformaci\u00f3n\u00bb, apunt\u00f3 el mandatario en su conferencia de prensa matutina.<\/p>\n<p>En el art\u00edculo de The Economist&nbsp;se compara a L\u00f3pez Obrador con otros l\u00edderes populistas de la regi\u00f3n y se le califica como&nbsp;\u00abun peligro para la democracia\u00bb. \u00abEl falso mes\u00edas de M\u00e9xico. Los votantes deben frenar al presidente de M\u00e9xico, hambriento de poder. Andr\u00e9s Manuel L\u00f3pez Obrador busca pol\u00edticas ruinosas con medios inapropiados\u00bb,&nbsp;recoge el art\u00edculo de la revista.<\/p>\n<p>\u00abSacan esta portada,&nbsp;<strong>majadera, muy grosera<\/strong>, desde luego mentirosa, llam\u00e1ndome el falso mes\u00edas (&#8230;) Y todav\u00eda con falta de \u00e9tica, llaman a los mexicanos a que no voten por lo que nosotros podemos representar\u00bb, critic\u00f3 el mandatario.<\/p>\n<h3>Una carta previa<\/h3>\n<p>Tras la publicaci\u00f3n de The Economist, el jueves, el canciller Marcelo Ebrard, titular de la Secretar\u00eda de Relaciones Exteriores (SRE), <a href=\"https:\/\/actualidad.rt.com\/actualidad\/393423-ebrard-responde-economist-lopez-obrador-mesias\" target=\"_blank\" rel=\"noopener noreferrer\">envi\u00f3<\/a> una carta a la revista se\u00f1alando que la publicaci\u00f3n no est\u00e1 entendiendo el proceso de transformaci\u00f3n impulsado por el mandatario, que prioriza a los sectores menos favorecidos, y la acus\u00f3 de intentar influir en los comicios m\u00e1s grandes del pa\u00eds, al invitar a que se vote en contra de L\u00f3pez Obrador y su partido.<\/p>\n<p>\u00abLa opini\u00f3n y el llamado sorprenden, no por la posici\u00f3n ideol\u00f3gica de su medio, sino por&nbsp;<strong>su virulencia y fragilidad argumentativa<\/strong>. Detr\u00e1s de estas pareciera permear la visi\u00f3n de que la mayor\u00eda de la sociedad mexicana, sobre todo la de menos recursos, est\u00e1 equivocada y apoya a quien no debe. La portada de hoy es la s\u00edntesis de la exasperaci\u00f3n\u00bb, dice la misiva.<\/p>\n<h3><\/h3>\n<\/div>\n","protected":false},"excerpt":{"rendered":"<p>Publicado: 28 may 2021 16:39 GMT El mandatario mexicano calific\u00f3 como \u00abmajadera\u00bb y \u00abmuy grosera\u00bb la manera en que la revista brit\u00e1nica se refiri\u00f3 a \u00e9l. El presidente de M\u00e9xico, Andr\u00e9s Manuel L\u00f3pez Obrador, respondi\u00f3 este viernes a la revista The Economist, que calific\u00f3 al mandatario de \u00abfalso mes\u00edas\u00bb en su m\u00e1s reciente edici\u00f3n,&nbsp;publicada a [&hellip;]<\/p>\n","protected":false},"author":1,"featured_media":13846,"comment_status":"closed","ping_status":"closed","sticky":false,"template":"","format":"standard","meta":[],"categories":[22],"tags":[],"_links":{"self":[{"href":"http:\/\/cordobainforma.info\/index.php\/wp-json\/wp\/v2\/posts\/13845"}],"collection":[{"href":"http:\/\/cordobainforma.info\/index.php\/wp-json\/wp\/v2\/posts"}],"about":[{"href":"http:\/\/cordobainforma.info\/index.php\/wp-json\/wp\/v2\/types\/post"}],"author":[{"embeddable":true,"href":"http:\/\/cordobainforma.info\/index.php\/wp-json\/wp\/v2\/users\/1"}],"replies":[{"embeddable":true,"href":"http:\/\/cordobainforma.info\/index.php\/wp-json\/wp\/v2\/comments?post=13845"}],"version-history":[{"count":0,"href":"http:\/\/cordobainforma.info\/index.php\/wp-json\/wp\/v2\/posts\/13845\/revisions"}],"wp:featuredmedia":[{"embeddable":true,"href":"http:\/\/cordobainforma.info\/index.php\/wp-json\/wp\/v2\/media\/13846"}],"wp:attachment":[{"href":"http:\/\/cordobainforma.info\/index.php\/wp-json\/wp\/v2\/media?parent=13845"}],"wp:term":[{"taxonomy":"category","embeddable":true,"href":"http:\/\/cordobainforma.info\/index.php\/wp-json\/wp\/v2\/categories?post=13845"},{"taxonomy":"post_tag","embeddable":true,"href":"http:\/\/cordobainforma.info\/index.php\/wp-json\/wp\/v2\/tags?post=13845"}],"curies":[{"name":"wp","href":"https:\/\/api.w.org\/{rel}","templated":true}]}}