{"id":13843,"date":"2021-05-28T16:56:01","date_gmt":"2021-05-28T16:56:01","guid":{"rendered":"http:\/\/cordobainforma.info\/index.php\/2021\/05\/28\/bolsonaro-pide-nuevamente-al-supremo-que-deje-sin-efecto-las-medidas-anticovid-en-tres-estados-del-pais\/"},"modified":"2021-05-28T16:56:01","modified_gmt":"2021-05-28T16:56:01","slug":"bolsonaro-pide-nuevamente-al-supremo-que-deje-sin-efecto-las-medidas-anticovid-en-tres-estados-del-pais","status":"publish","type":"post","link":"http:\/\/cordobainforma.info\/index.php\/2021\/05\/28\/bolsonaro-pide-nuevamente-al-supremo-que-deje-sin-efecto-las-medidas-anticovid-en-tres-estados-del-pais\/","title":{"rendered":"Bolsonaro pide nuevamente al Supremo que deje sin efecto las medidas anticovid en tres estados del pa\u00eds"},"content":{"rendered":"<p><img src=\"http:\/\/cordobainforma.info\/wp-content\/uploads\/2021\/05\/bolsonaro-pide-nuevamente-al-supremo-que-deje-sin-efecto-las-medidas-anticovid-en-tres-estados-del-pais.jpg\"><\/p>\n<div><img src=\"http:\/\/cordobainforma.info\/wp-content\/uploads\/2021\/05\/bolsonaro-pide-nuevamente-al-supremo-que-deje-sin-efecto-las-medidas-anticovid-en-tres-estados-del-pais-2.jpg\" class=\"ff-og-image-inserted\"><\/div>\n<div readability=\"32\">\n<p><span>Publicado:<\/span><time class=\"Timestamp-root Timestamp-isBlackColor \" datetime=\"2021-05-28T16:56:01+00:00\"> 28 may 2021 16:56 GMT <\/time><\/p>\n<\/div>\n<div readability=\"36\">\n<p> El mandatario, a trav\u00e9s de la Procuradur\u00eda, argument\u00f3 que las restricciones en Paran\u00e1, Pernambuco y R\u00edo Grande del Norte atentan contra los derechos fundamentales de los ciudadanos. <\/p>\n<\/div>\n<div readability=\"89.633550488599\">\n<p>El presidente de Brasil, Jair Bolsonaro, pidi\u00f3 al Supremo Tribunal Federal (STF) que deje sin efecto las restricciones y el toque de queda impuestos por los gobernadores de los estados de Paran\u00e1, Pernambuco y R\u00edo Grande del Norte, como medidas de contenci\u00f3n ante la grave situaci\u00f3n causada por la pandemia.<\/p>\n<p>El estado de Paran\u00e1 ocupa el tercer lugar de casos acumulados en el pa\u00eds, con&nbsp;<strong>1.079.255 <\/strong><strong>contagios<\/strong> y <strong>25.966 muertes<\/strong>.<strong>&nbsp;<\/strong>Por su parte, Pernambuco alcanza 452.590 personas contagiadas y 15.595 fallecidas, mientras que R\u00edo Grande del Norte tiene 264.415 contagiados y 6.049 fallecidos por causa de esta enfermedad.<\/p>\n<p>El mandatario interpuso ante el STF una <strong>acci\u00f3n directa de inconstitucionalidad<\/strong> por las medidas de confinamiento obligatorio establecidas por estas autoridades regionales para restringir la circulaci\u00f3n ante el aumento de casos de coronavirus, a trav\u00e9s de la Oficina de Abogac\u00eda del Estado o Procuradur\u00eda (organismo que defiende al Ejecutivo en procesos judiciales).<\/p>\n<p>Seg\u00fan la petici\u00f3n, que fue firmada por el fiscal general de la Uni\u00f3n, Andr\u00e9 Mendon\u00e7a, con este recurso interpuesto por la Presidencia se busca asegurar la \u00ab<strong>convivencia de garant\u00edas y de derechos fundamentales de los ciudadanos<\/strong>\u00ab,&nbsp;como el libre tr\u00e1nsito y los derechos al trabajo y a la subsistencia, a la vida y a la salud \u00abmediante la aplicaci\u00f3n de los principios constitucionales de legalidad, proporcionalidad, democracia y Estado de derecho\u00bb.<\/p>\n<p>Bolsonaro se ha mostrado reacio a establecer protocolos sanitarios y tomar resoluciones para evitar el avance de los contagios de coronavirus en pro del restablecimiento de la actividad econ\u00f3mica. En el pa\u00eds se registraron <strong>67.467 casos en las \u00faltimas 24 horas<\/strong>, para un total de 16.342.162 contagios, <strong>y 2.245 muertes<\/strong>, lo que suma 456.674 fallecidos desde que comenz\u00f3 la pandemia.<\/p>\n<p>El pasado domingo, el mandatario <a href=\"https:\/\/actualidad.rt.com\/actualidad\/392978-bolsonaro-caravana-motociclistas-rio-janeiro-aglomeracion-muertes-covid-19\" target=\"_blank\" rel=\"noopener noreferrer\">particip\u00f3<\/a> sin mascarilla en una pol\u00e9mica caravana de motociclistas en la ciudad de R\u00edo de Janeiro, donde hubo aglomeraciones, a pesar de que est\u00e1n prohibidos los actos p\u00fablicos hasta finales de este mes.<\/p>\n<p>Ya en marzo de este a\u00f1o, el presidente brasile\u00f1o, que acumula m\u00e1s de cien solicitudes de juicio pol\u00edtico desde que comenz\u00f3 su mandato en 2019, hab\u00eda interpuesto un recurso de este tipo contra varios decretos de los gobiernos federales de Bah\u00eda, R\u00edo Grande del Sur y el Distrito Federal de Brasilia, donde se establecieron toques de queda para evitar la propagaci\u00f3n del covid-19.<\/p>\n<\/div>\n","protected":false},"excerpt":{"rendered":"<p>Publicado: 28 may 2021 16:56 GMT El mandatario, a trav\u00e9s de la Procuradur\u00eda, argument\u00f3 que las restricciones en Paran\u00e1, Pernambuco y R\u00edo Grande del Norte atentan contra los derechos fundamentales de los ciudadanos. El presidente de Brasil, Jair Bolsonaro, pidi\u00f3 al Supremo Tribunal Federal (STF) que deje sin efecto las restricciones y el toque de [&hellip;]<\/p>\n","protected":false},"author":1,"featured_media":13844,"comment_status":"closed","ping_status":"closed","sticky":false,"template":"","format":"standard","meta":[],"categories":[22],"tags":[],"_links":{"self":[{"href":"http:\/\/cordobainforma.info\/index.php\/wp-json\/wp\/v2\/posts\/13843"}],"collection":[{"href":"http:\/\/cordobainforma.info\/index.php\/wp-json\/wp\/v2\/posts"}],"about":[{"href":"http:\/\/cordobainforma.info\/index.php\/wp-json\/wp\/v2\/types\/post"}],"author":[{"embeddable":true,"href":"http:\/\/cordobainforma.info\/index.php\/wp-json\/wp\/v2\/users\/1"}],"replies":[{"embeddable":true,"href":"http:\/\/cordobainforma.info\/index.php\/wp-json\/wp\/v2\/comments?post=13843"}],"version-history":[{"count":0,"href":"http:\/\/cordobainforma.info\/index.php\/wp-json\/wp\/v2\/posts\/13843\/revisions"}],"wp:featuredmedia":[{"embeddable":true,"href":"http:\/\/cordobainforma.info\/index.php\/wp-json\/wp\/v2\/media\/13844"}],"wp:attachment":[{"href":"http:\/\/cordobainforma.info\/index.php\/wp-json\/wp\/v2\/media?parent=13843"}],"wp:term":[{"taxonomy":"category","embeddable":true,"href":"http:\/\/cordobainforma.info\/index.php\/wp-json\/wp\/v2\/categories?post=13843"},{"taxonomy":"post_tag","embeddable":true,"href":"http:\/\/cordobainforma.info\/index.php\/wp-json\/wp\/v2\/tags?post=13843"}],"curies":[{"name":"wp","href":"https:\/\/api.w.org\/{rel}","templated":true}]}}