{"id":13834,"date":"2021-05-28T15:04:44","date_gmt":"2021-05-28T15:04:44","guid":{"rendered":"http:\/\/playfmradio.com\/?p=14613"},"modified":"2021-05-28T15:04:44","modified_gmt":"2021-05-28T15:04:44","slug":"tras-la-medida-de-fuerza-el-gobierno-rechaza-el-traslado-de-medicos-residentes","status":"publish","type":"post","link":"http:\/\/cordobainforma.info\/index.php\/2021\/05\/28\/tras-la-medida-de-fuerza-el-gobierno-rechaza-el-traslado-de-medicos-residentes\/","title":{"rendered":"Tras la medida de fuerza, el gobierno rechaza el traslado de m\u00e9dicos residentes"},"content":{"rendered":"<p><em>Los trabajadores iniciaron asambleas y paro de actividades por la transferencia compulsiva del personal m\u00e9dico. La medida quedo sin efecto.<\/em><\/p>\n<p>Luego de una jornada de protesta en diferentes hospitales provinciales y un paro de actividades de los m\u00e9dicos residentes, finalmente la Uni\u00f3n de Trabajadores de la Salud (UTS), consiguieron que el Gobierno de C\u00f3rdoba haga lugar a sus reclamos.<\/p>\n<p>Por su lado, los m\u00e9dicos residentes exclamaron la necesidad de que se escuche a los trabajadores de la Salud y a sus organizaciones en la planificaci\u00f3n sanitaria frente a la pandemia.<\/p>\n<p>Por otro lado,exigen el reconocimiento pleno de los derechos laborales de los profesionales en formaci\u00f3n que son vitales para el sostenimiento del Sistema de Salud.<\/p>\n<p><strong>Por: Carla Madera<\/strong><\/p>\n<p><a class=\"synved-social-button synved-social-button-share synved-social-size-32 synved-social-resolution-single synved-social-provider-facebook nolightbox\" data-provider=\"facebook\" target=\"_blank\" rel=\"nofollow noopener noreferrer\" title=\"Share on Facebook\" href=\"http:\/\/www.facebook.com\/sharer.php?u=http%3A%2F%2Fplayfmradio.com%2Ftras-la-medida-de-fuerza-el-gobierno-rechaza-el-traslado-de-medicos-residentes%2F&amp;t=Tras%20la%20medida%20de%20fuerza%2C%20el%20gobierno%20rechaza%20el%20traslado%20de%20m%C3%A9dicos%20residentes&amp;s=100&amp;p[url]=http%3A%2F%2Fplayfmradio.com%2Ftras-la-medida-de-fuerza-el-gobierno-rechaza-el-traslado-de-medicos-residentes%2F&amp;p[images][0]=http%3A%2F%2Fplayfmradio.com%2Fwp-content%2Fuploads%2F2021%2F05%2F7WHIBMSFHZDQPNEVBIUFTWQVNY.jpg&amp;p[title]=Tras%20la%20medida%20de%20fuerza%2C%20el%20gobierno%20rechaza%20el%20traslado%20de%20m%C3%A9dicos%20residentes\"><img loading=\"lazy\" alt=\"Facebook\" title=\"Share on Facebook\" class=\"synved-share-image synved-social-image synved-social-image-share\" width=\"32\" height=\"32\" src=\"http:\/\/cordobainforma.info\/wp-content\/uploads\/2021\/05\/tras-la-medida-de-fuerza-el-gobierno-rechaza-el-traslado-de-medicos-residentes.png\"><\/a><a class=\"synved-social-button synved-social-button-share synved-social-size-32 synved-social-resolution-single synved-social-provider-twitter nolightbox\" data-provider=\"twitter\" target=\"_blank\" rel=\"nofollow noopener noreferrer\" title=\"Share on Twitter\" href=\"https:\/\/twitter.com\/intent\/tweet?url=http%3A%2F%2Fplayfmradio.com%2Ftras-la-medida-de-fuerza-el-gobierno-rechaza-el-traslado-de-medicos-residentes%2F&amp;text=Compartido%20de%20Playfmradio.com\"><img loading=\"lazy\" alt=\"twitter\" title=\"Share on Twitter\" class=\"synved-share-image synved-social-image synved-social-image-share\" width=\"32\" height=\"32\" src=\"http:\/\/cordobainforma.info\/wp-content\/uploads\/2021\/05\/tras-la-medida-de-fuerza-el-gobierno-rechaza-el-traslado-de-medicos-residentes-1.png\"><\/a><a class=\"synved-social-button synved-social-button-share synved-social-size-32 synved-social-resolution-single synved-social-provider-pinterest nolightbox\" data-provider=\"pinterest\" target=\"_blank\" rel=\"nofollow noopener noreferrer\" title=\"Pin it with Pinterest\" href=\"http:\/\/pinterest.com\/pin\/create\/button\/?url=http%3A%2F%2Fplayfmradio.com%2Ftras-la-medida-de-fuerza-el-gobierno-rechaza-el-traslado-de-medicos-residentes%2F&amp;media=http%3A%2F%2Fplayfmradio.com%2Fwp-content%2Fuploads%2F2021%2F05%2F7WHIBMSFHZDQPNEVBIUFTWQVNY.jpg&amp;description=Tras%20la%20medida%20de%20fuerza%2C%20el%20gobierno%20rechaza%20el%20traslado%20de%20m%C3%A9dicos%20residentes\"><img loading=\"lazy\" alt=\"pinterest\" title=\"Pin it with Pinterest\" class=\"synved-share-image synved-social-image synved-social-image-share\" width=\"32\" height=\"32\" src=\"http:\/\/cordobainforma.info\/wp-content\/uploads\/2021\/05\/tras-la-medida-de-fuerza-el-gobierno-rechaza-el-traslado-de-medicos-residentes-2.png\"><\/a><a class=\"synved-social-button synved-social-button-share synved-social-size-32 synved-social-resolution-single synved-social-provider-tumblr nolightbox\" data-provider=\"tumblr\" target=\"_blank\" rel=\"nofollow noopener noreferrer\" title=\"Share on tumblr\" href=\"http:\/\/tumblr.com\/share?s=&amp;v=3&amp;t=Tras%20la%20medida%20de%20fuerza%2C%20el%20gobierno%20rechaza%20el%20traslado%20de%20m%C3%A9dicos%20residentes&amp;u=http%3A%2F%2Fplayfmradio.com%2Ftras-la-medida-de-fuerza-el-gobierno-rechaza-el-traslado-de-medicos-residentes%2F\"><img loading=\"lazy\" alt=\"tumblr\" title=\"Share on tumblr\" class=\"synved-share-image synved-social-image synved-social-image-share\" width=\"32\" height=\"32\" src=\"http:\/\/cordobainforma.info\/wp-content\/uploads\/2021\/05\/tras-la-medida-de-fuerza-el-gobierno-rechaza-el-traslado-de-medicos-residentes-3.png\"><\/a><a class=\"synved-social-button synved-social-button-share synved-social-size-32 synved-social-resolution-single synved-social-provider-mail nolightbox\" data-provider=\"mail\" rel=\"nofollow\" title=\"Share by email\" href=\"mailto:?subject=Tras%20la%20medida%20de%20fuerza%2C%20el%20gobierno%20rechaza%20el%20traslado%20de%20m%C3%A9dicos%20residentes&amp;body=Compartido%20de%20Playfmradio.com:%20http%3A%2F%2Fplayfmradio.com%2Ftras-la-medida-de-fuerza-el-gobierno-rechaza-el-traslado-de-medicos-residentes%2F\"><img loading=\"lazy\" alt=\"mail\" title=\"Share by email\" class=\"synved-share-image synved-social-image synved-social-image-share\" width=\"32\" height=\"32\" src=\"http:\/\/cordobainforma.info\/wp-content\/uploads\/2021\/05\/tras-la-medida-de-fuerza-el-gobierno-rechaza-el-traslado-de-medicos-residentes-4.png\"><\/a> <!-- AUTHOR PART ========================= --> <!-- AUTHOR PART END ========================= --> <\/p>\n","protected":false},"excerpt":{"rendered":"<p>Los trabajadores iniciaron asambleas y paro de actividades por la transferencia compulsiva del personal m\u00e9dico. La medida quedo sin efecto. Luego de una jornada de protesta en diferentes hospitales provinciales y un paro de actividades de los m\u00e9dicos residentes, finalmente la Uni\u00f3n de Trabajadores de la Salud (UTS), consiguieron que el Gobierno de C\u00f3rdoba haga [&hellip;]<\/p>\n","protected":false},"author":1,"featured_media":13835,"comment_status":"closed","ping_status":"closed","sticky":false,"template":"","format":"standard","meta":[],"categories":[23],"tags":[],"_links":{"self":[{"href":"http:\/\/cordobainforma.info\/index.php\/wp-json\/wp\/v2\/posts\/13834"}],"collection":[{"href":"http:\/\/cordobainforma.info\/index.php\/wp-json\/wp\/v2\/posts"}],"about":[{"href":"http:\/\/cordobainforma.info\/index.php\/wp-json\/wp\/v2\/types\/post"}],"author":[{"embeddable":true,"href":"http:\/\/cordobainforma.info\/index.php\/wp-json\/wp\/v2\/users\/1"}],"replies":[{"embeddable":true,"href":"http:\/\/cordobainforma.info\/index.php\/wp-json\/wp\/v2\/comments?post=13834"}],"version-history":[{"count":0,"href":"http:\/\/cordobainforma.info\/index.php\/wp-json\/wp\/v2\/posts\/13834\/revisions"}],"wp:featuredmedia":[{"embeddable":true,"href":"http:\/\/cordobainforma.info\/index.php\/wp-json\/wp\/v2\/media\/13835"}],"wp:attachment":[{"href":"http:\/\/cordobainforma.info\/index.php\/wp-json\/wp\/v2\/media?parent=13834"}],"wp:term":[{"taxonomy":"category","embeddable":true,"href":"http:\/\/cordobainforma.info\/index.php\/wp-json\/wp\/v2\/categories?post=13834"},{"taxonomy":"post_tag","embeddable":true,"href":"http:\/\/cordobainforma.info\/index.php\/wp-json\/wp\/v2\/tags?post=13834"}],"curies":[{"name":"wp","href":"https:\/\/api.w.org\/{rel}","templated":true}]}}