{"id":13801,"date":"2021-05-27T20:31:00","date_gmt":"2021-05-27T20:31:00","guid":{"rendered":"https:\/\/ahora.com.ar\/\/caruso-lombardi-internado-neumonia-bilateral-y-coronavirus-n4236451"},"modified":"2021-05-27T20:31:00","modified_gmt":"2021-05-27T20:31:00","slug":"caruso-lombardi-internado-con-neumonia-bilateral-y-coronavirus","status":"publish","type":"post","link":"http:\/\/cordobainforma.info\/index.php\/2021\/05\/27\/caruso-lombardi-internado-con-neumonia-bilateral-y-coronavirus\/","title":{"rendered":"Caruso Lombardi, internado con neumon\u00eda bilateral y coronavirus"},"content":{"rendered":"<div><img src=\"http:\/\/cordobainforma.info\/wp-content\/uploads\/2021\/05\/caruso-lombardi-internado-con-neumonia-bilateral-y-coronavirus.jpg\" class=\"ff-og-image-inserted\"><\/div>\n<div id=\"article-post\">\n<header class=\"article-info-wrapper\" readability=\"26.475694444444\">\n<p><span class=\"fecha-detallenota\">27 de mayo de 2021 &#8211; 17:05<\/span><\/p>\n<p class=\"interiorCopete\"> TENSI\u00d3N EN EL MUNDO DEL DEPORTE<\/p>\n<\/header>\n<\/div>\n<div id=\"article-post\">\n<div class=\"cuerpo\" data-twitter-link=\"https:\/\/twitter.com\/intent\/tweet?url=https:\/\/ahora.com.ar\/c4236451&amp;via=PlataformaAhora&amp;related=Ahora&amp;text=\" readability=\"10.489451476793\">\n<p class=\"paragraph\"><strong>Ricardo Caruso Lombardi<\/strong> est\u00e1 internado en el Sanatorio de la Trinidad de San Isidro por un agravamiento en el cuadro de <a href=\"http:\/\/ahora.com.ar\/coronavirus-a9458\" class=\"agrupador\" rel=\"9458\">coronavirus<\/a>. El reconocido entrenador, y actual columnista invitado de <em>TN Deportivo<\/em>, padece una neumon\u00eda bilateral.<\/p>\n<\/div>\n<\/div>\n<div id=\"article-post\">\n<div class=\"cuerpo\" data-twitter-link=\"https:\/\/twitter.com\/intent\/tweet?url=https:\/\/ahora.com.ar\/c4236451&amp;via=PlataformaAhora&amp;related=Ahora&amp;text=\" readability=\"38\">\n<p class=\"paragraph\"><strong>\u201cEstoy ac\u00e1 hace dos d\u00edas, tengo mucha tos, eso es lo m\u00e1s complicado. Estoy con ox\u00edgeno y me est\u00e1n atendiendo muy bien\u201d<\/strong>, cont\u00f3 desde la habitaci\u00f3n en la que se encuentra desde el martes.<\/p>\n<p class=\"paragraph\">Caruso qued\u00f3 aislado la semana pasada junto a su esposa luego de que presentara los primeros s\u00edntomas de la enfermedad. El domingo particip\u00f3 del programa TN Deportivo y cont\u00f3 que se hab\u00eda contagiado luego de una visita de su cu\u00f1ado que vive en Junin, y que tambi\u00e9n dio positivo d\u00edas despu\u00e9s.<\/p>\n<p class=\"paragraph\">Caruso tiene 59 a\u00f1os y el fin de semana <strong>no estuvo en los estudios de TN Deportivo<\/strong>porque ya se encontraba aislado en su casa. Hasta entonces el cuadro no era tan complicado. Incluso, particip\u00f3 del programa y cont\u00f3 c\u00f3mo se hab\u00eda contagiado y c\u00f3mo se sent\u00eda.<\/p>\n<p class=\"paragraph\">\u201cEl mi\u00e9rcoles empec\u00e9 con tos y el jueves me hice el hisopado que me dio positivo. <strong>A toda la familia le dio positivo, salvo al nene, ca\u00edmos todos.<\/strong>Es un bicho que no lo esper\u00e1bamos. La \u00fanica persona que entr\u00f3 a casa fue mi cu\u00f1ado que vino de Jun\u00edn y no sab\u00eda que estaba contagiado. Cuando volvi\u00f3 nos llam\u00f3 y nos dijo que era positivo\u201d, cont\u00f3 el entrenador de dilatada trayectoria en el f\u00fatbol argentino.<\/p>\n<p class=\"paragraph\">\u201cDespu\u00e9s del cuarto d\u00eda vas para arriba o vas para abajo, dentro de todo yo estoy bastante bien aunque transpiro un poco cada tanto, debe ser la fiebre pero no lo s\u00e9 porque estoy tomando paracetamol constantemente. La verdad que no lo esperaba y hay que sobrellevar esta enfermedad\u201d, enfatiz\u00f3 dos d\u00edas antes de tener que ser internado en San Isidro.<\/p>\n<\/div>\n<\/div>\n","protected":false},"excerpt":{"rendered":"<p>27 de mayo de 2021 &#8211; 17:05 TENSI\u00d3N EN EL MUNDO DEL DEPORTE Ricardo Caruso Lombardi est\u00e1 internado en el Sanatorio de la Trinidad de San Isidro por un agravamiento en el cuadro de coronavirus. El reconocido entrenador, y actual columnista invitado de TN Deportivo, padece una neumon\u00eda bilateral. \u201cEstoy ac\u00e1 hace dos d\u00edas, tengo [&hellip;]<\/p>\n","protected":false},"author":1,"featured_media":13802,"comment_status":"closed","ping_status":"closed","sticky":false,"template":"","format":"standard","meta":[],"categories":[20],"tags":[],"_links":{"self":[{"href":"http:\/\/cordobainforma.info\/index.php\/wp-json\/wp\/v2\/posts\/13801"}],"collection":[{"href":"http:\/\/cordobainforma.info\/index.php\/wp-json\/wp\/v2\/posts"}],"about":[{"href":"http:\/\/cordobainforma.info\/index.php\/wp-json\/wp\/v2\/types\/post"}],"author":[{"embeddable":true,"href":"http:\/\/cordobainforma.info\/index.php\/wp-json\/wp\/v2\/users\/1"}],"replies":[{"embeddable":true,"href":"http:\/\/cordobainforma.info\/index.php\/wp-json\/wp\/v2\/comments?post=13801"}],"version-history":[{"count":0,"href":"http:\/\/cordobainforma.info\/index.php\/wp-json\/wp\/v2\/posts\/13801\/revisions"}],"wp:featuredmedia":[{"embeddable":true,"href":"http:\/\/cordobainforma.info\/index.php\/wp-json\/wp\/v2\/media\/13802"}],"wp:attachment":[{"href":"http:\/\/cordobainforma.info\/index.php\/wp-json\/wp\/v2\/media?parent=13801"}],"wp:term":[{"taxonomy":"category","embeddable":true,"href":"http:\/\/cordobainforma.info\/index.php\/wp-json\/wp\/v2\/categories?post=13801"},{"taxonomy":"post_tag","embeddable":true,"href":"http:\/\/cordobainforma.info\/index.php\/wp-json\/wp\/v2\/tags?post=13801"}],"curies":[{"name":"wp","href":"https:\/\/api.w.org\/{rel}","templated":true}]}}