{"id":13795,"date":"2021-05-27T15:56:45","date_gmt":"2021-05-27T15:56:45","guid":{"rendered":"http:\/\/cordobainforma.info\/index.php\/2021\/05\/27\/fracasa-la-mocion-de-censura-en-el-senado-contra-el-ministro-de-defensa-de-colombia-por-la-represion-en-las-protestas\/"},"modified":"2021-05-27T15:56:45","modified_gmt":"2021-05-27T15:56:45","slug":"fracasa-la-mocion-de-censura-en-el-senado-contra-el-ministro-de-defensa-de-colombia-por-la-represion-en-las-protestas","status":"publish","type":"post","link":"http:\/\/cordobainforma.info\/index.php\/2021\/05\/27\/fracasa-la-mocion-de-censura-en-el-senado-contra-el-ministro-de-defensa-de-colombia-por-la-represion-en-las-protestas\/","title":{"rendered":"Fracasa la moci\u00f3n de censura en el Senado contra el ministro de Defensa de Colombia por la represi\u00f3n en las protestas"},"content":{"rendered":"<p><img src=\"http:\/\/cordobainforma.info\/wp-content\/uploads\/2021\/05\/fracasa-la-mocion-de-censura-en-el-senado-contra-el-ministro-de-defensa-de-colombia-por-la-represion-en-las-protestas.jpg\"><\/p>\n<p>El Senado de Colombia rechaz\u00f3 este jueves 27 de mayo la moci\u00f3n de censura contra el&nbsp;ministro de Defensa de Colombia, Diego Molano, que fue formulada por legisladores de oposici\u00f3n&nbsp;para que rindiese cuentas sobre la represi\u00f3n estatal durante las protestas sociales, que han dejado m\u00e1s de 40 muertos en el pa\u00eds, seg\u00fan cifras de la Fiscal\u00eda.<\/p>\n<p>La medida se rechaz\u00f3 tras el voto negativo de 69 legisladores y apenas 31 a favor de la moci\u00f3n. Con este resultado, Molano se mantiene en su cargo.<\/p>\n<div class=\"EmbedBlock-root EmbedBlock-twitter\">\n<div class=\"TwitterEmbed\" readability=\"6.9048257372654\">\n<blockquote class=\"twitter-tweet\" data-twitter=\"twitter-tweet\" readability=\"8.1233243967828\">\n<p lang=\"es\" dir=\"ltr\"><a href=\"https:\/\/twitter.com\/hashtag\/PlenariaSenado_Mixta?src=hash&amp;ref_src=twsrc%5Etfw\">#PlenariaSenado_Mixta<\/a> | El Senado de la Rep\u00fablica niega con la mayor\u00eda requerida por la Ley 5ta, la proposici\u00f3n para presentar moci\u00f3n de censura al <a href=\"https:\/\/twitter.com\/mindefensa?ref_src=twsrc%5Etfw\">@mindefensa<\/a>, Diego Andr\u00e9s Molano. Votaci\u00f3n: \u2705 31 votos\u274c 69 votosSe levanta la sesi\u00f3n y se convoca para el martes 01\/06\/2021 <a href=\"https:\/\/t.co\/f01M6Zk6ZV\">pic.twitter.com\/f01M6Zk6ZV<\/a><\/p>\n<p>\u2014 Senado de la Rep\u00fablica \ud83c\udde8\ud83c\uddf4 (@SenadoGovCo) <a href=\"https:\/\/twitter.com\/SenadoGovCo\/status\/1397946102717026314?ref_src=twsrc%5Etfw\">May 27, 2021<\/a><\/p><\/blockquote>\n<\/div>\n<\/div>\n<p>Se trata de la primera de las dos mociones de censura que enfrenta Molano esta semana, tras la petici\u00f3n formulada en la C\u00e1mara de Representantes. Legisladores de oposici\u00f3n consideran que el ministro de Defensa es responsable de la&nbsp;extralimitaci\u00f3n de funciones por parte de los soldados y de los agentes del Escuadr\u00f3n M\u00f3vil Antidisturbios (Esmad) durante las protestas en Colombia, que este mi\u00e9rcoles cumplen un mes.<\/p>\n<p>Antes de la votaci\u00f3n de este jueves,&nbsp;Molano compareci\u00f3 ante el Senado el pasado lunes y, tras escuchar las cr\u00edticas&nbsp;de los senadores, defendi\u00f3 el \u00abtalante democr\u00e1tico\u00bb del gobierno y \u00abel respeto por los derechos de todos los colombianos\u00bb, incluyendo \u00abla protesta pac\u00edfica\u00bb. En este sentido, <strong>justific\u00f3 el accionar de la Fuerza P\u00fablica<\/strong> durante las manifestaciones.<\/p>\n<p>\u00abComo ministro de Defensa respeto la protesta, pero tambi\u00e9n s\u00e9 que me obliga a cumplir las funciones estatales a garantizar el orden y la tranquilidad de los colombianos. La violencia no la origina la Polic\u00eda\u00bb, sostuvo.<\/p>\n<p>Por otro lado, dio a conocer que hay abiertas <strong>144 investigaciones disciplinarias contra uniformados<\/strong>, detallando algunas de ellas: 71 por abuso de autoridad, 10 por homicidio, 31 por agresiones, 15 por lesiones personales y dos pos abuso sexual.&nbsp;<\/p>\n<div class=\"EmbedBlock-root EmbedBlock-twitter\">\n<div class=\"TwitterEmbed\" readability=\"6.8980716253444\">\n<blockquote class=\"twitter-tweet\" data-twitter=\"twitter-tweet\" readability=\"7.7603305785124\">\n<p lang=\"es\" dir=\"ltr\">Escuchando con atenci\u00f3n sesi\u00f3n del <a href=\"https:\/\/twitter.com\/SenadoGovCo?ref_src=twsrc%5Etfw\">@SenadoGovCo<\/a>, donde aclararemos dudas del actuar de la Fuerza P\u00fablica en el marco del paro nacional. Reitero que acompa\u00f1amos las manifestaciones pac\u00edficas y actuamos para garantizar los derechos y seguridad de aquellos que marchan y los que no. <a href=\"https:\/\/t.co\/e6cmcm8zXk\">pic.twitter.com\/e6cmcm8zXk<\/a><\/p>\n<p>\u2014 Diego Molano Aponte (@Diego_Molano) <a href=\"https:\/\/twitter.com\/Diego_Molano\/status\/1396961607591268359?ref_src=twsrc%5Etfw\">May 24, 2021<\/a><\/p><\/blockquote>\n<\/div>\n<\/div>\n<p>Adem\u00e1s, Molano confirm\u00f3 que las autoridades investigan la <strong>desaparici\u00f3n de 129 personas<\/strong> en el pa\u00eds, en el marco de las protestas, y agreg\u00f3 que hasta el momento la Fiscal\u00eda solo ha recibido una denuncia por desaparici\u00f3n forzada.&nbsp;<\/p>\n<h3>Reclamo de familiares de v\u00edctimas<\/h3>\n<p>Durante la sesi\u00f3n celebrada el lunes en el Senado, tom\u00f3 la palabra&nbsp;Sol, hermana del&nbsp;activista colombiano <strong>Lucas Villa V\u00e1squez<\/strong>, quien <a href=\"https:\/\/actualidad.rt.com\/actualidad\/391772-confirman-muerte-lucas-villa-joven-colombia-protestas\" target=\"_blank\" rel=\"noopener noreferrer\">falleci\u00f3<\/a> despu\u00e9s de permanecer una semana en terapia intensiva por los ocho disparos recibidos, por parte de&nbsp;civiles&nbsp;armados, durante la noche del pasado 5 de mayo, en el marco de las protestas en la ciudad de Pereira, la capital de Risaralda.&nbsp;<\/p>\n<p>\u00abNo solo fueron silenciados, fueron privados del derecho a vivir, a manifestarse, a seguir sonriendo, amando, so\u00f1ando, bailando, experimentando el milagro de la existencia\u00bb, dijo <strong>Sol Villa V\u00e1zquez<\/strong> sobre las m\u00e1s de 40 v\u00edctimas reconocidas por la&nbsp;Fiscal\u00eda General de la Naci\u00f3n desde el inicio de las movilizaciones.&nbsp;&nbsp;<\/p>\n<p>\u00ab\u00bfAcaso la vida no es el bien m\u00e1s&nbsp;valioso sobre este planeta? \u00bfSon o no ustedes los protectores de ella sobre este territorio llamado Colombia?\u00bb, cuestion\u00f3 Sol en el Senado.<\/p>\n<p>Asimismo,&nbsp;la hermana de Lucas envi\u00f3 un mensaje a las autoridades sobre la violenta actuaci\u00f3n contra los j\u00f3venes en Colombia:&nbsp;\u00ab<strong>Nos est\u00e1n matando y somos el presente y el futuro de nuestro pa\u00eds<\/strong>\u00ab, apunt\u00f3.&nbsp;<\/p>\n<h3>Debate legislativo<\/h3>\n<p>El ministro Molano enfrent\u00f3 serias cr\u00edticas sobre su responsabilidad en la actuaci\u00f3n de la Fuerza P\u00fablica, la criminalizaci\u00f3n de los manifestantes y la falta de rendici\u00f3n de cuentas por los abusos cometidos por los uniformados en contra de civiles.<\/p>\n<p>\u00abUn ministro que est\u00e1 encargado de proteger la seguridad y la vida de los colombianos no puede ser [quien] reprima y criminalice la protesta social, que es un pilar de toda democracia moderna\u00bb, dijo el senador<strong> Antonio Sanguino<\/strong>, del Partido Verde.<\/p>\n<p>En ese mismo sentido se manifest\u00f3 el senador <strong>Iv\u00e1n Cepeda<\/strong>, de Polo Democr\u00e1tico, quien critic\u00f3 a Molano por estigmatizar a los participantes de las movilizaciones pac\u00edficas.&nbsp;<\/p>\n<p>El pasado 3 de mayo, Molano <a href=\"https:\/\/www.mindefensa.gov.co\/irj\/portal\/Mindefensa\/contenido?NavigationTarget=navurl:\/\/e894a8c97df19193cc95f9b57598972b\" target=\"_blank\" rel=\"noopener noreferrer\">asegur\u00f3<\/a> que Colombia enfrentaba una \u00abamenaza terrorista\u00bb. De acuerdo con el ministro, \u00aborganizaciones criminales\u00bb estaban detr\u00e1s de incidentes violentos registrados en las movilizaciones sociales de Bogot\u00e1, Cali, Medell\u00edn, Pereira, Manizales y Pasto.&nbsp;<\/p>\n<p>A ra\u00edz de los se\u00f1alamientos del Gobierno de Iv\u00e1n Duque sobre la criminalizaci\u00f3n de las protestas y la supuesta participaci\u00f3n de&nbsp;organizaciones criminales,&nbsp;el senador <strong>Luis Fernando Velasco<\/strong>, del Partido Liberal, apunt\u00f3 que las recientes movilizaciones son muestra de que<strong> en Colombia \u00abhizo crisis el sistema\u00bb<\/strong>.&nbsp;<\/p>\n<p>\u00abUstedes no reconocieron que era el estallido social\u00bb, dijo Velasco.&nbsp;<\/p>\n<p>En tanto, a juicio de Cepeda,&nbsp;Molano es responsable de 15 actuaciones que lo \u00ab<strong>vinculan directamente con la ejecuci\u00f3n de cr\u00edmenes de lesa humanidad<\/strong>\u00bb perpetrados en&nbsp;Colombia desde el inicio de las protestas sociales.&nbsp;<\/p>\n<p>Otro de los promotores&nbsp;de la moci\u00f3n de censura, el senador Gustavo Petro, de Colombia Humana, critic\u00f3 que se convirti\u00f3 la protesta \u00aben un acto de guerra\u00bb.<\/p>\n<p>En este sentido, durante su intervenci\u00f3n Petro&nbsp;reafirm\u00f3 su postura sobre la moci\u00f3n de censura contra Molano: \u00ab<strong>El ministro debe salir y yo voy a votar por ello<\/strong>\u00ab, afirm\u00f3 el legislador opositor.&nbsp;<\/p>\n<p>En contraste, el senador Ernesto Mac\u00edas, del oficialista Centro Democr\u00e1tico (CD), acus\u00f3 a los&nbsp;promotores de la moci\u00f3n de censura de sentir \u00abodio\u00bb contra las fuerzas de Seguridad.&nbsp;<\/p>\n<p>\u00abQuieren desaparecer a la Fuerza P\u00fablica\u00bb, declar\u00f3 Mac\u00edas.&nbsp;<\/p>\n<div class=\"ReadMore-root Section-root Section-is1to3-xs_is1to1\" data-widgets=\"ReadMore\">\n<div class=\"Section-container Section-isRow-isTop-isWrap\">\n<article class=\"Card-root Card-is1to1 \">\n<div class=\"Card-imageWrap\">\n<div class=\"Card-picture\"> <picture class=\"Picture-root Picture-default\"><!--[if IE 9]><video style=\"display: none;\"><![endif]--><source media=\"(-webkit-min-device-pixel-ratio: 2) and (min-resolution: 120dpi)\" srcset=\"http:\/\/cordobainforma.info\/wp-content\/uploads\/2021\/05\/fracasa-la-mocion-de-censura-en-el-senado-contra-el-ministro-de-defensa-de-colombia-por-la-represion-en-las-protestas-2.jpg 850w, http:\/\/cordobainforma.info\/wp-content\/uploads\/2021\/05\/fracasa-la-mocion-de-censura-en-el-senado-contra-el-ministro-de-defensa-de-colombia-por-la-represion-en-las-protestas-3.jpg 1960w\"><source srcset=\"http:\/\/cordobainforma.info\/wp-content\/uploads\/2021\/05\/fracasa-la-mocion-de-censura-en-el-senado-contra-el-ministro-de-defensa-de-colombia-por-la-represion-en-las-protestas-2.jpg 460w, http:\/\/cordobainforma.info\/wp-content\/uploads\/2021\/05\/fracasa-la-mocion-de-censura-en-el-senado-contra-el-ministro-de-defensa-de-colombia-por-la-represion-en-las-protestas-3.jpg 980w\"><!--[if IE 9]><\/video><![endif]--><img data-sizes=\"auto\" src=\"http:\/\/cordobainforma.info\/wp-content\/uploads\/2021\/05\/fracasa-la-mocion-de-censura-en-el-senado-contra-el-ministro-de-defensa-de-colombia-por-la-represion-en-las-protestas-2.jpg\" class=\"Picture-root Picture-default lazyload\" alt=\"Homicidios, detenciones arbitrarias, agresiones oculares: las cifras actualizadas de la violencia policial en Colombia a 27 d\u00edas de paro\"><\/picture><!-- noscript pattern --><noscript><img src=\"http:\/\/cordobainforma.info\/wp-content\/uploads\/2021\/05\/fracasa-la-mocion-de-censura-en-el-senado-contra-el-ministro-de-defensa-de-colombia-por-la-represion-en-las-protestas-3.jpg\" alt=\"Homicidios, detenciones arbitrarias, agresiones oculares: las cifras actualizadas de la violencia policial en Colombia a 27 d\u00edas de paro\"><\/noscript> <\/div><\/div>\n<\/article><\/div><\/div>\n<p>En cambio, Cepeda hizo un llamado urgente a los legisladores para&nbsp;reformar a las instituciones de la Fuerza P\u00fablica. \u00abSe requiere el desmonte del escuadr\u00f3n m\u00f3vil antidisturbios\u00bb, expres\u00f3 el senador.&nbsp;<\/p>\n<h3>Balance de las protestas<\/h3>\n<p>Hasta el 25 de mayo, la organizaci\u00f3n Temblores <a href=\"https:\/\/twitter.com\/TembloresOng\/status\/1397351552629813255\" target=\"_blank\" rel=\"noopener noreferrer\">document\u00f3<\/a><strong>&nbsp;3.155 casos de violencia policial<\/strong>, incluyendo la <strong>muerte de 43 personas<\/strong>, presuntamente a manos de uniformados.&nbsp;<\/p>\n<p>En concreto, registraron 955 v\u00edctimas de violencia f\u00edsica, 22 de abuso sexual y 46 de lesiones oculares. Todos las agresiones supuestamente cometidas por la Fuerza P\u00fablica.&nbsp;<\/p>\n<p>Por su parte, el Ministerio de Defensa maneja una <a href=\"https:\/\/twitter.com\/mindefensa\/status\/1397904384944742402\" target=\"_blank\" rel=\"noopener noreferrer\">cifra<\/a> de <strong>17 civiles fallecidos<\/strong> en el contexto de las protestas, <strong>nueve en proceso de verificaci\u00f3n<\/strong>, 19 que no guardar\u00edan v\u00ednculos con estos hechos y 1.065 civiles heridos en ciudades como Bogot\u00e1, Cali, Neiva, Medell\u00edn, Bucaramanga, Pasto, Popay\u00e1n, Pereira, Cartago, Yumbo y otros municipios del departamento del Valle del Cauca. Tambi\u00e9n menciona que dos polic\u00edas han muerto y 1.102 han sido lesionados en las manifestaciones.<\/p>\n<p>La represi\u00f3n estatal y las violaciones a los derechos humanos tambi\u00e9n han sido denunciadas por Naciones Unidas, Amnist\u00eda Internacional y Human Rights Watch.&nbsp;<\/p>\n<p>Hasta el lunes 24 de mayo, Human Rights Watch hab\u00eda recibido \u00abdenuncias cre\u00edbles sobre 63 muertes ocurridas en Colombia desde que comenzaron las protestas\u00bb. De esta cifra, la organizaci\u00f3n <a href=\"https:\/\/twitter.com\/JMVivancoHRW\/status\/1397724969870807046\" target=\"_blank\" rel=\"noopener noreferrer\">confirm\u00f3<\/a> 28 decesos que tienen relaci\u00f3n con las manifestaciones, que corresponden a 26 manifestantes y dos polic\u00edas.<\/p>\n","protected":false},"excerpt":{"rendered":"<p>El Senado de Colombia rechaz\u00f3 este jueves 27 de mayo la moci\u00f3n de censura contra el&nbsp;ministro de Defensa de Colombia, Diego Molano, que fue formulada por legisladores de oposici\u00f3n&nbsp;para que rindiese cuentas sobre la represi\u00f3n estatal durante las protestas sociales, que han dejado m\u00e1s de 40 muertos en el pa\u00eds, seg\u00fan cifras de la Fiscal\u00eda. [&hellip;]<\/p>\n","protected":false},"author":1,"featured_media":13796,"comment_status":"closed","ping_status":"closed","sticky":false,"template":"","format":"standard","meta":[],"categories":[22],"tags":[],"_links":{"self":[{"href":"http:\/\/cordobainforma.info\/index.php\/wp-json\/wp\/v2\/posts\/13795"}],"collection":[{"href":"http:\/\/cordobainforma.info\/index.php\/wp-json\/wp\/v2\/posts"}],"about":[{"href":"http:\/\/cordobainforma.info\/index.php\/wp-json\/wp\/v2\/types\/post"}],"author":[{"embeddable":true,"href":"http:\/\/cordobainforma.info\/index.php\/wp-json\/wp\/v2\/users\/1"}],"replies":[{"embeddable":true,"href":"http:\/\/cordobainforma.info\/index.php\/wp-json\/wp\/v2\/comments?post=13795"}],"version-history":[{"count":0,"href":"http:\/\/cordobainforma.info\/index.php\/wp-json\/wp\/v2\/posts\/13795\/revisions"}],"wp:featuredmedia":[{"embeddable":true,"href":"http:\/\/cordobainforma.info\/index.php\/wp-json\/wp\/v2\/media\/13796"}],"wp:attachment":[{"href":"http:\/\/cordobainforma.info\/index.php\/wp-json\/wp\/v2\/media?parent=13795"}],"wp:term":[{"taxonomy":"category","embeddable":true,"href":"http:\/\/cordobainforma.info\/index.php\/wp-json\/wp\/v2\/categories?post=13795"},{"taxonomy":"post_tag","embeddable":true,"href":"http:\/\/cordobainforma.info\/index.php\/wp-json\/wp\/v2\/tags?post=13795"}],"curies":[{"name":"wp","href":"https:\/\/api.w.org\/{rel}","templated":true}]}}