{"id":13784,"date":"2021-05-26T15:41:25","date_gmt":"2021-05-26T15:41:25","guid":{"rendered":"http:\/\/playfmradio.com\/?p=14605"},"modified":"2021-05-26T15:41:25","modified_gmt":"2021-05-26T15:41:25","slug":"farre-inicia-un-camino-con-el-desafio-del-ascenso","status":"publish","type":"post","link":"http:\/\/cordobainforma.info\/index.php\/2021\/05\/26\/farre-inicia-un-camino-con-el-desafio-del-ascenso\/","title":{"rendered":"Farre inicia un camino con el desafio del ascenso"},"content":{"rendered":"<p><em>El \u00eddolo del pirata en tiempos modernos, asume un desaf\u00edo dif\u00edcil en un momento clave para la instituci\u00f3n.<\/em><\/p>\n<p>Belgrano de C\u00f3rdoba anunci\u00f3 hace d\u00edas a Guillermo Farre como su nuevo entrenador, que viene a reemplazar al uruguayo Orfila, despu\u00e9s de la magra campa\u00f1a que este \u00faltimo ven\u00eda haciendo, no solo desde los resultados, sino tambi\u00e9n desde el juego. El \u00eddolo pirata viene de ser ayudante de campo del ruso Zielinski en Estudiantes de la Plata y ser\u00e1 acompa\u00f1ado por Franco Peppino y Mauro Conocchiari como ayudantes de campo, Ramiro \u00c1lvarez y Fernando Gonz\u00e1lez, los preparadores f\u00edsicos y Edgardo Galfioni como entrenador de arqueros.<\/p>\n<p>Es una decisi\u00f3n de peso la que tom\u00f3 la dirigencia, encabezada por su presidente, Luifa Artime, ya que ser\u00e1 la primera experiencia como DT, de quien hiciera el hist\u00f3rico gol en el monumental que decretara el ascenso pirata y el descenso millonario y no estar\u00e1 exento de la presi\u00f3n que significa conseguir ese ansiado retorno a la m\u00e1xima categor\u00eda del nuestro futbol, tal como lo afirmo esta nueva conducci\u00f3n de Belgrano, tanto en campa\u00f1a como ahora que est\u00e1n en funciones y que se encargan de repetir cada vez que pasan cerca de un micr\u00f3fono.<\/p>\n<p>Es por ello, que hacerse cargo donde es \u00eddolo, es un desaf\u00edo enorme para Farre, que nunca podr\u00e1 borrar lo que fue para el pirata, pero que arriesga mucho de ese amor haci\u00e9ndose cargo de la caldera que siempre es el hincha y que seguramente exigir\u00e1 sudor, juego y resultados.&nbsp; Tambi\u00e9n es una apuesta de una dirigencia que se autoimpuso el \u00e9xito deportivo inmediato como su vara, sabiendo que pueden ser presos de esas palabras cuando llegue el momento de la evaluaci\u00f3n, si el objetivo no se consigue.<\/p>\n<p>Finalmente, cabe destacar que, as\u00ed como es un desaf\u00edo, es una gran alegr\u00eda que surjan nuevos entrenadores y que los clubes se animen a darles oportunidades; restar\u00e1 saber cuanto de banca habr\u00e1, si los resultados no se consiguen. Por ahora, Belgrano marcha decimo segundo en la tabla de la zona A, con once unidades.<\/p>\n<p><strong>Por:&nbsp; Guillermo Boris<\/strong><\/p>\n<p><a class=\"synved-social-button synved-social-button-share synved-social-size-32 synved-social-resolution-single synved-social-provider-facebook nolightbox\" data-provider=\"facebook\" target=\"_blank\" rel=\"nofollow noopener noreferrer\" title=\"Share on Facebook\" href=\"http:\/\/www.facebook.com\/sharer.php?u=http%3A%2F%2Fplayfmradio.com%2Ffarre-inicia-un-camino-con-el-desafio-del-ascenso%2F&amp;t=Farre%20inicia%20un%20camino%20con%20el%20desafio%20del%20ascenso&amp;s=100&amp;p[url]=http%3A%2F%2Fplayfmradio.com%2Ffarre-inicia-un-camino-con-el-desafio-del-ascenso%2F&amp;p[images][0]=http%3A%2F%2Fplayfmradio.com%2Fwp-content%2Fuploads%2F2021%2F05%2Ffarre-belgrano_w416.jpg&amp;p[title]=Farre%20inicia%20un%20camino%20con%20el%20desafio%20del%20ascenso\"><img loading=\"lazy\" alt=\"Facebook\" title=\"Share on Facebook\" class=\"synved-share-image synved-social-image synved-social-image-share\" width=\"32\" height=\"32\" src=\"http:\/\/cordobainforma.info\/wp-content\/uploads\/2021\/05\/farre-inicia-un-camino-con-el-desafio-del-ascenso.png\"><\/a><a class=\"synved-social-button synved-social-button-share synved-social-size-32 synved-social-resolution-single synved-social-provider-twitter nolightbox\" data-provider=\"twitter\" target=\"_blank\" rel=\"nofollow noopener noreferrer\" title=\"Share on Twitter\" href=\"https:\/\/twitter.com\/intent\/tweet?url=http%3A%2F%2Fplayfmradio.com%2Ffarre-inicia-un-camino-con-el-desafio-del-ascenso%2F&amp;text=Compartido%20de%20Playfmradio.com\"><img loading=\"lazy\" alt=\"twitter\" title=\"Share on Twitter\" class=\"synved-share-image synved-social-image synved-social-image-share\" width=\"32\" height=\"32\" src=\"http:\/\/cordobainforma.info\/wp-content\/uploads\/2021\/05\/farre-inicia-un-camino-con-el-desafio-del-ascenso-1.png\"><\/a><a class=\"synved-social-button synved-social-button-share synved-social-size-32 synved-social-resolution-single synved-social-provider-pinterest nolightbox\" data-provider=\"pinterest\" target=\"_blank\" rel=\"nofollow noopener noreferrer\" title=\"Pin it with Pinterest\" href=\"http:\/\/pinterest.com\/pin\/create\/button\/?url=http%3A%2F%2Fplayfmradio.com%2Ffarre-inicia-un-camino-con-el-desafio-del-ascenso%2F&amp;media=http%3A%2F%2Fplayfmradio.com%2Fwp-content%2Fuploads%2F2021%2F05%2Ffarre-belgrano_w416.jpg&amp;description=Farre%20inicia%20un%20camino%20con%20el%20desafio%20del%20ascenso\"><img loading=\"lazy\" alt=\"pinterest\" title=\"Pin it with Pinterest\" class=\"synved-share-image synved-social-image synved-social-image-share\" width=\"32\" height=\"32\" src=\"http:\/\/cordobainforma.info\/wp-content\/uploads\/2021\/05\/farre-inicia-un-camino-con-el-desafio-del-ascenso-2.png\"><\/a><a class=\"synved-social-button synved-social-button-share synved-social-size-32 synved-social-resolution-single synved-social-provider-tumblr nolightbox\" data-provider=\"tumblr\" target=\"_blank\" rel=\"nofollow noopener noreferrer\" title=\"Share on tumblr\" href=\"http:\/\/tumblr.com\/share?s=&amp;v=3&amp;t=Farre%20inicia%20un%20camino%20con%20el%20desafio%20del%20ascenso&amp;u=http%3A%2F%2Fplayfmradio.com%2Ffarre-inicia-un-camino-con-el-desafio-del-ascenso%2F\"><img loading=\"lazy\" alt=\"tumblr\" title=\"Share on tumblr\" class=\"synved-share-image synved-social-image synved-social-image-share\" width=\"32\" height=\"32\" src=\"http:\/\/cordobainforma.info\/wp-content\/uploads\/2021\/05\/farre-inicia-un-camino-con-el-desafio-del-ascenso-3.png\"><\/a><a class=\"synved-social-button synved-social-button-share synved-social-size-32 synved-social-resolution-single synved-social-provider-mail nolightbox\" data-provider=\"mail\" rel=\"nofollow\" title=\"Share by email\" href=\"mailto:?subject=Farre%20inicia%20un%20camino%20con%20el%20desafio%20del%20ascenso&amp;body=Compartido%20de%20Playfmradio.com:%20http%3A%2F%2Fplayfmradio.com%2Ffarre-inicia-un-camino-con-el-desafio-del-ascenso%2F\"><img loading=\"lazy\" alt=\"mail\" title=\"Share by email\" class=\"synved-share-image synved-social-image synved-social-image-share\" width=\"32\" height=\"32\" src=\"http:\/\/cordobainforma.info\/wp-content\/uploads\/2021\/05\/farre-inicia-un-camino-con-el-desafio-del-ascenso-4.png\"><\/a> <!-- AUTHOR PART ========================= --> <!-- AUTHOR PART END ========================= --> <\/p>\n","protected":false},"excerpt":{"rendered":"<p>El \u00eddolo del pirata en tiempos modernos, asume un desaf\u00edo dif\u00edcil en un momento clave para la instituci\u00f3n. Belgrano de C\u00f3rdoba anunci\u00f3 hace d\u00edas a Guillermo Farre como su nuevo entrenador, que viene a reemplazar al uruguayo Orfila, despu\u00e9s de la magra campa\u00f1a que este \u00faltimo ven\u00eda haciendo, no solo desde los resultados, sino tambi\u00e9n [&hellip;]<\/p>\n","protected":false},"author":1,"featured_media":13785,"comment_status":"closed","ping_status":"closed","sticky":false,"template":"","format":"standard","meta":[],"categories":[20,23],"tags":[],"_links":{"self":[{"href":"http:\/\/cordobainforma.info\/index.php\/wp-json\/wp\/v2\/posts\/13784"}],"collection":[{"href":"http:\/\/cordobainforma.info\/index.php\/wp-json\/wp\/v2\/posts"}],"about":[{"href":"http:\/\/cordobainforma.info\/index.php\/wp-json\/wp\/v2\/types\/post"}],"author":[{"embeddable":true,"href":"http:\/\/cordobainforma.info\/index.php\/wp-json\/wp\/v2\/users\/1"}],"replies":[{"embeddable":true,"href":"http:\/\/cordobainforma.info\/index.php\/wp-json\/wp\/v2\/comments?post=13784"}],"version-history":[{"count":0,"href":"http:\/\/cordobainforma.info\/index.php\/wp-json\/wp\/v2\/posts\/13784\/revisions"}],"wp:featuredmedia":[{"embeddable":true,"href":"http:\/\/cordobainforma.info\/index.php\/wp-json\/wp\/v2\/media\/13785"}],"wp:attachment":[{"href":"http:\/\/cordobainforma.info\/index.php\/wp-json\/wp\/v2\/media?parent=13784"}],"wp:term":[{"taxonomy":"category","embeddable":true,"href":"http:\/\/cordobainforma.info\/index.php\/wp-json\/wp\/v2\/categories?post=13784"},{"taxonomy":"post_tag","embeddable":true,"href":"http:\/\/cordobainforma.info\/index.php\/wp-json\/wp\/v2\/tags?post=13784"}],"curies":[{"name":"wp","href":"https:\/\/api.w.org\/{rel}","templated":true}]}}