{"id":13761,"date":"2021-05-27T13:53:04","date_gmt":"2021-05-27T13:53:04","guid":{"rendered":"https:\/\/www.clarin.com\/deportes\/requerimientos-sanitarios-pidio-gobierno-conmebol-haga-copa-america_0_VK9CHTHAM.html"},"modified":"2021-05-27T13:53:04","modified_gmt":"2021-05-27T13:53:04","slug":"cuales-son-los-requerimientos-sanitarios-que-pidio-el-gobierno-a-la-conmebol-para-que-se-haga-la-copa-america","status":"publish","type":"post","link":"http:\/\/cordobainforma.info\/index.php\/2021\/05\/27\/cuales-son-los-requerimientos-sanitarios-que-pidio-el-gobierno-a-la-conmebol-para-que-se-haga-la-copa-america\/","title":{"rendered":"Cu\u00e1les son los requerimientos sanitarios que pidi\u00f3 el gobierno a la Conmebol para que se haga la Copa Am\u00e9rica"},"content":{"rendered":"<p><img src=\"http:\/\/cordobainforma.info\/wp-content\/uploads\/2021\/05\/cuales-son-los-requerimientos-sanitarios-que-pidio-el-gobierno-a-la-conmebol-para-que-se-haga-la-copa-america.jpg\"><\/p>\n<div><img src=\"http:\/\/cordobainforma.info\/wp-content\/uploads\/2021\/05\/cuales-son-los-requerimientos-sanitarios-que-pidio-el-gobierno-a-la-conmebol-para-que-se-haga-la-copa-america-2.jpg\" class=\"ff-og-image-inserted\"><\/div>\n<p>El jefe de Gabinete, <a href=\"https:\/\/www.clarin.com\/tema\/santiago-cafiero.html\" class=\"slug automatic\" alt=\"santiago-cafiero\" title=\"santiago-cafiero\" target=\"_blank\" rel=\"noopener noreferrer\">Santiago Cafiero<\/a>, cont\u00f3 este jueves algunos detalles de la reuni\u00f3n que mantuvieron ayer el presidente <a href=\"https:\/\/www.clarin.com\/tema\/alberto-fernandez.html\" class=\"slug automatic\" alt=\"alberto-fernandez\" title=\"alberto-fernandez\" target=\"_blank\" rel=\"noopener noreferrer\">Alberto Fern\u00e1ndez<\/a> y el titular de la <a href=\"https:\/\/www.clarin.com\/tema\/conmebol.html\" class=\"slug automatic\" alt=\"conmebol\" title=\"conmebol\" target=\"_blank\" rel=\"noopener noreferrer\">Conmebol<\/a>, <a href=\"https:\/\/www.clarin.com\/tema\/alejandro-dominguez.html\" class=\"slug automatic\" alt=\"alejandro-dominguez\" title=\"alejandro-dominguez\" target=\"_blank\" rel=\"noopener noreferrer\">Alejandro Dom\u00ednguez<\/a>, y advirti\u00f3 que el gobierno nacional plante\u00f3 <strong>una serie de requerimientos sanitarios<\/strong> que se deber\u00e1n cumplir para que la <a href=\"https:\/\/www.clarin.com\/tema\/copa-america.html\" class=\"slug automatic\" alt=\"copa-america\" title=\"copa-america\" target=\"_blank\" rel=\"noopener noreferrer\">Copa Am\u00e9rica<\/a> se pueda disputar en la <a href=\"https:\/\/www.clarin.com\/tema\/argentina.html\" class=\"slug automatic\" alt=\"argentina\" title=\"argentina\" target=\"_blank\" rel=\"noopener noreferrer\">Argentina<\/a> en medio de la gran cantidad de contagios que se producen en esta segunda ola de <a href=\"https:\/\/www.clarin.com\/tema\/coronavirus.html\" class=\"slug automatic\" alt=\"coronavirus\" title=\"coronavirus\" target=\"_blank\" rel=\"noopener noreferrer\">coronavirus<\/a>.<\/p>\n<p>\u00abFue una buena reuni\u00f3n. Argentina tiene un compromiso para realizar la Copa Am\u00e9rica. Planteamos cu\u00e1les eran las condiciones sanitarias que se requer\u00edan. <strong>Son protocolos muy estrictos de alta fiscalizaci\u00f3n, de permanente fiscalizaci\u00f3n<\/strong>. La Conmebol se los llev\u00f3 para analizar y ver si pod\u00eda cumplir con los pedidos\u00bb, sostuvo Cafiero en di\u00e1logo con Radio 10.<\/p>\n<p>Y sigui\u00f3: \u00abTenemos que ver si Conmebol puede cumplir con los requerimientos que estamos pidiendo. Se sorprendieron bastante con las exigencias. Dijeron que ni siquiera en <a href=\"https:\/\/www.clarin.com\/tema\/europa.html\" class=\"slug automatic\" alt=\"europa\" title=\"europa\" target=\"_blank\" rel=\"noopener noreferrer\">Europa<\/a> hay estas caracter\u00edsticas\u00bb.<\/p>\n<p>En ese sentido, Cafiero detall\u00f3 que tambi\u00e9n se habl\u00f3 sobre la posibilidad de que todas las delegaciones est\u00e9n vacunadas y sobre la necesidad de <strong>reducir al m\u00ednimo la cantidad de gente que llegar\u00e1 al pa\u00eds durante la disputa del certamen<\/strong>.<\/p>\n<p>\u00abSe tomaron un tiempo para definir. Tienen que hablar con todas las delegaciones para ver si pueden cumplir con los protocolos que Argentina est\u00e1 pidiendo. Al ser una copa en diferentes sedes, hay que trabajar con gobernadores y autoridades locales para ver si est\u00e1n en condiciones de hacerlo. Y tambi\u00e9n tenemos que ver si Conmebol puede cumplir los requerimientos que estamos pidiendo\u00bb, enfatiz\u00f3.<\/p>\n<p>Apenas termin\u00f3 el c\u00f3nclave en la <a href=\"https:\/\/www.clarin.com\/tema\/quinta-de-olivos.html\" class=\"slug automatic\" alt=\"quinta-de-olivos\" title=\"quinta-de-olivos\" target=\"_blank\" rel=\"noopener noreferrer\">Quinta de Olivos<\/a>, del que tambi\u00e9n particip\u00f3 el ministro de Turismo y Deportes, <a href=\"https:\/\/www.clarin.com\/tema\/matias-lammens.html\" class=\"slug automatic\" alt=\"matias-lammens\" title=\"matias-lammens\" target=\"_blank\" rel=\"noopener noreferrer\">Mat\u00edas Lammens<\/a>, la Conmebol emiti\u00f3 un comunicado que va en sinton\u00eda con los dichos de Cafiero.<\/p>\n<p>\u00abEl gobierno argentino present\u00f3 a la Conmebol un estricto protocolo para que se realice la Copa Am\u00e9rica 2021 en el pa\u00eds. En una reuni\u00f3n que transcurri\u00f3 en la Quinta de Olivos se evaluaron los aspectos organizativos y log\u00edsticos -con la eventual habilitaci\u00f3n de sedes adicionales- y todo lo concerniente a los protocolos sanitarios\u00bb, arranca.<\/p>\n<p>Y contin\u00faa: \u00abEl an\u00e1lisis de la disputa de esta Copa Am\u00e9rica y sus protocolos sanitarios para que se pueda organizar en el pa\u00eds quedar\u00e1 bajo el riguroso estudio de funcionarios del Ministerio de Salud de la Rep\u00fablica Argentina. As\u00ed lo acordaron el presidente de la Rep\u00fablica Argentina, Alberto Fern\u00e1ndez, y el titular de la CONMEBOL, Alejandro Dom\u00ednguez, en una reuni\u00f3n en la tarde de hoy (por ayer)\u00bb.<\/p>\n<p> En la reuni\u00f3n tambi\u00e9n se evaluaron los distintos aspectos organizativos y log\u00edsticos en el caso de que la Argentina pueda incorporar m\u00e1s sedes a las ya dispuestas antes del retiro de <a href=\"https:\/\/www.clarin.com\/tema\/colombia.html\" class=\"slug automatic\" alt=\"colombia\" title=\"colombia\" target=\"_blank\" rel=\"noopener noreferrer\">Colombia<\/a>, algo que acrecienta las chances de que el pa\u00eds se haga cargo de toda la programaci\u00f3n del torneo.<\/p>\n<p> Seg\u00fan lo dispuesto en el sorteo de diciembre de 2019, Argentina se har\u00e1 cargo de los partidos del Grupo A, donde chocar\u00e1 ante <a href=\"https:\/\/www.clarin.com\/tema\/chile.html\" class=\"slug automatic\" alt=\"chile\" title=\"chile\" target=\"_blank\" rel=\"noopener noreferrer\">Chile<\/a>, <a href=\"https:\/\/www.clarin.com\/tema\/uruguay.html\" class=\"slug automatic\" alt=\"uruguay\" title=\"uruguay\" target=\"_blank\" rel=\"noopener noreferrer\">Uruguay<\/a>, <a href=\"https:\/\/www.clarin.com\/tema\/bolivia.html\" class=\"slug automatic\" alt=\"bolivia\" title=\"bolivia\" target=\"_blank\" rel=\"noopener noreferrer\">Bolivia<\/a> y Paraguay.<\/p>\n<p>En el caso de ser anfitri\u00f3n \u00fanico de la Copa, la Argentina recibir\u00eda tambi\u00e9n a las cinco selecciones del Grupo B y el resto de los partidos definitorios, lo que provocar\u00eda que se ampl\u00ede el n\u00famero de estadios donde se jugar\u00e1 el torneo.<\/p>\n<p>Si bien todav\u00eda no hay definido, todos los caminos conducen a que la Copa Am\u00e9rica se jugar\u00e1 completamente en la Argentina m\u00e1s all\u00e1 de que los casos de contagios no bajan, el confinamiento podr\u00eda estirarse y la existencia de sectores del kirchnerismo, en especial en la provincia de Buenos Aires, se oponen a la realizaci\u00f3n de la competencia en este contexto.<\/p>\n<p>Si bien la Conmebol resignar\u00e1 los ingresos por venta de entradas -parece imposible que haya p\u00fablico en las tribunas con estos niveles altos de contagios y discretos de vacunaci\u00f3n-, la exenci\u00f3n impositiva y un acuerdo con <a href=\"https:\/\/www.clarin.com\/tema\/aerolineas-argentinas.html\" class=\"slug automatic\" alt=\"aerolineas-argentinas\" title=\"aerolineas-argentinas\" target=\"_blank\" rel=\"noopener noreferrer\">Aerol\u00edneas Argentinas<\/a> para el traslado de las delegaciones ayudar\u00eda a convencer a Dom\u00ednguez y compa\u00f1\u00eda de que la Argentina es la mejor opci\u00f3n sobre todo teniendo en cuenta que apenas quedan poco m\u00e1s de dos semanas para la fecha de inicio del certamen.<\/p>\n<p>Por ahora est\u00e1 todo en veremos. La pelota est\u00e1 bajo la suela de la Conmebol que debe responder ahora a los requerimientos sanitarios del gobierno nacional.&nbsp;<\/p>\n<div class=\"entry-tags\">\n<h2>TEMAS QUE APARECEN EN ESTA NOTA<\/h2>\n<\/p><\/div>\n","protected":false},"excerpt":{"rendered":"<p>El jefe de Gabinete, Santiago Cafiero, cont\u00f3 este jueves algunos detalles de la reuni\u00f3n que mantuvieron ayer el presidente Alberto Fern\u00e1ndez y el titular de la Conmebol, Alejandro Dom\u00ednguez, y advirti\u00f3 que el gobierno nacional plante\u00f3 una serie de requerimientos sanitarios que se deber\u00e1n cumplir para que la Copa Am\u00e9rica se pueda disputar en la [&hellip;]<\/p>\n","protected":false},"author":1,"featured_media":13762,"comment_status":"closed","ping_status":"closed","sticky":false,"template":"","format":"standard","meta":[],"categories":[20],"tags":[],"_links":{"self":[{"href":"http:\/\/cordobainforma.info\/index.php\/wp-json\/wp\/v2\/posts\/13761"}],"collection":[{"href":"http:\/\/cordobainforma.info\/index.php\/wp-json\/wp\/v2\/posts"}],"about":[{"href":"http:\/\/cordobainforma.info\/index.php\/wp-json\/wp\/v2\/types\/post"}],"author":[{"embeddable":true,"href":"http:\/\/cordobainforma.info\/index.php\/wp-json\/wp\/v2\/users\/1"}],"replies":[{"embeddable":true,"href":"http:\/\/cordobainforma.info\/index.php\/wp-json\/wp\/v2\/comments?post=13761"}],"version-history":[{"count":0,"href":"http:\/\/cordobainforma.info\/index.php\/wp-json\/wp\/v2\/posts\/13761\/revisions"}],"wp:featuredmedia":[{"embeddable":true,"href":"http:\/\/cordobainforma.info\/index.php\/wp-json\/wp\/v2\/media\/13762"}],"wp:attachment":[{"href":"http:\/\/cordobainforma.info\/index.php\/wp-json\/wp\/v2\/media?parent=13761"}],"wp:term":[{"taxonomy":"category","embeddable":true,"href":"http:\/\/cordobainforma.info\/index.php\/wp-json\/wp\/v2\/categories?post=13761"},{"taxonomy":"post_tag","embeddable":true,"href":"http:\/\/cordobainforma.info\/index.php\/wp-json\/wp\/v2\/tags?post=13761"}],"curies":[{"name":"wp","href":"https:\/\/api.w.org\/{rel}","templated":true}]}}