{"id":13751,"date":"2021-05-27T14:05:00","date_gmt":"2021-05-27T14:05:00","guid":{"rendered":"https:\/\/ahora.com.ar\/\/zidane-dio-un-paso-al-costado-y-dejo-su-cargo-como-dt-del-real-madrid-n4236412"},"modified":"2021-05-27T14:05:00","modified_gmt":"2021-05-27T14:05:00","slug":"zidane-dio-un-paso-al-costado-y-dejo-su-cargo-como-dt-del-real-madrid","status":"publish","type":"post","link":"http:\/\/cordobainforma.info\/index.php\/2021\/05\/27\/zidane-dio-un-paso-al-costado-y-dejo-su-cargo-como-dt-del-real-madrid\/","title":{"rendered":"Zidane dio un paso al costado y dej\u00f3 su cargo como DT del Real Madrid"},"content":{"rendered":"<div><img src=\"http:\/\/cordobainforma.info\/wp-content\/uploads\/2021\/05\/zidane-dio-un-paso-al-costado-y-dejo-su-cargo-como-dt-del-real-madrid.jpg\" class=\"ff-og-image-inserted\"><\/div>\n<p>Zidane, que resign\u00f3 la \u00faltima Liga a manos del Atl\u00e9tico de Madrid de Diego Simeone, comenz\u00f3 su segundo ciclo en la Casa Blanca el 11 de marzo de 2019, tras los pasos de Lopetegui y Santiago Solari, y solo logr\u00f3 dos vueltas ol\u00edmpicas: una Liga y una Supercopa de Espa\u00f1a.<\/p>\n<p><strong>El comunicado de Real Madrid por la renuncia de Zidane<\/strong><\/p>\n<p><em>El Real Madrid C. F. comunica que Zinedine Zidane ha decidido dar por finalizada su actual etapa como entrenador de nuestro club.<\/em><\/p>\n<p><em>Es tiempo ahora de respetar su decisi\u00f3n y mostrarle nuestro agradecimiento por su profesionalidad, dedicaci\u00f3n y pasi\u00f3n en todos estos a\u00f1os, y por lo que representa su figura para el Real Madrid.<\/em><\/p>\n<p><em>Zidane es uno de los grandes mitos del Real Madrid y su leyenda va m\u00e1s all\u00e1 de lo que ha sido como entrenador y jugador de nuestro club.<\/em><\/p>\n<p><em>\u00c9l sabe que est\u00e1 en el coraz\u00f3n del madridismo y que el Real Madrid es y ser\u00e1 siempre su casa.<\/em><\/p>\n<p><strong>Los nombres que suenan para suceder a Zidane en Real Madrid<\/strong><\/p>\n<p>Tras el cimbronazo de la su salida, son varios los candidatos con chances de suceder a Zidane en el banco del Real Madrid.<\/p>\n<p><strong>Mauricio Pochettino<\/strong>, que est\u00e1 apuntado en el PSG tras no haber podido conquistar la Champions League ni el t\u00edtulo de Liga de Francia, es una de las opciones. En Alemania aseguran que <strong>Joachim L\u00f6w<\/strong>, que dejar\u00e1 su cargo en el seleccionado luego de la Eurocopa, tiene chances.<\/p>\n<p>Adem\u00e1s, <strong>Antonio Conte<\/strong>, que se fue de Inter, tras ganar la Serie A, aparece como una opci\u00f3n fuerte, seg\u00fan aseguran desde Espa\u00f1a.<\/p>\n<p>Lo cierto es que <strong>Massimiliano Allegri<\/strong>, el principal apuntado, est\u00e1 a un paso de regresar a la Juventus.<\/p>\n<p>Fuente: TyC Sports<\/p>\n","protected":false},"excerpt":{"rendered":"<p>Zidane, que resign\u00f3 la \u00faltima Liga a manos del Atl\u00e9tico de Madrid de Diego Simeone, comenz\u00f3 su segundo ciclo en la Casa Blanca el 11 de marzo de 2019, tras los pasos de Lopetegui y Santiago Solari, y solo logr\u00f3 dos vueltas ol\u00edmpicas: una Liga y una Supercopa de Espa\u00f1a. El comunicado de Real Madrid [&hellip;]<\/p>\n","protected":false},"author":1,"featured_media":13752,"comment_status":"closed","ping_status":"closed","sticky":false,"template":"","format":"standard","meta":[],"categories":[20],"tags":[],"_links":{"self":[{"href":"http:\/\/cordobainforma.info\/index.php\/wp-json\/wp\/v2\/posts\/13751"}],"collection":[{"href":"http:\/\/cordobainforma.info\/index.php\/wp-json\/wp\/v2\/posts"}],"about":[{"href":"http:\/\/cordobainforma.info\/index.php\/wp-json\/wp\/v2\/types\/post"}],"author":[{"embeddable":true,"href":"http:\/\/cordobainforma.info\/index.php\/wp-json\/wp\/v2\/users\/1"}],"replies":[{"embeddable":true,"href":"http:\/\/cordobainforma.info\/index.php\/wp-json\/wp\/v2\/comments?post=13751"}],"version-history":[{"count":0,"href":"http:\/\/cordobainforma.info\/index.php\/wp-json\/wp\/v2\/posts\/13751\/revisions"}],"wp:featuredmedia":[{"embeddable":true,"href":"http:\/\/cordobainforma.info\/index.php\/wp-json\/wp\/v2\/media\/13752"}],"wp:attachment":[{"href":"http:\/\/cordobainforma.info\/index.php\/wp-json\/wp\/v2\/media?parent=13751"}],"wp:term":[{"taxonomy":"category","embeddable":true,"href":"http:\/\/cordobainforma.info\/index.php\/wp-json\/wp\/v2\/categories?post=13751"},{"taxonomy":"post_tag","embeddable":true,"href":"http:\/\/cordobainforma.info\/index.php\/wp-json\/wp\/v2\/tags?post=13751"}],"curies":[{"name":"wp","href":"https:\/\/api.w.org\/{rel}","templated":true}]}}