{"id":13745,"date":"2021-05-26T15:18:05","date_gmt":"2021-05-26T15:18:05","guid":{"rendered":"http:\/\/cordobainforma.info\/index.php\/2021\/05\/26\/colombia-deporta-a-un-reconocido-activista-argentino-y-se-vuelve-a-tensar-la-relacion-entre-los-gobiernos-de-ivan-duque-y-alberto-fernandez\/"},"modified":"2021-05-26T15:18:05","modified_gmt":"2021-05-26T15:18:05","slug":"colombia-deporta-a-un-reconocido-activista-argentino-y-se-vuelve-a-tensar-la-relacion-entre-los-gobiernos-de-ivan-duque-y-alberto-fernandez","status":"publish","type":"post","link":"http:\/\/cordobainforma.info\/index.php\/2021\/05\/26\/colombia-deporta-a-un-reconocido-activista-argentino-y-se-vuelve-a-tensar-la-relacion-entre-los-gobiernos-de-ivan-duque-y-alberto-fernandez\/","title":{"rendered":"Colombia deporta a un reconocido activista argentino y se vuelve a tensar la relaci\u00f3n entre los gobiernos de Iv\u00e1n Duque y Alberto Fern\u00e1ndez"},"content":{"rendered":"<p><img src=\"http:\/\/cordobainforma.info\/wp-content\/uploads\/2021\/05\/colombia-deporta-a-un-reconocido-activista-argentino-y-se-vuelve-a-tensar-la-relacion-entre-los-gobiernos-de-ivan-duque-y-alberto-fernandez.jpg\"><\/p>\n<div><img src=\"http:\/\/cordobainforma.info\/wp-content\/uploads\/2021\/05\/colombia-deporta-a-un-reconocido-activista-argentino-y-se-vuelve-a-tensar-la-relacion-entre-los-gobiernos-de-ivan-duque-y-alberto-fernandez-2.jpg\" class=\"ff-og-image-inserted\"><\/div>\n<div readability=\"32\">\n<p><span>Publicado:<\/span><time class=\"Timestamp-root Timestamp-isBlackColor \" datetime=\"2021-05-26T15:18:05+00:00\"> 26 may 2021 15:18 GMT <\/time><\/p>\n<\/div>\n<div readability=\"33\">\n<p> El dirigente social es muy cercano al papa Francisco y formaba parte de una misi\u00f3n de derechos humanos. <\/p>\n<\/div>\n<div readability=\"145.03264726757\">\n<p>La deportaci\u00f3n del activista argentino Juan Grabois, a quien se le impidi\u00f3 el ingreso a Colombia, volvi\u00f3 a tensar la relaci\u00f3n entre los gobiernos de Iv\u00e1n Duque y Alberto Fern\u00e1ndez, quienes ya sostuvieron un incidente diplom\u00e1tico a principios de mayo.<\/p>\n<p>El martes, Juan Grabois, dirigente de la Confederaci\u00f3n de Trabajadores de la Econom\u00eda Popular (CTEP), lleg\u00f3 a Bogot\u00e1 junto con una comitiva de 20 l\u00edderes sociales de Argentina que llevaban como misi\u00f3n observar las protestas que se viven en Colombia desde el pasado 20 de mayo, que han sido reprimidas por las fuerzas de Seguridad y que le han generado a Duque <strong>una grave crisis pol\u00edtica debido a las m\u00faltiples denuncias<\/strong> de violaciones de derechos humanos.<\/p>\n<p>Grabois adquiri\u00f3 hace a\u00f1os notoriedad p\u00fablica en Argentina gracias a que es uno de los personajes m\u00e1s cercanos al papa Francisco, a quien suele ver o comunicarse con frecuencia. Adem\u00e1s, sus recurrentes cr\u00edticas a la gesti\u00f3n de Fern\u00e1ndez han desatado fuertes pol\u00e9micas porque es considerado uno de los l\u00edderes m\u00e1s radicales de los sectores sociales que apoyan al peronismo.<\/p>\n<p>Gracias a este protagonismo, se incorpor\u00f3 a la misi\u00f3n de observadores independientes de las protestas en Colombia, pero el martes por la noche comenz\u00f3 a circular un video en el que las autoridades migratorias de ese pa\u00eds le imped\u00edan el ingreso.<\/p>\n<div class=\"EmbedBlock-root EmbedBlock-twitter\">\n<div class=\"TwitterEmbed\" readability=\"6.1162790697674\">\n<blockquote class=\"twitter-tweet\" data-twitter=\"twitter-tweet\" readability=\"6.1162790697674\">\n<p lang=\"es\" dir=\"ltr\">\ud83d\udd34 ALERTA \ud83d\udd34\u203c\ufe0f Niegan el ingreso a Colombia de Juan Grabois y demoran a Isamel Jalil por asumir su defensa. Ambos integrantes de la Misi\u00f3n Internacional de Solidaridad y Observaci\u00f3n de Derechos Humanos. <a href=\"https:\/\/t.co\/udGbPNdg07\">pic.twitter.com\/udGbPNdg07<\/a><\/p>\n<p>\u2014 Mision Internacional Colombia (@MisionIntCol) <a href=\"https:\/\/twitter.com\/MisionIntCol\/status\/1397299295682969619?ref_src=twsrc%5Etfw\">May 25, 2021<\/a><\/p><\/blockquote>\n<\/div>\n<\/div>\n<p>Ismael Jalil, otro de los activistas que viaj\u00f3 a Bogot\u00e1 por invitaci\u00f3n de diversas organizaciones, tambi\u00e9n estuvo a punto de no entrar, pero finalmente solo fue demorado al intentar defender a Grabois, quien finalmente fue deportado de regreso a Buenos Aires.<\/p>\n<p><strong>Los 19 dirigentes sociales que lograron pasar permanecer\u00e1n en Colombia hasta el 2 de junio.<\/strong> En este lapso tienen previsto asistir a protestas en diferentes ciudades, entrevistar a los manifestantes, reunirse con organizaciones locales y despu\u00e9s realizar un informe.<\/p>\n<p>Adem\u00e1s de la CTEP, en la delegaci\u00f3n hay representantes del Servicio de Paz de Justicia, la Asamblea Permanente por los Derechos Humanos, la Coordinadora contra la Represi\u00f3n Policial e Institucional, la Asociaci\u00f3n Americana de Juristas, el Frente de Organizaciones en Lucha y la Asociaci\u00f3n de Trabajadores del Estado.<\/p>\n<h3>Cr\u00edticas<\/h3>\n<p>El canciller argentino, Felipe Sol\u00e1, lament\u00f3 este lunes que las autoridades colombianas hayan deportado a Grabois, lo que se suma a las cr\u00edticas que a principios de mayo lanz\u00f3 el presidente argentino.<\/p>\n<div class=\"EmbedBlock-root EmbedBlock-twitter\">\n<div class=\"TwitterEmbed\" readability=\"6.6461538461538\">\n<blockquote class=\"twitter-tweet\" data-twitter=\"twitter-tweet\" readability=\"7.0892307692308\">\n<p lang=\"es\" dir=\"ltr\">Lamento que autoridades migratorias de Colombia hayan impedido el ingreso del ciudadano argentino y miembro del Dicasterio para el Servicio del Desarrollo Humano Integral de la Santa Sede <a href=\"https:\/\/twitter.com\/JuanGrabois?ref_src=twsrc%5Etfw\">@JuanGrabois<\/a>, que integraba la delegaci\u00f3n de observadores de derechos humanos <a href=\"https:\/\/twitter.com\/MisionIntCol?ref_src=twsrc%5Etfw\">@misionIntCol<\/a>.<\/p>\n<p>\u2014 Felipe Sol\u00e1 (@felipe_sola) <a href=\"https:\/\/twitter.com\/felipe_sola\/status\/1397530080423956480?ref_src=twsrc%5Etfw\">May 26, 2021<\/a><\/p><\/blockquote>\n<\/div>\n<\/div>\n<p>\u00abCon preocupaci\u00f3n observo la represi\u00f3n desatada ante las protestas sociales ocurridas en Colombia. Ruego porque el pueblo colombiano retome la paz social e <strong>insto a su gobierno a que, en resguardo de los derechos humanos, cese la singular violencia institucional que se ha ejercido<\/strong>\u00ab, convoc\u00f3 Fern\u00e1ndez, lo que provoc\u00f3 una respuesta oficial del Gobierno de Duque.<\/p>\n<p>\u00abCanciller\u00eda, en nombre del Gobierno de Colombia, rechaza firmemente las declaraciones del presidente Alberto Fern\u00e1ndez, que desconocen que miles de colombianos han tenido, conforme a nuestro Estado de Derecho, todas las garant\u00edas para ejercer la protesta pac\u00edfica a lo largo y ancho del pa\u00eds\u00bb, se\u00f1al\u00f3 el Ministerio de Relaciones Exteriores.<\/p>\n<p>Con respecto a la deportaci\u00f3n de Grabois, las autoridades migratorias aseguraron que el dirigente se port\u00f3 de manera agresiva cuando se le se\u00f1al\u00f3 que ten\u00eda irregularidades en su documentaci\u00f3n, ya que su pasaporte estaba vencido.<\/p>\n<p>Sin embargo, <strong>los ciudadanos argentinos pueden entrar a Colombia con el Documento Nacional de Identidad<\/strong> (DNI), que fue con lo que ingresaron los otros 19 dirigentes que formaban parte de la comitiva, ya que ambos pa\u00edses forman parte del Mercado Com\u00fan del Sur (Mercosur).<\/p>\n<p>\u00abUn ciudadano de nacionalidad argentina, quien se neg\u00f3 a que se realizara una verificaci\u00f3n de sus documentos, luego de que el sistema arrojara una alerta por vencimiento de su pasaporte y falt\u00f3 al respeto al Oficial de Migraci\u00f3n y Supervisor a cargo, fue inadmitido de acuerdo con lo estipulado en el Art\u00edculo 2 del decreto 1727 del 21 de diciembre de 2020\u00bb, se\u00f1al\u00f3 Migraciones de Colombia en un comunicado en el que jam\u00e1s mencion\u00f3 a Grabois por su nombre.<\/p>\n<p>\u00abEl extranjero, quien de forma vehemente, exig\u00eda su ingreso al pa\u00eds, basado en qui\u00e9n era y qui\u00e9nes lo hab\u00eda invitado, fue dejado a disposici\u00f3n de la aerol\u00ednea con el fin de que se cumpla la orden de inadmisi\u00f3n. Migraci\u00f3n Colombia rechaza este tipo de comportamientos, as\u00ed como las presiones ejercidas para autorizar su ingreso e invita a los ciudadanos nacionales y extranjeros a respetar la normatividad nacional\u00bb, agreg\u00f3 al subrayar que las autoridades migratorias tienen facultades para rechazar de manera discrecional el paso de extranjeros, como lo demuestra el hecho de que <strong>en lo que va de 2021, ya fueron inadmitidas m\u00e1s 1.500 personas.<\/strong><\/p>\n<h3><strong>Cecilia Gonz\u00e1lez<\/strong><\/h3>\n<p><strong>Si te ha parecido interesante, comp\u00e1rtelo con tus amigos<\/strong><\/p>\n<\/div>\n","protected":false},"excerpt":{"rendered":"<p>Publicado: 26 may 2021 15:18 GMT El dirigente social es muy cercano al papa Francisco y formaba parte de una misi\u00f3n de derechos humanos. La deportaci\u00f3n del activista argentino Juan Grabois, a quien se le impidi\u00f3 el ingreso a Colombia, volvi\u00f3 a tensar la relaci\u00f3n entre los gobiernos de Iv\u00e1n Duque y Alberto Fern\u00e1ndez, quienes [&hellip;]<\/p>\n","protected":false},"author":1,"featured_media":13746,"comment_status":"closed","ping_status":"closed","sticky":false,"template":"","format":"standard","meta":[],"categories":[22],"tags":[],"_links":{"self":[{"href":"http:\/\/cordobainforma.info\/index.php\/wp-json\/wp\/v2\/posts\/13745"}],"collection":[{"href":"http:\/\/cordobainforma.info\/index.php\/wp-json\/wp\/v2\/posts"}],"about":[{"href":"http:\/\/cordobainforma.info\/index.php\/wp-json\/wp\/v2\/types\/post"}],"author":[{"embeddable":true,"href":"http:\/\/cordobainforma.info\/index.php\/wp-json\/wp\/v2\/users\/1"}],"replies":[{"embeddable":true,"href":"http:\/\/cordobainforma.info\/index.php\/wp-json\/wp\/v2\/comments?post=13745"}],"version-history":[{"count":0,"href":"http:\/\/cordobainforma.info\/index.php\/wp-json\/wp\/v2\/posts\/13745\/revisions"}],"wp:featuredmedia":[{"embeddable":true,"href":"http:\/\/cordobainforma.info\/index.php\/wp-json\/wp\/v2\/media\/13746"}],"wp:attachment":[{"href":"http:\/\/cordobainforma.info\/index.php\/wp-json\/wp\/v2\/media?parent=13745"}],"wp:term":[{"taxonomy":"category","embeddable":true,"href":"http:\/\/cordobainforma.info\/index.php\/wp-json\/wp\/v2\/categories?post=13745"},{"taxonomy":"post_tag","embeddable":true,"href":"http:\/\/cordobainforma.info\/index.php\/wp-json\/wp\/v2\/tags?post=13745"}],"curies":[{"name":"wp","href":"https:\/\/api.w.org\/{rel}","templated":true}]}}