{"id":13708,"date":"2021-05-26T13:25:14","date_gmt":"2021-05-26T13:25:14","guid":{"rendered":"https:\/\/www.clarin.com\/deportes\/futbol-internacional\/unai-emery-senor-europa-league-ahora-quiere-hacer-historia-villarreal_0_JXxFZa5k9.html"},"modified":"2021-05-26T13:25:14","modified_gmt":"2021-05-26T13:25:14","slug":"unai-emery-el-senor-de-la-europa-league-que-ahora-quiere-hacer-historia-con-villarreal","status":"publish","type":"post","link":"http:\/\/cordobainforma.info\/index.php\/2021\/05\/26\/unai-emery-el-senor-de-la-europa-league-que-ahora-quiere-hacer-historia-con-villarreal\/","title":{"rendered":"Unai Emery, el se\u00f1or de la Europa League que ahora quiere hacer historia con Villarreal"},"content":{"rendered":"<p><img src=\"http:\/\/cordobainforma.info\/wp-content\/uploads\/2021\/05\/unai-emery-el-senor-de-la-europa-league-que-ahora-quiere-hacer-historia-con-villarreal.jpg\"><\/p>\n<div><img src=\"http:\/\/cordobainforma.info\/wp-content\/uploads\/2021\/05\/unai-emery-el-senor-de-la-europa-league-que-ahora-quiere-hacer-historia-con-villarreal-2.jpg\" class=\"ff-og-image-inserted\"><\/div>\n<p>El t\u00e9cnico del Villarreal, Unai Emery, aut\u00e9ntico especialista de la Liga Europa con sus tres t\u00edtulos, busca agrandar un poco m\u00e1s su leyenda en esta competici\u00f3n europea el mi\u00e9rcoles contra el Manchester United en su quinta final.<\/p>\n<p>\u00abSu figura es muy importante en este camino de la Europa League, es una persona con mucha experiencia en esta competici\u00f3n, ganadora en esta competici\u00f3n\u00bb, afirmaba el defensa del &#8216;Submarino Amarillo&#8217; Ra\u00fal Albiol la pasada semana.<\/p>\n<p>\u00abPor tanto, su saber y su experiencia en estos partidos va a ayudar al equipo\u00bb, a\u00f1adi\u00f3 el que fuera campe\u00f3n del mundo con Espa\u00f1a en 2010.<\/p>\n<p><strong>El t\u00e9cnico vasco se enfrenta a su quinta final de Europa League<\/strong>, tras la cuatro anteriores a las que lleg\u00f3 con Sevilla (2014, 2015, 2016) y con el Arsenal en 2019 cuando fue goleado por&nbsp;el Chelsea&nbsp;4-1.<\/p>\n<p>Emery acab\u00f3 levantando el trofeo tres veces consecutivas con el Sevilla y, aunque con el Arsenal acab\u00f3 cayendo 4-1 contra el Chelsea, esta derrota no desmerece su recorrido en esta competici\u00f3n continental.<\/p>\n<div class=\"sp__Normal htmlLibre\">\n<div class=\"embed-responsive-c\" readability=\"7.4761904761905\">\n<blockquote class=\"twitter-tweet\" readability=\"8.7955182072829\">\n<p lang=\"es\" dir=\"ltr\">\ud83d\udde3\ufe0fCavani a la web de la UEFA sobre Emery:<br \/>\u00abDesde que Unai lleg\u00f3 a Par\u00eds, demostr\u00f3 su pasi\u00f3n por el f\u00fatbol. Me gust\u00f3 mucho su forma de trabajar; es un entrenador que va a trabajar mucho y a preparar muy bien la final de la Europa League. Sin duda, va a analizarla muy bien\u00bb<a href=\"https:\/\/twitter.com\/hashtag\/MUFC?src=hash&amp;ref_src=twsrc%5Etfw\">#MUFC<\/a> <a href=\"https:\/\/t.co\/64afqF3tR4\">pic.twitter.com\/64afqF3tR4<\/a><\/p>\n<p>\u2014 Luis United (@LuisUnited_) <a href=\"https:\/\/twitter.com\/LuisUnited_\/status\/1396841885214384132?ref_src=twsrc%5Etfw\">May 24, 2021<\/a><\/p><\/blockquote><\/div>\n<\/div>\n<p>El t\u00e9cnico del Submarino Amarillo ya es historia de la Liga Europa como el entrenador que m\u00e1s veces ha alzado el trofeo, empatado con el italiano Giovanni Trapattoni, que tambi\u00e9n la gan\u00f3 en tres ocasiones en 1977, 1991 y 1993, cuando todav\u00eda era la Copa de la UEFA.<\/p>\n<p><strong>Una victoria esta tarde en el Gdansk Stadium frente al United le convertir\u00eda en el \u00fanico t\u00e9cnico en ganar en cuatro ocasiones la Liga Europa<\/strong>.<\/p>\n<p>\u00abSentimos mucho esta competici\u00f3n, sobre todo con algunos clubes. A m\u00ed el Sevilla me dio mucho en esta competici\u00f3n. Me hizo crecer y aprender mucho\u00bb, explicaba el t\u00e9cnico del &#8216;Submarino Amarillo&#8217;.<\/p>\n<p>Para el t\u00e9cnico vasco, la victoria en la final de Europa League no s\u00f3lo supondr\u00eda agrandar su leyenda en esta competici\u00f3n sino que le abrir\u00eda las puertas de la Champions la pr\u00f3xima temporada.<\/p>\n<p>De paso, <strong>la victoria permitir\u00eda a Emery romper la hegemon\u00eda brit\u00e1nica en Europa<\/strong>, despu\u00e9s que la final de Champions sea un duelo entre el Chelsea y el Manchester City y la Europa League sea contra el United.<\/p>\n<p>El antiguo t\u00e9cnico de Sevilla, Par\u00eds Saint-Germain y Arsenal, considera \u00abun reto\u00bb romper esa hegemon\u00eda.<\/p>\n<p>\u00abEl Manchester United part\u00eda como el principal candidato para ganar esta competici\u00f3n y ha llegado hasta el final, nosotros pod\u00edamos considerarnos unos candidatos a competir y lo hemos logrado, y ahora tendremos que confiar en nosotros\u00bb, aseguraba la semana pasada Emery, advirtiendo que \u00abtocar\u00e1 sufrir\u00bb.<\/p>\n<p>Considerado un aut\u00e9ntico loco del f\u00fatbol, Emery mima hasta el \u00faltimo detalle en cada partido y en cada entrenamiento y trata de inculcar su pasi\u00f3n a los jugadores para llegar a lo m\u00e1s alto.<\/p>\n<p>\u00abEs un entrenador que tiene ambici\u00f3n sana de ganar y eso trata de inculc\u00e1rselo a los futbolistas en los equipos en donde ha estado. Esas ganas que \u00e9l tiene de \u00e9xito es algo que me contagi\u00f3 aqu\u00ed en el PSG\u00bb, dec\u00eda el delantero uruguayo Edinson Cavani, cuando lo ten\u00eda de entrenador en el Paris Saint-Germain.<\/p>\n<p>Ahora Emery tendr\u00e1 enfrente a su antiguo pupilo el mi\u00e9rcoles en Gdansk, donde tratar\u00e1 de agrandar a\u00fan m\u00e1s su leyenda en la Europa League.<\/p>\n<p>Por Gabriel RUBIO GIRON \/ AFP<\/p>\n<div class=\"entry-tags\">\n<h2>TEMAS QUE APARECEN EN ESTA NOTA<\/h2>\n<\/p><\/div>\n","protected":false},"excerpt":{"rendered":"<p>El t\u00e9cnico del Villarreal, Unai Emery, aut\u00e9ntico especialista de la Liga Europa con sus tres t\u00edtulos, busca agrandar un poco m\u00e1s su leyenda en esta competici\u00f3n europea el mi\u00e9rcoles contra el Manchester United en su quinta final. \u00abSu figura es muy importante en este camino de la Europa League, es una persona con mucha experiencia [&hellip;]<\/p>\n","protected":false},"author":1,"featured_media":13709,"comment_status":"closed","ping_status":"closed","sticky":false,"template":"","format":"standard","meta":[],"categories":[20],"tags":[],"_links":{"self":[{"href":"http:\/\/cordobainforma.info\/index.php\/wp-json\/wp\/v2\/posts\/13708"}],"collection":[{"href":"http:\/\/cordobainforma.info\/index.php\/wp-json\/wp\/v2\/posts"}],"about":[{"href":"http:\/\/cordobainforma.info\/index.php\/wp-json\/wp\/v2\/types\/post"}],"author":[{"embeddable":true,"href":"http:\/\/cordobainforma.info\/index.php\/wp-json\/wp\/v2\/users\/1"}],"replies":[{"embeddable":true,"href":"http:\/\/cordobainforma.info\/index.php\/wp-json\/wp\/v2\/comments?post=13708"}],"version-history":[{"count":0,"href":"http:\/\/cordobainforma.info\/index.php\/wp-json\/wp\/v2\/posts\/13708\/revisions"}],"wp:featuredmedia":[{"embeddable":true,"href":"http:\/\/cordobainforma.info\/index.php\/wp-json\/wp\/v2\/media\/13709"}],"wp:attachment":[{"href":"http:\/\/cordobainforma.info\/index.php\/wp-json\/wp\/v2\/media?parent=13708"}],"wp:term":[{"taxonomy":"category","embeddable":true,"href":"http:\/\/cordobainforma.info\/index.php\/wp-json\/wp\/v2\/categories?post=13708"},{"taxonomy":"post_tag","embeddable":true,"href":"http:\/\/cordobainforma.info\/index.php\/wp-json\/wp\/v2\/tags?post=13708"}],"curies":[{"name":"wp","href":"https:\/\/api.w.org\/{rel}","templated":true}]}}