{"id":13700,"date":"2021-05-26T13:01:00","date_gmt":"2021-05-26T13:01:00","guid":{"rendered":"https:\/\/ahora.com.ar\/\/messi-llego-al-pais-y-se-traslado-la-burbuja-la-seleccion-ezeiza-n4236318"},"modified":"2021-05-26T13:01:00","modified_gmt":"2021-05-26T13:01:00","slug":"messi-llego-al-pais-y-se-traslado-a-la-burbuja-de-la-seleccion-en-ezeiza","status":"publish","type":"post","link":"http:\/\/cordobainforma.info\/index.php\/2021\/05\/26\/messi-llego-al-pais-y-se-traslado-a-la-burbuja-de-la-seleccion-en-ezeiza\/","title":{"rendered":"Messi lleg\u00f3 al pa\u00eds y se traslad\u00f3 a la burbuja de la Selecci\u00f3n en Ezeiza"},"content":{"rendered":"<div><img src=\"http:\/\/cordobainforma.info\/wp-content\/uploads\/2021\/05\/messi-llego-al-pais-y-se-traslado-a-la-burbuja-de-la-seleccion-en-ezeiza.jpg\" class=\"ff-og-image-inserted\"><\/div>\n<p>El crack rosarino de 33 a\u00f1os lleg\u00f3 al aeropuerto Ministro Pistarini poco antes de las 8 junto a su esposa Antonella Roccuzzo y sus tres hijos, <strong>se someti\u00f3 a un hisopado como marca el protocolo sanitario del coronavirus y se dirigi\u00f3 a la concentraci\u00f3n argentina<\/strong>, mientras que su familia se traslad\u00f3 a Rosario.<\/p>\n<p>El capit\u00e1n del Barcelona, vestido con un buzo de color beige, firm\u00f3 algunos aut\u00f3grafos a fan\u00e1ticos que se acercaron a ped\u00edrselo en el aeropuerto, pero opt\u00f3 por no dialogar con la prensa.<\/p>\n<p>Messi se sum\u00f3 a Rodrigo De Paul, jugador del Udinese de Italia, quien tambi\u00e9n lleg\u00f3 hoy, y en el predio ya se encontraban esta ma\u00f1ana \u00c1ngel Di Mar\u00eda y Leandro Paredes, Lautaro Mart\u00ednez, Lucas Alario, Nicol\u00e1s Dom\u00ednguez, Exequiel Palacios y Nicol\u00e1s Gonz\u00e1lez, quienes se desempe\u00f1an en clubes de Europa.<\/p>\n<p>El resto de los 33 convocados llegar\u00e1n en los pr\u00f3ximos d\u00edas y uno de los \u00faltimos en sumarse ser\u00e1 Sergio \u00abKun\u00bb Ag\u00fcero, quien participar\u00e1 con el Manchester City de la final de la Champions ante Chelsea, el pr\u00f3ximo s\u00e1bado en Portugal, y luego viajar\u00e1 a Barcelona para firmar su contrato con el Barcelona por los pr\u00f3ximos dos a\u00f1os.<\/p>\n<p><strong>Argentina se prepara para recibir el jueves 3 a Chile en Santiago del Estero, por la fecha 7 de las Eliminatorias Sudamericanas<\/strong>, y luego enfrentar\u00e1 a Colombia el martes 8, en un cruce programado en principio en la ciudad de Barranquilla.<\/p>\n","protected":false},"excerpt":{"rendered":"<p>El crack rosarino de 33 a\u00f1os lleg\u00f3 al aeropuerto Ministro Pistarini poco antes de las 8 junto a su esposa Antonella Roccuzzo y sus tres hijos, se someti\u00f3 a un hisopado como marca el protocolo sanitario del coronavirus y se dirigi\u00f3 a la concentraci\u00f3n argentina, mientras que su familia se traslad\u00f3 a Rosario. El capit\u00e1n [&hellip;]<\/p>\n","protected":false},"author":1,"featured_media":13701,"comment_status":"closed","ping_status":"closed","sticky":false,"template":"","format":"standard","meta":[],"categories":[20],"tags":[],"_links":{"self":[{"href":"http:\/\/cordobainforma.info\/index.php\/wp-json\/wp\/v2\/posts\/13700"}],"collection":[{"href":"http:\/\/cordobainforma.info\/index.php\/wp-json\/wp\/v2\/posts"}],"about":[{"href":"http:\/\/cordobainforma.info\/index.php\/wp-json\/wp\/v2\/types\/post"}],"author":[{"embeddable":true,"href":"http:\/\/cordobainforma.info\/index.php\/wp-json\/wp\/v2\/users\/1"}],"replies":[{"embeddable":true,"href":"http:\/\/cordobainforma.info\/index.php\/wp-json\/wp\/v2\/comments?post=13700"}],"version-history":[{"count":0,"href":"http:\/\/cordobainforma.info\/index.php\/wp-json\/wp\/v2\/posts\/13700\/revisions"}],"wp:featuredmedia":[{"embeddable":true,"href":"http:\/\/cordobainforma.info\/index.php\/wp-json\/wp\/v2\/media\/13701"}],"wp:attachment":[{"href":"http:\/\/cordobainforma.info\/index.php\/wp-json\/wp\/v2\/media?parent=13700"}],"wp:term":[{"taxonomy":"category","embeddable":true,"href":"http:\/\/cordobainforma.info\/index.php\/wp-json\/wp\/v2\/categories?post=13700"},{"taxonomy":"post_tag","embeddable":true,"href":"http:\/\/cordobainforma.info\/index.php\/wp-json\/wp\/v2\/tags?post=13700"}],"curies":[{"name":"wp","href":"https:\/\/api.w.org\/{rel}","templated":true}]}}