{"id":13689,"date":"2021-05-25T15:45:33","date_gmt":"2021-05-25T15:45:33","guid":{"rendered":"https:\/\/www.mujerhoy.com\/moda\/no-te-pierdas\/202104\/24\/falda-mini-zara-rosa-verde-arrasa-instagram-influencers-llevar-con-botas-look-primavera-barato-entretiempo-20210423141841.html"},"modified":"2021-05-25T15:45:33","modified_gmt":"2021-05-25T15:45:33","slug":"rosa-o-verde-esta-es-la-minifalda-de-zara-que-tienes-que-llevar-en-primavera-con-botas-y-que-arrasa-en-instagram","status":"publish","type":"post","link":"http:\/\/cordobainforma.info\/index.php\/2021\/05\/25\/rosa-o-verde-esta-es-la-minifalda-de-zara-que-tienes-que-llevar-en-primavera-con-botas-y-que-arrasa-en-instagram\/","title":{"rendered":"Rosa o verde: Esta es la minifalda de Zara que tienes que llevar en primavera con botas y que arrasa en Instagram"},"content":{"rendered":"<p>Si esta <strong>primavera <\/strong>est\u00e1s buscando opciones para dejar a un lado los pantalones vaqueros, te recomendamos encarecidamente que te pases a las <strong>faldas<\/strong>. Tenemos esta opci\u00f3n rejuvenecedora <a href=\"https:\/\/www.mujerhoy.com\/moda\/no-te-pierdas\/202104\/20\/falda-midi-zara-blusa-original-look-entretiempo-barato-rejuvenece-a-los-50-ropa-quita-anos-20210420143318.html\">con falda midi de Zara y blusa que estiliza<\/a> o esta s\u00faper tendencia <a href=\"https:\/\/www.mujerhoy.com\/moda\/no-te-pierdas\/202104\/19\/falda-midi-vaquera-mango-blusa-flores-look-primavera-entretiempo-barato-influencers-20210419115602.html\" target=\"_blank\" rel=\"noopener noreferrer\">con falda midi vaquera de Mango<\/a>. Sin embargo, para el <strong>entretiempo <\/strong>no hay nada mejor que explotar la f\u00f3rmula de<strong> prenda mini con botas<\/strong>, por ello, si ya te has hecho con un vestido de este estilo, es hora de a\u00f1adir a tu armario una falda corta<strong> a la que puedas sacarle mucho partido<\/strong>. Y en Instagram est\u00e1 triunfando una <a href=\"https:\/\/www.mujerhoy.com\/moda\/tendencias\/202105\/24\/falda-verde-satinada-combina-camisa-blanca-rejuvenece-a-los-50-chollo-zara-20210519184054.html\">falda satinada<\/a> de la que te vas a enamorar.<\/p>\n<p>Se trata de una <strong>falda mini de tiro alto y en un tejido satinado <\/strong>ideal que ha gustado mucho por dos motivos: su bajo con onda y sus dos colores tendencia y s\u00faper favorecedores. Y es que, esta falda que cuesta <strong>25,95 euros <\/strong>est\u00e1 disponible en <strong>rosa y verde<\/strong>, dos colores que se han consolidado como los m\u00e1s importantes de la temporada y que son perfectos para llevar en primavera.<\/p>\n<div class=\"comp_mm\">\n<figure><picture><source srcset=\"http:\/\/cordobainforma.info\/wp-content\/uploads\/2021\/05\/rosa-o-verde-esta-es-la-minifalda-de-zara-que-tienes-que-llevar-en-primavera-con-botas-y-que-arrasa-en-instagram.jpg, http:\/\/cordobainforma.info\/wp-content\/uploads\/2021\/05\/rosa-o-verde-esta-es-la-minifalda-de-zara-que-tienes-que-llevar-en-primavera-con-botas-y-que-arrasa-en-instagram.jpg 2x\" media=\"(min-width: 1054px)\"><source srcset=\"http:\/\/cordobainforma.info\/wp-content\/uploads\/2021\/05\/rosa-o-verde-esta-es-la-minifalda-de-zara-que-tienes-que-llevar-en-primavera-con-botas-y-que-arrasa-en-instagram.jpg, http:\/\/cordobainforma.info\/wp-content\/uploads\/2021\/05\/rosa-o-verde-esta-es-la-minifalda-de-zara-que-tienes-que-llevar-en-primavera-con-botas-y-que-arrasa-en-instagram.jpg 2x\" media=\"(min-width: 720px)\"><source srcset=\"https:\/\/resizer.mujerhoy.com\/resizer\/resizer.php?imagen=http:\/\/cordobainforma.info\/wp-content\/uploads\/2021\/05\/rosa-o-verde-esta-es-la-minifalda-de-zara-que-tienes-que-llevar-en-primavera-con-botas-y-que-arrasa-en-instagram.jpg&amp;nuevoalto=714&amp;nuevoancho=476\"><img src=\"http:\/\/cordobainforma.info\/wp-content\/uploads\/2021\/05\/rosa-o-verde-esta-es-la-minifalda-de-zara-que-tienes-que-llevar-en-primavera-con-botas-y-que-arrasa-en-instagram.jpg\" alt title itemprop=\"image\"><\/picture><figcaption><\/figcaption><\/figure>\n<\/div>\n<p>Pero es que lo mejor es que es una falda a la que puedes sacarle mucho partido. Puede hacer como Yasmin -que la tiene en los dos colroes- y combinarla en un<strong> look elegante con blusa blanca y sandalias<\/strong> de tac\u00f3n o como <strong>Dulceida <\/strong>y usarla en tu <strong>look playero<\/strong>. Sin embargo, desde la redacci\u00f3n de mujerhoy.com proponemos hacerlo con una camisa y unas botas altas, la f\u00f3rmula perfecta para el entretiempo y con la que triunfar\u00e1s seguro.<\/p>\n<div class=\"comp_mm\">\n<figure><picture><source srcset=\"http:\/\/cordobainforma.info\/wp-content\/uploads\/2021\/05\/rosa-o-verde-esta-es-la-minifalda-de-zara-que-tienes-que-llevar-en-primavera-con-botas-y-que-arrasa-en-instagram-1.jpg, http:\/\/cordobainforma.info\/wp-content\/uploads\/2021\/05\/rosa-o-verde-esta-es-la-minifalda-de-zara-que-tienes-que-llevar-en-primavera-con-botas-y-que-arrasa-en-instagram-1.jpg 2x\" media=\"(min-width: 1054px)\"><source srcset=\"http:\/\/cordobainforma.info\/wp-content\/uploads\/2021\/05\/rosa-o-verde-esta-es-la-minifalda-de-zara-que-tienes-que-llevar-en-primavera-con-botas-y-que-arrasa-en-instagram-1.jpg, http:\/\/cordobainforma.info\/wp-content\/uploads\/2021\/05\/rosa-o-verde-esta-es-la-minifalda-de-zara-que-tienes-que-llevar-en-primavera-con-botas-y-que-arrasa-en-instagram-1.jpg 2x\" media=\"(min-width: 720px)\"><source srcset=\"https:\/\/resizer.mujerhoy.com\/resizer\/resizer.php?imagen=http:\/\/cordobainforma.info\/wp-content\/uploads\/2021\/05\/rosa-o-verde-esta-es-la-minifalda-de-zara-que-tienes-que-llevar-en-primavera-con-botas-y-que-arrasa-en-instagram-1.jpg&amp;nuevoalto=483&amp;nuevoancho=644\"><img src=\"http:\/\/cordobainforma.info\/wp-content\/uploads\/2021\/05\/rosa-o-verde-esta-es-la-minifalda-de-zara-que-tienes-que-llevar-en-primavera-con-botas-y-que-arrasa-en-instagram-1.jpg\" alt title itemprop=\"image\"><\/picture><figcaption><\/figcaption><\/figure>\n<\/div>\n<p>Dos colores ideales a los que solo har\u00e1 falta que les a\u00f1adas una prenda b\u00e1sica en un color neutro para conseguir un lookazo de esos que atrapan miradas. <strong>Bueno, bonito, barato y muy ponible<\/strong>, \u00bfqu\u00e9 m\u00e1s se puede pedir?<\/p>\n<div class=\"tb-interesa\">\n<h3>Tambi\u00e9n te interesa<\/h3>\n<\/div>\n","protected":false},"excerpt":{"rendered":"<p>Si esta primavera est\u00e1s buscando opciones para dejar a un lado los pantalones vaqueros, te recomendamos encarecidamente que te pases a las faldas. Tenemos esta opci\u00f3n rejuvenecedora con falda midi de Zara y blusa que estiliza o esta s\u00faper tendencia con falda midi vaquera de Mango. Sin embargo, para el entretiempo no hay nada mejor [&hellip;]<\/p>\n","protected":false},"author":1,"featured_media":13690,"comment_status":"closed","ping_status":"closed","sticky":false,"template":"","format":"standard","meta":[],"categories":[24],"tags":[],"_links":{"self":[{"href":"http:\/\/cordobainforma.info\/index.php\/wp-json\/wp\/v2\/posts\/13689"}],"collection":[{"href":"http:\/\/cordobainforma.info\/index.php\/wp-json\/wp\/v2\/posts"}],"about":[{"href":"http:\/\/cordobainforma.info\/index.php\/wp-json\/wp\/v2\/types\/post"}],"author":[{"embeddable":true,"href":"http:\/\/cordobainforma.info\/index.php\/wp-json\/wp\/v2\/users\/1"}],"replies":[{"embeddable":true,"href":"http:\/\/cordobainforma.info\/index.php\/wp-json\/wp\/v2\/comments?post=13689"}],"version-history":[{"count":0,"href":"http:\/\/cordobainforma.info\/index.php\/wp-json\/wp\/v2\/posts\/13689\/revisions"}],"wp:featuredmedia":[{"embeddable":true,"href":"http:\/\/cordobainforma.info\/index.php\/wp-json\/wp\/v2\/media\/13690"}],"wp:attachment":[{"href":"http:\/\/cordobainforma.info\/index.php\/wp-json\/wp\/v2\/media?parent=13689"}],"wp:term":[{"taxonomy":"category","embeddable":true,"href":"http:\/\/cordobainforma.info\/index.php\/wp-json\/wp\/v2\/categories?post=13689"},{"taxonomy":"post_tag","embeddable":true,"href":"http:\/\/cordobainforma.info\/index.php\/wp-json\/wp\/v2\/tags?post=13689"}],"curies":[{"name":"wp","href":"https:\/\/api.w.org\/{rel}","templated":true}]}}