{"id":13650,"date":"2021-05-24T14:39:06","date_gmt":"2021-05-24T14:39:06","guid":{"rendered":"http:\/\/cordobainforma.info\/index.php\/2021\/05\/24\/en-vivo-guillermo-lasso-asume-la-presidencia-de-ecuador\/"},"modified":"2021-05-24T14:39:06","modified_gmt":"2021-05-24T14:39:06","slug":"en-vivo-guillermo-lasso-asume-la-presidencia-de-ecuador","status":"publish","type":"post","link":"http:\/\/cordobainforma.info\/index.php\/2021\/05\/24\/en-vivo-guillermo-lasso-asume-la-presidencia-de-ecuador\/","title":{"rendered":"EN VIVO: Guillermo Lasso asume la Presidencia de Ecuador"},"content":{"rendered":"<p><img src=\"http:\/\/cordobainforma.info\/wp-content\/uploads\/2021\/05\/en-vivo-guillermo-lasso-asume-la-presidencia-de-ecuador.png\"><\/p>\n<div readability=\"32\">\n<p><span>Publicado:<\/span><time class=\"Timestamp-root Timestamp-isBlackColor \" datetime=\"2021-05-24T14:39:06+00:00\"> 24 may 2021 14:39 GMT <\/time><\/p>\n<\/div>\n<div readability=\"33\">\n<p> Estar\u00e1 acompa\u00f1ado de Alfredo Borrero, quien result\u00f3 electo vicepresidente. <\/p>\n<\/div>\n<div readability=\"117.70326906957\">\n<p>Este lunes, Guillermo Lasso, de 65 a\u00f1os, toma posesi\u00f3n de la Presidencia de Ecuador, en un acto&nbsp;que se celebra en la Asamblea Nacional, y&nbsp;agarra el mando de manos de&nbsp;Len\u00edn Moreno, quien gobern\u00f3 al pa\u00eds suramericano desde 2017.<\/p>\n<p>Antes de asistir a la sede del Parlamento, el ahora mandatario ecuatoriano participa de una&nbsp;misa y &#8216;tedeum&#8217; en la Catedral Metropolitana, en Quito.<\/p>\n<p>A su toma de posesi\u00f3n asisten&nbsp;varios invitados internacionales, entre ellos&nbsp;el rey de Espa\u00f1a Felipe VI y los presidentes de Brasil, Jair Bolsonaro; de Chile, Sebasti\u00e1n Pi\u00f1era; de Colombia, Iv\u00e1n Duque; de Hait\u00ed, Jovenel Moise; de Rep\u00fablica Dominicana, Luis Abinader; de Honduras, Juan Orlando Hern\u00e1ndez; y de Uruguay, Luis Lacalle Pou.<\/p>\n<h3>Su llegada a la Presidencia<\/h3>\n<p>Lasso finalmente lleg\u00f3 a la Presidencia de Ecuador en la tercera vez que que se present\u00f3 a este cargo, luego de perder en 2013 contra Rafael Correa y en 2017 contra Moreno.<\/p>\n<p>El nuevo mandatario gan\u00f3 con el <strong>52,36 % de los votos<\/strong> (4.656.426) en la segunda vuelta de las elecciones, que se celebr\u00f3 el 11 de abril. Su contrincante, Andr\u00e9s Arauz consigui\u00f3 4.236.515 sufragios (47,64 %).<\/p>\n<p>Durante su mandato,&nbsp;Lasso estar\u00e1 acompa\u00f1ado de Alfredo Borrero, quien result\u00f3 electo vicepresidente junto con \u00e9l. Se trata de un m\u00e9dico neurocirujano, tambi\u00e9n de 65 a\u00f1os, hasta&nbsp;hace poco fue decano de la facultad de medicina&nbsp;de la Universidad de las Am\u00e9ricas (UDLA), desde 2008; tiene un Diplomado en Administraci\u00f3n de Salud por la Universidad de Harvard y fue&nbsp;director m\u00e9dico&nbsp;del&nbsp;Hospital Metropolitano de Quito&nbsp;entre 2005 y 2014,&nbsp;as\u00ed como presidente de la Asociaci\u00f3n de Hospitales y Cl\u00ednicas Privadas del Ecuador&nbsp;(ACHPE) de 2007 a 2014.<\/p>\n<p>El nuevo presidente gobernar\u00e1 con un Parlamento \u2014<a href=\"https:\/\/actualidad.rt.com\/actualidad\/392009-ecuador-asume-nueva-asamblea-nacional-opositora\" target=\"_blank\" rel=\"noopener noreferrer\">instalado<\/a> el 14 de mayo\u2014 donde su partido, el movimiento Creando Oportunidades (Creo), solo consigui\u00f3 <strong>12 de 137 curules y est\u00e1 dominado por sectores opositores<\/strong>. Sin embargo, en los primeros d\u00edas de instalado el Congreso ha logrado alcanzar algunos acuerdos&nbsp;y conformar un&nbsp;bloque parlamentario, que fue denominado Bancada Acuerdo Nacional (BAN), en la que se incluy\u00f3 a legisladores independientes.<\/p>\n<h3>Banquero y otros cargos en el Estado<\/h3>\n<p>Antes de embarcarse por la carrera presidencial, que se extendi\u00f3 por ocho a\u00f1os, Lasso fue presidente ejecutivo del Banco Guayaquil durante 18 a\u00f1os hasta 2012, instituci\u00f3n en la que es uno de los principales accionistas.<\/p>\n<div class=\"ReadMore-root Section-root Section-is1to3-xs_is1to1\" data-widgets=\"ReadMore\">\n<div class=\"Section-container Section-isRow-isTop-isWrap\">\n<article class=\"Card-root Card-is1to1 \">\n<div class=\"Card-imageWrap\">\n<div class=\"Card-picture\"> <picture class=\"Picture-root Picture-default\"><!--[if IE 9]><video style=\"display: none;\"><![endif]--><source media=\"(-webkit-min-device-pixel-ratio: 2) and (min-resolution: 120dpi)\" srcset=\"http:\/\/cordobainforma.info\/wp-content\/uploads\/2021\/05\/en-vivo-guillermo-lasso-asume-la-presidencia-de-ecuador.jpg 850w, http:\/\/cordobainforma.info\/wp-content\/uploads\/2021\/05\/en-vivo-guillermo-lasso-asume-la-presidencia-de-ecuador-1.jpg 1960w\"><source srcset=\"http:\/\/cordobainforma.info\/wp-content\/uploads\/2021\/05\/en-vivo-guillermo-lasso-asume-la-presidencia-de-ecuador.jpg 460w, http:\/\/cordobainforma.info\/wp-content\/uploads\/2021\/05\/en-vivo-guillermo-lasso-asume-la-presidencia-de-ecuador-1.jpg 980w\"><!--[if IE 9]><\/video><![endif]--><img data-sizes=\"auto\" src=\"http:\/\/cordobainforma.info\/wp-content\/uploads\/2021\/05\/en-vivo-guillermo-lasso-asume-la-presidencia-de-ecuador.jpg\" class=\"Picture-root Picture-default lazyload\" alt=\"L\u00f3pez Obrador revela que pidi\u00f3 ayuda de EE.UU. para acceder a un expediente clave del caso Ayotzinapa\"><\/picture><!-- noscript pattern --><noscript><img src=\"http:\/\/cordobainforma.info\/wp-content\/uploads\/2021\/05\/en-vivo-guillermo-lasso-asume-la-presidencia-de-ecuador-1.jpg\" alt=\"L\u00f3pez Obrador revela que pidi\u00f3 ayuda de EE.UU. para acceder a un expediente clave del caso Ayotzinapa\"><\/noscript> <\/div><\/div>\n<\/article><\/div><\/div>\n<p>Tambi\u00e9n estuvo en la administraci\u00f3n p\u00fablica. Se desempe\u00f1\u00f3 como&nbsp;gobernador de la provincia del Guayas durante un a\u00f1o, nombrado en 1998 por el presidente Jamil Mahuad, bajo cuyo periodo hubo el feriado bancario en el pa\u00eds; y tambi\u00e9n fue \u00absuperministro de Econom\u00eda\u00bb de ese mismo gobierno.<\/p>\n<p>En 2003, fue nombrado \u00abembajador itinerante\u00bb de Ecuador durante la administraci\u00f3n de Lucio Guti\u00e9rrez (destituido en 2005).<\/p>\n<h3>Lo que prometi\u00f3 durante la campa\u00f1a<\/h3>\n<p>Durante su campa\u00f1a electoral, el ahora presidente prometi\u00f3 vacunar a 9 millones de ecuatorianos contra el covid-19 en sus primeros 100 d\u00edas de gobierno.<\/p>\n<p>Tambi\u00e9n dijo que elevar\u00eda&nbsp;el salario m\u00ednimo a 500 d\u00f3lares, de los 400 que son actualmente.<\/p>\n<p>Asimismo, se\u00f1al\u00f3 que har\u00eda:<\/p>\n<ul>\n<li>Delegar al sector privado la administraci\u00f3n de los hospitales.<\/li>\n<li>\u00abReformas estructurales\u00bb al sistema de seguridad social del pa\u00eds, actualmente en manos del p\u00fablico Instituto Ecuatoriano de Seguridad Social (IESS).<\/li>\n<li>Generar al menos 2 millones de puestos de trabajo.<\/li>\n<li>Un \u00abmodernizaci\u00f3n financiera\u00bb, con la que propone \u00abfomentar la competencia, es decir, promover el arribo de la banca internacional al pa\u00eds\u00bb.<\/li>\n<li>Reducir el gasto p\u00fablico.<\/li>\n<\/ul>\n<\/div>\n","protected":false},"excerpt":{"rendered":"<p>Publicado: 24 may 2021 14:39 GMT Estar\u00e1 acompa\u00f1ado de Alfredo Borrero, quien result\u00f3 electo vicepresidente. Este lunes, Guillermo Lasso, de 65 a\u00f1os, toma posesi\u00f3n de la Presidencia de Ecuador, en un acto&nbsp;que se celebra en la Asamblea Nacional, y&nbsp;agarra el mando de manos de&nbsp;Len\u00edn Moreno, quien gobern\u00f3 al pa\u00eds suramericano desde 2017. Antes de asistir [&hellip;]<\/p>\n","protected":false},"author":1,"featured_media":13651,"comment_status":"closed","ping_status":"closed","sticky":false,"template":"","format":"standard","meta":[],"categories":[22],"tags":[],"_links":{"self":[{"href":"http:\/\/cordobainforma.info\/index.php\/wp-json\/wp\/v2\/posts\/13650"}],"collection":[{"href":"http:\/\/cordobainforma.info\/index.php\/wp-json\/wp\/v2\/posts"}],"about":[{"href":"http:\/\/cordobainforma.info\/index.php\/wp-json\/wp\/v2\/types\/post"}],"author":[{"embeddable":true,"href":"http:\/\/cordobainforma.info\/index.php\/wp-json\/wp\/v2\/users\/1"}],"replies":[{"embeddable":true,"href":"http:\/\/cordobainforma.info\/index.php\/wp-json\/wp\/v2\/comments?post=13650"}],"version-history":[{"count":0,"href":"http:\/\/cordobainforma.info\/index.php\/wp-json\/wp\/v2\/posts\/13650\/revisions"}],"wp:featuredmedia":[{"embeddable":true,"href":"http:\/\/cordobainforma.info\/index.php\/wp-json\/wp\/v2\/media\/13651"}],"wp:attachment":[{"href":"http:\/\/cordobainforma.info\/index.php\/wp-json\/wp\/v2\/media?parent=13650"}],"wp:term":[{"taxonomy":"category","embeddable":true,"href":"http:\/\/cordobainforma.info\/index.php\/wp-json\/wp\/v2\/categories?post=13650"},{"taxonomy":"post_tag","embeddable":true,"href":"http:\/\/cordobainforma.info\/index.php\/wp-json\/wp\/v2\/tags?post=13650"}],"curies":[{"name":"wp","href":"https:\/\/api.w.org\/{rel}","templated":true}]}}