{"id":13644,"date":"2021-05-24T14:25:44","date_gmt":"2021-05-24T14:25:44","guid":{"rendered":"https:\/\/www.mujerhoy.com\/moda\/no-te-pierdas\/202105\/24\/falda-midi-top-punto-look-oficina-verano-arrasa-instagram-rejuvenece-mas-50-anos-20210519183331.html"},"modified":"2021-05-24T14:25:44","modified_gmt":"2021-05-24T14:25:44","slug":"hemos-localizado-el-look-definitivo-para-ascender-en-el-trabajo-no-tiene-edad-y-solo-tienes-que-combinarlo-con-unos-labios-rojos","status":"publish","type":"post","link":"http:\/\/cordobainforma.info\/index.php\/2021\/05\/24\/hemos-localizado-el-look-definitivo-para-ascender-en-el-trabajo-no-tiene-edad-y-solo-tienes-que-combinarlo-con-unos-labios-rojos\/","title":{"rendered":"Hemos localizado el look definitivo para ascender en el trabajo: no tiene edad y solo tienes que combinarlo con unos labios rojos"},"content":{"rendered":"<p>No s\u00e9 si opinar\u00e1s lo mismo, pero el verano a muchas nos complica el vestir much\u00edsimo. Mantenerse <strong>dentro de la etiqueta laboral con las prendas y las texturas ligeras<\/strong> que invaden las tiendas del low cost en verano tiene su dificultad. Por eso nos gusta tant\u00edsimo el <a href=\"https:\/\/www.mujerhoy.com\/moda\/no-te-pierdas\/202104\/13\/carmen-lomana-chaqueta-punto-mango-amarilla-agotada-ropa-quita-anos-look-primavera-barato-rejuvenece-20210413140612.html\">punto<\/a> de <a href=\"https:\/\/www.mujerhoy.com\/moda\/no-te-pierdas\/202103\/02\/falda-midi-plisada-top-punto-nueva-coleccion-sfera-arrasa-instagram-tendencia-primavera-20210302153459.html\">primavera<\/a>: aunque en la calle pasemos un poco de calor, bajo el aire acondicionado de las oficinas se agradece y, adem\u00e1s, es elegant\u00edsimo. Solo tienes que ver el impresionante conjunto blanco que lleva <strong>Bel\u00e9n Hostalet <\/strong>en <a href=\"https:\/\/www.mujerhoy.com\/moda\/no-te-pierdas\/202105\/19\/conjunto-punto-sfera-barato-zapatillas-comodas-famosas-amelia-bono-instagram-look-calle-rejuvenece-a-los-40-20210519105057.html\">Instagram.<\/a> No se puede ir m\u00e1s guapa y con menos complicaciones. Le basta un lipstick rojo para triunfar. Si te apetece clonar este <strong>conjunto de punto<\/strong>, no tienes que conformarte con una imitaci\u00f3n. Lo tenemos en el original.<\/p>\n<div class=\"comp_mm\">\n<figure><picture><source srcset=\"http:\/\/cordobainforma.info\/wp-content\/uploads\/2021\/05\/hemos-localizado-el-look-definitivo-para-ascender-en-el-trabajo-no-tiene-edad-y-solo-tienes-que-combinarlo-con-unos-labios-rojos.png, http:\/\/cordobainforma.info\/wp-content\/uploads\/2021\/05\/hemos-localizado-el-look-definitivo-para-ascender-en-el-trabajo-no-tiene-edad-y-solo-tienes-que-combinarlo-con-unos-labios-rojos.png 2x\" media=\"(min-width: 1054px)\"><source srcset=\"http:\/\/cordobainforma.info\/wp-content\/uploads\/2021\/05\/hemos-localizado-el-look-definitivo-para-ascender-en-el-trabajo-no-tiene-edad-y-solo-tienes-que-combinarlo-con-unos-labios-rojos.png, http:\/\/cordobainforma.info\/wp-content\/uploads\/2021\/05\/hemos-localizado-el-look-definitivo-para-ascender-en-el-trabajo-no-tiene-edad-y-solo-tienes-que-combinarlo-con-unos-labios-rojos.png 2x\" media=\"(min-width: 720px)\"><source srcset=\"https:\/\/resizer.mujerhoy.com\/resizer\/resizer.php?imagen=http:\/\/cordobainforma.info\/wp-content\/uploads\/2021\/05\/hemos-localizado-el-look-definitivo-para-ascender-en-el-trabajo-no-tiene-edad-y-solo-tienes-que-combinarlo-con-unos-labios-rojos.png&amp;nuevoalto=714&amp;nuevoancho=476\"><img src=\"http:\/\/cordobainforma.info\/wp-content\/uploads\/2021\/05\/hemos-localizado-el-look-definitivo-para-ascender-en-el-trabajo-no-tiene-edad-y-solo-tienes-que-combinarlo-con-unos-labios-rojos.png\" alt=\"Conjunto de chaqueta con manga corta y falda de tubo de &amp;amp; Other Stories.\" title=\"Conjunto de chaqueta con manga corta y falda de tubo de &amp;amp; Other Stories.\" itemprop=\"image\"><\/picture><figcaption> Conjunto de chaqueta con manga corta y falda de tubo de &amp; Other Stories. <span class=\"firma\"><\/span><\/figcaption><\/figure>\n<\/div>\n<p>Si <strong>eres amante del punto y buscas una silueta bien definida<\/strong>, este conjunto se va a convertir en un b\u00e1sico del verano. Merece la pena el extra de inversi\u00f3n que supone, porque no vas a parar de pon\u00e9rtelo durante todo el a\u00f1o. Se trata de <strong>un dise\u00f1o de &amp; Other Stories<\/strong> que a\u00fan est\u00e1 disponible en todas las tallas en la tienda online, y se compone de una falda de canal\u00e9 (69 euros) y una chaqueta de manga corta (59 euros). <strong>La textura y el color del punto es tan fant\u00e1stica<\/strong>, que solo necesita un adorno: los nueve botones de la chaqueta.<\/p>\n<div class=\"comp_mm\">\n<figure><picture><source srcset=\"http:\/\/cordobainforma.info\/wp-content\/uploads\/2021\/05\/hemos-localizado-el-look-definitivo-para-ascender-en-el-trabajo-no-tiene-edad-y-solo-tienes-que-combinarlo-con-unos-labios-rojos-1.png, http:\/\/cordobainforma.info\/wp-content\/uploads\/2021\/05\/hemos-localizado-el-look-definitivo-para-ascender-en-el-trabajo-no-tiene-edad-y-solo-tienes-que-combinarlo-con-unos-labios-rojos-1.png 2x\" media=\"(min-width: 1054px)\"><source srcset=\"http:\/\/cordobainforma.info\/wp-content\/uploads\/2021\/05\/hemos-localizado-el-look-definitivo-para-ascender-en-el-trabajo-no-tiene-edad-y-solo-tienes-que-combinarlo-con-unos-labios-rojos-1.png, http:\/\/cordobainforma.info\/wp-content\/uploads\/2021\/05\/hemos-localizado-el-look-definitivo-para-ascender-en-el-trabajo-no-tiene-edad-y-solo-tienes-que-combinarlo-con-unos-labios-rojos-1.png 2x\" media=\"(min-width: 720px)\"><source srcset=\"https:\/\/resizer.mujerhoy.com\/resizer\/resizer.php?imagen=http:\/\/cordobainforma.info\/wp-content\/uploads\/2021\/05\/hemos-localizado-el-look-definitivo-para-ascender-en-el-trabajo-no-tiene-edad-y-solo-tienes-que-combinarlo-con-unos-labios-rojos-1.png&amp;nuevoalto=714&amp;nuevoancho=476\"><img src=\"http:\/\/cordobainforma.info\/wp-content\/uploads\/2021\/05\/hemos-localizado-el-look-definitivo-para-ascender-en-el-trabajo-no-tiene-edad-y-solo-tienes-que-combinarlo-con-unos-labios-rojos-1.png\" alt=\"Vestido de canal&amp;eacute; de manga corta tipo polo de H&amp;amp;M.\" title=\"Vestido de canal&amp;eacute; de manga corta tipo polo de H&amp;amp;M.\" itemprop=\"image\"><\/picture><figcaption> Vestido de canal\u00e9 de manga corta tipo polo de H&amp;M. <span class=\"firma\"><\/span><\/figcaption><\/figure>\n<\/div>\n<p>Cuidado, porque <strong>el conjunto de punto de &amp; Other Stories <\/strong>tiene un competidor importante en ucn vestido de la nueva colecci\u00f3n de H&amp;M. Tiene exactamente el mismo color, <strong>un punto canal\u00e9 color crema precioso <\/strong>y un cuello tipo polo tambi\u00e9n muy elegante. A su favor, adem\u00e1s de vestirte con una sola pieza, tiene el precio: 39,99 euros y hasta la talla XXL. <strong>Es un vestido midi impecable <\/strong>y no le van a poner ni un reporche si lo llevas, con o sin blazer, a la oficina.<\/p>\n<div class=\"tb-interesa\">\n<h3>Tambi\u00e9n te interesa<\/h3>\n<\/div>\n","protected":false},"excerpt":{"rendered":"<p>No s\u00e9 si opinar\u00e1s lo mismo, pero el verano a muchas nos complica el vestir much\u00edsimo. Mantenerse dentro de la etiqueta laboral con las prendas y las texturas ligeras que invaden las tiendas del low cost en verano tiene su dificultad. Por eso nos gusta tant\u00edsimo el punto de primavera: aunque en la calle pasemos [&hellip;]<\/p>\n","protected":false},"author":1,"featured_media":13645,"comment_status":"closed","ping_status":"closed","sticky":false,"template":"","format":"standard","meta":[],"categories":[24],"tags":[],"_links":{"self":[{"href":"http:\/\/cordobainforma.info\/index.php\/wp-json\/wp\/v2\/posts\/13644"}],"collection":[{"href":"http:\/\/cordobainforma.info\/index.php\/wp-json\/wp\/v2\/posts"}],"about":[{"href":"http:\/\/cordobainforma.info\/index.php\/wp-json\/wp\/v2\/types\/post"}],"author":[{"embeddable":true,"href":"http:\/\/cordobainforma.info\/index.php\/wp-json\/wp\/v2\/users\/1"}],"replies":[{"embeddable":true,"href":"http:\/\/cordobainforma.info\/index.php\/wp-json\/wp\/v2\/comments?post=13644"}],"version-history":[{"count":0,"href":"http:\/\/cordobainforma.info\/index.php\/wp-json\/wp\/v2\/posts\/13644\/revisions"}],"wp:featuredmedia":[{"embeddable":true,"href":"http:\/\/cordobainforma.info\/index.php\/wp-json\/wp\/v2\/media\/13645"}],"wp:attachment":[{"href":"http:\/\/cordobainforma.info\/index.php\/wp-json\/wp\/v2\/media?parent=13644"}],"wp:term":[{"taxonomy":"category","embeddable":true,"href":"http:\/\/cordobainforma.info\/index.php\/wp-json\/wp\/v2\/categories?post=13644"},{"taxonomy":"post_tag","embeddable":true,"href":"http:\/\/cordobainforma.info\/index.php\/wp-json\/wp\/v2\/tags?post=13644"}],"curies":[{"name":"wp","href":"https:\/\/api.w.org\/{rel}","templated":true}]}}