{"id":13621,"date":"2021-05-24T15:07:58","date_gmt":"2021-05-24T15:07:58","guid":{"rendered":"https:\/\/www.clarin.com\/deportes\/murio-max-mosley-expresidente-federacion-internacional-automovilismo_0_-aicBH7uN.html"},"modified":"2021-05-24T15:07:58","modified_gmt":"2021-05-24T15:07:58","slug":"murio-max-mosley-ex-presidente-de-la-federacion-internacional-de-automovilismo","status":"publish","type":"post","link":"http:\/\/cordobainforma.info\/index.php\/2021\/05\/24\/murio-max-mosley-ex-presidente-de-la-federacion-internacional-de-automovilismo\/","title":{"rendered":"Muri\u00f3 Max Mosley, ex presidente de la Federaci\u00f3n Internacional de Automovilismo"},"content":{"rendered":"<p><img src=\"http:\/\/cordobainforma.info\/wp-content\/uploads\/2021\/05\/murio-max-mosley-ex-presidente-de-la-federacion-internacional-de-automovilismo.jpg\"><\/p>\n<div><img src=\"http:\/\/cordobainforma.info\/wp-content\/uploads\/2021\/05\/murio-max-mosley-ex-presidente-de-la-federacion-internacional-de-automovilismo-2.jpg\" class=\"ff-og-image-inserted\"><\/div>\n<p>El brit\u00e1nico<strong> Max Mosley<\/strong>, presidente de la Federaci\u00f3n Internacional de Autom\u00f3vil (FIA) de 1993 a 2009, muri\u00f3 a los 81 a\u00f1os, seg\u00fan confirm\u00f3 el extitular de la F\u00f3rmula 1<strong> Bernie Ecclestone<\/strong>.<\/p>\n<p>Max Mosley, hijo de <strong>Oswald Mosley<\/strong>, fundador en los a\u00f1os 1930 del partido <strong>British Union of Fascists<\/strong>, fue primero piloto, cofundador y dirigente de escuder\u00eda antes de ocupar diversas funciones en la cumbre del deporte del autom\u00f3vil, incluida la presidencia de la FIA.<\/p>\n<p><strong>Mosley padec\u00eda un c\u00e1ncer<\/strong>. \u00abMax era de la familia para m\u00ed. \u00c9ramos como hermanos. Estoy contento por un lado porque estaba sufriendo desde hace demasiado tiempo\u00bb, dijo Ecclestone a la agencia brit\u00e1nica PA.<\/p>\n<p>Nacido en Londres el 13 de abril de 1940, el expatr\u00f3n de la FIA hab\u00eda sufrido un drama familiar cuando su hijo, Alexander (de 39 a\u00f1os), que sufr\u00eda depresiones, muri\u00f3 como consecuencia de una sobredosis de coca\u00edna, en 2009.<\/p>\n<p>Tras haber estudiado f\u00edsica y despu\u00e9s derecho en Oxford, se convirti\u00f3 en abogado.Pronto desarroll\u00f3 una atracci\u00f3n por las carreras de autos. As\u00ed lleg\u00f3 a entrar en los equipos Brabham y Lotus, hasta su retirada como piloto en 1969.<\/p>\n<p>Despu\u00e9s fue cofundador y dirigente de escuder\u00edas antes de ocupar diversas funciones dentro del mundo del autom\u00f3vil.<\/p>\n<p>En julio de 2008, gan\u00f3 m\u00e1s de 76.000 euros (92.570 d\u00f3lares) tras entablar una demanda por da\u00f1os y perjuicios al semanario dominical News of the World, que le hab\u00eda acusado de haber participado en una <strong>\u00aborg\u00eda nazi\u00bb<\/strong>.<\/p>\n<p>La justicia brit\u00e1nica estim\u00f3 que la escena sexual de car\u00e1cter sadomasoquista, de la que el diario hab\u00eda difundido fotos y un video en su sitio internet, no ten\u00eda connotaci\u00f3n \u00abnazi\u00bb y que la grabaci\u00f3n del video no estaba justificada por el derecho del p\u00fablico a la informaci\u00f3n.<\/p>\n<p>Fuente: AFP&nbsp;<\/p>\n<div class=\"entry-tags\">\n<h2>TEMAS QUE APARECEN EN ESTA NOTA<\/h2>\n<\/p><\/div>\n","protected":false},"excerpt":{"rendered":"<p>El brit\u00e1nico Max Mosley, presidente de la Federaci\u00f3n Internacional de Autom\u00f3vil (FIA) de 1993 a 2009, muri\u00f3 a los 81 a\u00f1os, seg\u00fan confirm\u00f3 el extitular de la F\u00f3rmula 1 Bernie Ecclestone. Max Mosley, hijo de Oswald Mosley, fundador en los a\u00f1os 1930 del partido British Union of Fascists, fue primero piloto, cofundador y dirigente de [&hellip;]<\/p>\n","protected":false},"author":1,"featured_media":13622,"comment_status":"closed","ping_status":"closed","sticky":false,"template":"","format":"standard","meta":[],"categories":[20],"tags":[],"_links":{"self":[{"href":"http:\/\/cordobainforma.info\/index.php\/wp-json\/wp\/v2\/posts\/13621"}],"collection":[{"href":"http:\/\/cordobainforma.info\/index.php\/wp-json\/wp\/v2\/posts"}],"about":[{"href":"http:\/\/cordobainforma.info\/index.php\/wp-json\/wp\/v2\/types\/post"}],"author":[{"embeddable":true,"href":"http:\/\/cordobainforma.info\/index.php\/wp-json\/wp\/v2\/users\/1"}],"replies":[{"embeddable":true,"href":"http:\/\/cordobainforma.info\/index.php\/wp-json\/wp\/v2\/comments?post=13621"}],"version-history":[{"count":0,"href":"http:\/\/cordobainforma.info\/index.php\/wp-json\/wp\/v2\/posts\/13621\/revisions"}],"wp:featuredmedia":[{"embeddable":true,"href":"http:\/\/cordobainforma.info\/index.php\/wp-json\/wp\/v2\/media\/13622"}],"wp:attachment":[{"href":"http:\/\/cordobainforma.info\/index.php\/wp-json\/wp\/v2\/media?parent=13621"}],"wp:term":[{"taxonomy":"category","embeddable":true,"href":"http:\/\/cordobainforma.info\/index.php\/wp-json\/wp\/v2\/categories?post=13621"},{"taxonomy":"post_tag","embeddable":true,"href":"http:\/\/cordobainforma.info\/index.php\/wp-json\/wp\/v2\/tags?post=13621"}],"curies":[{"name":"wp","href":"https:\/\/api.w.org\/{rel}","templated":true}]}}