{"id":13578,"date":"2021-05-23T13:16:00","date_gmt":"2021-05-23T13:16:00","guid":{"rendered":"https:\/\/www.clarin.com\/deportes\/manchester-city-vs-everton-premier-league-adios-sergio-kun-aguero-minuto-minuto-directo_0_8IWXztSbI.html"},"modified":"2021-05-23T13:16:00","modified_gmt":"2021-05-23T13:16:00","slug":"manchester-city-vs-everton-por-la-premier-league-el-adios-de-sergio-kun-aguero-minuto-a-minuto-en-directo","status":"publish","type":"post","link":"http:\/\/cordobainforma.info\/index.php\/2021\/05\/23\/manchester-city-vs-everton-por-la-premier-league-el-adios-de-sergio-kun-aguero-minuto-a-minuto-en-directo\/","title":{"rendered":"Manchester City vs Everton, por la Premier League: el adi\u00f3s de Sergio Kun Ag\u00fcero, minuto a minuto, en directo"},"content":{"rendered":"<p><img src=\"http:\/\/cordobainforma.info\/wp-content\/uploads\/2021\/05\/manchester-city-vs-everton-por-la-premier-league-el-adios-de-sergio-kun-aguero-minuto-a-minuto-en-directo.jpg\"><\/p>\n<div><img src=\"http:\/\/cordobainforma.info\/wp-content\/uploads\/2021\/05\/manchester-city-vs-everton-por-la-premier-league-el-adios-de-sergio-kun-aguero-minuto-a-minuto-en-directo-2.jpg\" class=\"ff-og-image-inserted\"><\/div>\n<p>El delantero argentino <a href=\"https:\/\/www.clarin.com\/tema\/sergio-kun-aguero.html\" class=\"slug automatic\" alt=\"sergio-kun-aguero\" title=\"sergio-kun-aguero\" target=\"_blank\" rel=\"noopener noreferrer\">Sergio \u00abKun\u00bb Ag\u00fcero<\/a>, goleador hist\u00f3rico del <a href=\"https:\/\/www.clarin.com\/tema\/manchester-city.html\" class=\"slug automatic\" alt=\"manchester-city\" title=\"manchester-city\" target=\"_blank\" rel=\"noopener noreferrer\">Manchester City<\/a> con 258 conquistas desde que arrib\u00f3 en 2011, se despide este domingo de la <a href=\"https:\/\/www.clarin.com\/tema\/premier-league.html\" class=\"slug automatic\" alt=\"premier-league\" title=\"premier-league\" target=\"_blank\" rel=\"noopener noreferrer\">Premier League<\/a>&nbsp; en el partido que su equipo, que se consagr\u00f3 campe\u00f3n en forma anticipada, jugar\u00e1 como local ante el <a href=\"https:\/\/www.clarin.com\/tema\/everton.html\" class=\"slug automatic\" alt=\"everton\" title=\"everton\" target=\"_blank\" rel=\"noopener noreferrer\">Everton<\/a> por la 38va. y \u00faltima fecha de la competencia.<\/p>\n<p>El \u00abKun\u00bb Ag\u00fcero, de 32 a\u00f1os y surgido de <a href=\"https:\/\/www.clarin.com\/tema\/independiente.html\" class=\"slug automatic\" alt=\"independiente\" title=\"independiente\" target=\"_blank\" rel=\"noopener noreferrer\">Independiente<\/a>, continuar\u00e1 su carrera casi con seguridad en el <a href=\"https:\/\/www.clarin.com\/tema\/barcelona.html\" class=\"slug automatic\" alt=\"barcelona\" title=\"barcelona\" target=\"_blank\" rel=\"noopener noreferrer\">Barcelona<\/a> junto a <a href=\"https:\/\/www.clarin.com\/tema\/lionel-messi.html\" class=\"slug automatic\" alt=\"lionel-messi\" title=\"lionel-messi\" target=\"_blank\" rel=\"noopener noreferrer\">Lionel Messi<\/a>, algo que se har\u00e1 oficial en los pr\u00f3ximos d\u00edas, pero antes le quedan dos partidos en el City. El primero es el de este domingo desde&nbsp;las 12 (hora de la <a href=\"https:\/\/www.clarin.com\/tema\/argentina.html\" class=\"slug automatic\" alt=\"argentina\" title=\"argentina\" target=\"_blank\" rel=\"noopener noreferrer\">Argentina<\/a>, por ESPN) en el Etihad Stadium de Manchester y con 10.000 espectadores en las tribunas, habilitados tras las restricciones que origin\u00f3 la pandemia de coronavirus.<\/p>\n<p>El argentino, quien se sum\u00f3 al City procedente del <a href=\"https:\/\/www.clarin.com\/tema\/atletico-de-madrid.html\" class=\"slug automatic\" alt=\"atletico-de-madrid\" title=\"atletico-de-madrid\" target=\"_blank\" rel=\"noopener noreferrer\">Atl\u00e9tico de Madrid<\/a>, es el cuarto goleador hist\u00f3rico de la Premier League con 182 tantos y en su brillante carrera en el club ingl\u00e9s conquist\u00f3 cinco veces la Premier League, mientras que su gran deseo es obtener la <a href=\"https:\/\/www.clarin.com\/tema\/champions-league.html\" class=\"slug automatic\" alt=\"champions-league\" title=\"champions-league\" target=\"_blank\" rel=\"noopener noreferrer\">Champions League<\/a> de <a href=\"https:\/\/www.clarin.com\/tema\/europa.html\" class=\"slug automatic\" alt=\"europa\" title=\"europa\" target=\"_blank\" rel=\"noopener noreferrer\">Europa<\/a> cuando su equipo enfrente a <a href=\"https:\/\/www.clarin.com\/tema\/chelsea.html\" class=\"slug automatic\" alt=\"chelsea\" title=\"chelsea\" target=\"_blank\" rel=\"noopener noreferrer\">Chelsea<\/a> el pr\u00f3ximo s\u00e1bado 29 de mayo.<\/p>\n<p>El City, que dirige el entrenador catal\u00e1n Josep \u00abPep\u00bb Guardiola, anunci\u00f3 que una vez terminado el partido con Everton habr\u00e1 un acto de celebraci\u00f3n por el t\u00edtulo, con la entrega de la copa, y luego se realizar\u00e1 un homenaje a Ag\u00fcero.<\/p>\n<p><opta-widget sport=\"football\" widget=\"timeline\" competition=\"8\" season=\"2020\" match=\"2128662\" template=\"normal\" live=\"true\" orientation=\"horizontal\" vertical_timebar_height=\"260\" show_match_header=\"true\" show_score=\"true\" show_crests=\"true\" show_assists=\"all\" show_team_formation=\"true\" show_clock=\"true\" show_period_dividers=\"true\" show_halftime_score=\"false\" show_date=\"true\" date_format=\"dddd D MMMM YYYY\" show_attendance=\"true\" show_images=\"true\" show_referee=\"true\" show_venue=\"true\" show_cards=\"all\" show_goals=\"true\" show_penalties_missed=\"true\" show_subs=\"false\" show_goals_combined=\"false\" show_shootouts=\"false\" show_competition_name=\"true\" competition_naming=\"full\" team_naming=\"full\" player_naming=\"full\" show_live=\"true\" show_logo=\"false\" show_title=\"true\" breakpoints=\"400, 700\"><\/opta-widget><opta-widget sport=\"football\" widget=\"heatmap\" competition=\"8\" season=\"2020\" match=\"2128662\" preselected_player template=\"normal\" live=\"true\" show_maps=\"all\" orientation=\"horizontal\" side=\"both\" dimension=\"2D\" one_direction=\"false\" show_match_header=\"true\" show_score=\"true\" show_halftime_score=\"false\" show_crests=\"false\" show_team_formation=\"true\" show_competition_name=\"true\" show_date=\"true\" date_format=\"dddd D MMMM YYYY\" show_team_sheets=\"true\" show_subs=\"true\" show_position=\"true\" show_timecontrols=\"true\" show_timecontrols_buttons=\"true\" show_timecontrols_bar=\"true\" show_tooltips=\"false\" competition_naming=\"full\" team_naming=\"full\" player_naming=\"full\" show_logo=\"false\" show_title=\"true\" breakpoints=\"400, 700\"><\/opta-widget><opta-widget sport=\"football\" widget=\"matchstats\" competition=\"8\" season=\"2020\" match=\"2128662\" template=\"lineups\" live=\"true\" side=\"both\" column_count=\"1\" side_by_side=\"true\" show_match_header=\"true\" show_score=\"true\" show_halftime_score=\"false\" show_crests=\"false\" show_team_formation=\"true\" show_competition_name=\"true\" show_date=\"false\" date_format=\"dddd D MMMM YYYY\" order_by=\"position\" group_by_position=\"false\" show_position=\"true\" show_images=\"false\" show_key=\"false\" show_starters=\"true\" show_goalkeepers=\"true\" show_defenders=\"true\" show_midfielders=\"true\" show_forwards=\"true\" show_subs=\"true\" show_unused_subs=\"false\" show_managers=\"true\" show_captain=\"false\" show_match_events=\"true\" competition_naming=\"full\" team_naming=\"full\" player_naming=\"full\" show_live=\"false\" show_logo=\"false\" show_title=\"true\" breakpoints=\"400, 700\"><\/opta-widget><opta-widget sport=\"football\" widget=\"goal_replay\" competition=\"8\" season=\"2020\" match=\"2128662\" template=\"normal\" live=\"true\" animation=\"true\" orientation=\"horizontal\" panning=\"narrow\" plot_events=\"5\" show_direction_of_play=\"false\" show_match_header=\"true\" show_popup_events=\"all\" show_score=\"true\" show_halftime_score=\"false\" show_crests=\"false\" show_images=\"false\" show_team_formation=\"true\" show_competition_name=\"true\" show_date=\"true\" show_events=\"true\" show_events_bar=\"true\" date_format=\"dddd D MMMM YYYY\" show_tooltips=\"false\" competition_naming=\"full\" team_naming=\"full\" player_naming=\"full\" show_live=\"false\" show_logo=\"false\" show_title=\"true\" breakpoints=\"450, 700\"><\/opta-widget><opta-widget sport=\"football\" widget=\"standings\" competition=\"8\" season=\"2020\" match=\"2128662\" team template=\"normal\" live=\"true\" default_nav=\"1\" side=\"combined\" data_detail=\"default\" show_key=\"false\" show_crests=\"false\" points_in_first_column=\"false\" lose_before_draw=\"false\" show_form=\"0\" competition_naming=\"full\" team_naming=\"full\" date_format=\"dddd D MMMM YYYY\" sorting=\"true\" show_live=\"false\" show_relegation_average=\"true\" show_logo=\"false\" show_title=\"true\" breakpoints=\"400\"><\/opta-widget> <\/p>\n<div class=\"entry-tags\">\n<h2>TEMAS QUE APARECEN EN ESTA NOTA<\/h2>\n<\/p><\/div>\n","protected":false},"excerpt":{"rendered":"<p>El delantero argentino Sergio \u00abKun\u00bb Ag\u00fcero, goleador hist\u00f3rico del Manchester City con 258 conquistas desde que arrib\u00f3 en 2011, se despide este domingo de la Premier League&nbsp; en el partido que su equipo, que se consagr\u00f3 campe\u00f3n en forma anticipada, jugar\u00e1 como local ante el Everton por la 38va. y \u00faltima fecha de la competencia. [&hellip;]<\/p>\n","protected":false},"author":1,"featured_media":13579,"comment_status":"closed","ping_status":"closed","sticky":false,"template":"","format":"standard","meta":[],"categories":[20],"tags":[],"_links":{"self":[{"href":"http:\/\/cordobainforma.info\/index.php\/wp-json\/wp\/v2\/posts\/13578"}],"collection":[{"href":"http:\/\/cordobainforma.info\/index.php\/wp-json\/wp\/v2\/posts"}],"about":[{"href":"http:\/\/cordobainforma.info\/index.php\/wp-json\/wp\/v2\/types\/post"}],"author":[{"embeddable":true,"href":"http:\/\/cordobainforma.info\/index.php\/wp-json\/wp\/v2\/users\/1"}],"replies":[{"embeddable":true,"href":"http:\/\/cordobainforma.info\/index.php\/wp-json\/wp\/v2\/comments?post=13578"}],"version-history":[{"count":0,"href":"http:\/\/cordobainforma.info\/index.php\/wp-json\/wp\/v2\/posts\/13578\/revisions"}],"wp:featuredmedia":[{"embeddable":true,"href":"http:\/\/cordobainforma.info\/index.php\/wp-json\/wp\/v2\/media\/13579"}],"wp:attachment":[{"href":"http:\/\/cordobainforma.info\/index.php\/wp-json\/wp\/v2\/media?parent=13578"}],"wp:term":[{"taxonomy":"category","embeddable":true,"href":"http:\/\/cordobainforma.info\/index.php\/wp-json\/wp\/v2\/categories?post=13578"},{"taxonomy":"post_tag","embeddable":true,"href":"http:\/\/cordobainforma.info\/index.php\/wp-json\/wp\/v2\/tags?post=13578"}],"curies":[{"name":"wp","href":"https:\/\/api.w.org\/{rel}","templated":true}]}}