{"id":13564,"date":"2021-05-22T14:31:54","date_gmt":"2021-05-22T14:31:54","guid":{"rendered":"http:\/\/cordobainforma.info\/index.php\/2021\/05\/22\/antes-y-despues-imagenes-de-satelite-muestran-el-impacto-de-los-bombardeos-israelies-en-la-franja-de-gaza\/"},"modified":"2021-05-22T14:31:54","modified_gmt":"2021-05-22T14:31:54","slug":"antes-y-despues-imagenes-de-satelite-muestran-el-impacto-de-los-bombardeos-israelies-en-la-franja-de-gaza","status":"publish","type":"post","link":"http:\/\/cordobainforma.info\/index.php\/2021\/05\/22\/antes-y-despues-imagenes-de-satelite-muestran-el-impacto-de-los-bombardeos-israelies-en-la-franja-de-gaza\/","title":{"rendered":"Antes y despu\u00e9s: im\u00e1genes de sat\u00e9lite muestran el impacto de los bombardeos israel\u00edes en la Franja de Gaza"},"content":{"rendered":"<p><img src=\"http:\/\/cordobainforma.info\/wp-content\/uploads\/2021\/05\/antes-y-despues-imagenes-de-satelite-muestran-el-impacto-de-los-bombardeos-israelies-en-la-franja-de-gaza.jpg\"><\/p>\n<div><img src=\"http:\/\/cordobainforma.info\/wp-content\/uploads\/2021\/05\/antes-y-despues-imagenes-de-satelite-muestran-el-impacto-de-los-bombardeos-israelies-en-la-franja-de-gaza-2.jpg\" class=\"ff-og-image-inserted\"><\/div>\n<div readability=\"32\">\n<p><span>Publicado:<\/span><time class=\"Timestamp-root Timestamp-isBlackColor \" datetime=\"2021-05-22T14:31:54+00:00\"> 22 may 2021 14:31 GMT <\/time><\/p>\n<\/div>\n<div readability=\"32\">\n<p> Fueron tomadas los d\u00edas 12 y 20 de mayo. <\/p>\n<\/div>\n<div readability=\"52.259139784946\">\n<p>Unas im\u00e1genes, tomadas por sat\u00e9lite, ponen de manifiesto el impacto de los ataques a\u00e9reos de las Fuerzas Armadas de Israel en la Franja de Gaza a lo largo de 11 d\u00edas de hostilidades. AP se\u00f1ala que las fotos fueron tomadas los d\u00edas 12 y 20 de mayo.<\/p>\n<p>El movimiento palestino Ham\u00e1s&nbsp;comenz\u00f3 a disparar cohetes hacia Israel desde la Franja de Gaza el pasado 10 de mayo, a lo que Tel Aviv respondi\u00f3 con ataques a\u00e9reos. La indignaci\u00f3n de los palestinos ante las barreras de seguridad colocadas en Jerusal\u00e9n Este durante el Ramad\u00e1n, y el desalojo de un&nbsp;barrio \u00e1rabe, fueron parte de los detonantes de esos&nbsp;combates.<\/p>\n<p>La confrontaci\u00f3n, la m\u00e1s intensa desde el 2014, dej\u00f3 m\u00e1s de 230 muertos y casi 2.000 heridos del lado palestino, mientras por la parte israel\u00ed hubo 12 fallecidos y cientos de heridos. Tras 11 d\u00edas de combates, en las primeras horas de este viernes entr\u00f3 en vigor un&nbsp;<a href=\"https:\/\/actualidad.rt.com\/actualidad\/392747-gabinete-israeli-aprueba-tregua-gaza\" target=\"_blank\" rel=\"noopener noreferrer\">alto el fuego<\/a>&nbsp;mediado por Egipto.<\/p>\n<\/div>\n","protected":false},"excerpt":{"rendered":"<p>Publicado: 22 may 2021 14:31 GMT Fueron tomadas los d\u00edas 12 y 20 de mayo. Unas im\u00e1genes, tomadas por sat\u00e9lite, ponen de manifiesto el impacto de los ataques a\u00e9reos de las Fuerzas Armadas de Israel en la Franja de Gaza a lo largo de 11 d\u00edas de hostilidades. AP se\u00f1ala que las fotos fueron tomadas [&hellip;]<\/p>\n","protected":false},"author":1,"featured_media":13565,"comment_status":"closed","ping_status":"closed","sticky":false,"template":"","format":"standard","meta":[],"categories":[22],"tags":[],"_links":{"self":[{"href":"http:\/\/cordobainforma.info\/index.php\/wp-json\/wp\/v2\/posts\/13564"}],"collection":[{"href":"http:\/\/cordobainforma.info\/index.php\/wp-json\/wp\/v2\/posts"}],"about":[{"href":"http:\/\/cordobainforma.info\/index.php\/wp-json\/wp\/v2\/types\/post"}],"author":[{"embeddable":true,"href":"http:\/\/cordobainforma.info\/index.php\/wp-json\/wp\/v2\/users\/1"}],"replies":[{"embeddable":true,"href":"http:\/\/cordobainforma.info\/index.php\/wp-json\/wp\/v2\/comments?post=13564"}],"version-history":[{"count":0,"href":"http:\/\/cordobainforma.info\/index.php\/wp-json\/wp\/v2\/posts\/13564\/revisions"}],"wp:featuredmedia":[{"embeddable":true,"href":"http:\/\/cordobainforma.info\/index.php\/wp-json\/wp\/v2\/media\/13565"}],"wp:attachment":[{"href":"http:\/\/cordobainforma.info\/index.php\/wp-json\/wp\/v2\/media?parent=13564"}],"wp:term":[{"taxonomy":"category","embeddable":true,"href":"http:\/\/cordobainforma.info\/index.php\/wp-json\/wp\/v2\/categories?post=13564"},{"taxonomy":"post_tag","embeddable":true,"href":"http:\/\/cordobainforma.info\/index.php\/wp-json\/wp\/v2\/tags?post=13564"}],"curies":[{"name":"wp","href":"https:\/\/api.w.org\/{rel}","templated":true}]}}