{"id":13556,"date":"2021-05-20T17:00:36","date_gmt":"2021-05-20T17:00:36","guid":{"rendered":"http:\/\/playfmradio.com\/?p=14583"},"modified":"2021-05-20T17:00:36","modified_gmt":"2021-05-20T17:00:36","slug":"se-definen-las-nuevas-restricciones","status":"publish","type":"post","link":"http:\/\/cordobainforma.info\/index.php\/2021\/05\/20\/se-definen-las-nuevas-restricciones\/","title":{"rendered":"Se definen las nuevas restricciones"},"content":{"rendered":"<p><em>Alberto Fern\u00e1ndez encabeza una nueva videoconferencia con gobernadores para analizar las medidas que comenzar\u00e1n a regir el pr\u00f3ximo s\u00e1bado.<\/em><\/p>\n<p>La reuni\u00f3n comenz\u00f3 a las 11:30 de la ma\u00f1ana y es la continuidad del encuentro que Fern\u00e1ndez mantuvo ayer con los gobernadores, en la previa del anuncio a las nuevas definiciones sanitarias con el objetivo de reducir la segunda ola de Covid.<\/p>\n<p>A este encuentro se sumaron los gobernadores que no estuvieron en la \u00faltima reuni\u00f3n virtual, el gobernador bonaerense&nbsp;Axel Kicillof&nbsp;y el jefe de Gobierno porte\u00f1o,&nbsp;Horacio Rodr\u00edguez Larreta.<\/p>\n<p><strong>Por : Carla Madera<\/strong><\/p>\n<p><a class=\"synved-social-button synved-social-button-share synved-social-size-32 synved-social-resolution-single synved-social-provider-facebook nolightbox\" data-provider=\"facebook\" target=\"_blank\" rel=\"nofollow noopener noreferrer\" title=\"Share on Facebook\" href=\"http:\/\/www.facebook.com\/sharer.php?u=http%3A%2F%2Fplayfmradio.com%2Fse-definen-las-nuevas-restricciones%2F&amp;t=Se%20definen%20las%20nuevas%20restricciones&amp;s=100&amp;p[url]=http%3A%2F%2Fplayfmradio.com%2Fse-definen-las-nuevas-restricciones%2F&amp;p[images][0]=http%3A%2F%2Fplayfmradio.com%2Fwp-content%2Fuploads%2F2021%2F05%2Fimages.jpeg-1.jpg&amp;p[title]=Se%20definen%20las%20nuevas%20restricciones\"><img loading=\"lazy\" alt=\"Facebook\" title=\"Share on Facebook\" class=\"synved-share-image synved-social-image synved-social-image-share\" width=\"32\" height=\"32\" src=\"http:\/\/cordobainforma.info\/wp-content\/uploads\/2021\/05\/se-definen-las-nuevas-restricciones.png\"><\/a><a class=\"synved-social-button synved-social-button-share synved-social-size-32 synved-social-resolution-single synved-social-provider-twitter nolightbox\" data-provider=\"twitter\" target=\"_blank\" rel=\"nofollow noopener noreferrer\" title=\"Share on Twitter\" href=\"https:\/\/twitter.com\/intent\/tweet?url=http%3A%2F%2Fplayfmradio.com%2Fse-definen-las-nuevas-restricciones%2F&amp;text=Compartido%20de%20Playfmradio.com\"><img loading=\"lazy\" alt=\"twitter\" title=\"Share on Twitter\" class=\"synved-share-image synved-social-image synved-social-image-share\" width=\"32\" height=\"32\" src=\"http:\/\/cordobainforma.info\/wp-content\/uploads\/2021\/05\/se-definen-las-nuevas-restricciones-1.png\"><\/a><a class=\"synved-social-button synved-social-button-share synved-social-size-32 synved-social-resolution-single synved-social-provider-pinterest nolightbox\" data-provider=\"pinterest\" target=\"_blank\" rel=\"nofollow noopener noreferrer\" title=\"Pin it with Pinterest\" href=\"http:\/\/pinterest.com\/pin\/create\/button\/?url=http%3A%2F%2Fplayfmradio.com%2Fse-definen-las-nuevas-restricciones%2F&amp;media=http%3A%2F%2Fplayfmradio.com%2Fwp-content%2Fuploads%2F2021%2F05%2Fimages.jpeg-1.jpg&amp;description=Se%20definen%20las%20nuevas%20restricciones\"><img loading=\"lazy\" alt=\"pinterest\" title=\"Pin it with Pinterest\" class=\"synved-share-image synved-social-image synved-social-image-share\" width=\"32\" height=\"32\" src=\"http:\/\/cordobainforma.info\/wp-content\/uploads\/2021\/05\/se-definen-las-nuevas-restricciones-2.png\"><\/a><a class=\"synved-social-button synved-social-button-share synved-social-size-32 synved-social-resolution-single synved-social-provider-tumblr nolightbox\" data-provider=\"tumblr\" target=\"_blank\" rel=\"nofollow noopener noreferrer\" title=\"Share on tumblr\" href=\"http:\/\/tumblr.com\/share?s=&amp;v=3&amp;t=Se%20definen%20las%20nuevas%20restricciones&amp;u=http%3A%2F%2Fplayfmradio.com%2Fse-definen-las-nuevas-restricciones%2F\"><img loading=\"lazy\" alt=\"tumblr\" title=\"Share on tumblr\" class=\"synved-share-image synved-social-image synved-social-image-share\" width=\"32\" height=\"32\" src=\"http:\/\/cordobainforma.info\/wp-content\/uploads\/2021\/05\/se-definen-las-nuevas-restricciones-3.png\"><\/a><a class=\"synved-social-button synved-social-button-share synved-social-size-32 synved-social-resolution-single synved-social-provider-mail nolightbox\" data-provider=\"mail\" rel=\"nofollow\" title=\"Share by email\" href=\"mailto:?subject=Se%20definen%20las%20nuevas%20restricciones&amp;body=Compartido%20de%20Playfmradio.com:%20http%3A%2F%2Fplayfmradio.com%2Fse-definen-las-nuevas-restricciones%2F\"><img loading=\"lazy\" alt=\"mail\" title=\"Share by email\" class=\"synved-share-image synved-social-image synved-social-image-share\" width=\"32\" height=\"32\" src=\"http:\/\/cordobainforma.info\/wp-content\/uploads\/2021\/05\/se-definen-las-nuevas-restricciones-4.png\"><\/a> <\/p>\n<div class=\"tagcloud qt-spacer-m\"><span class=\"qt-title\">Etiquetado como:<\/span><a href=\"http:\/\/playfmradio.com\/tag\/alberto-fernandez\/\" rel=\"tag\">alberto fern\u00e1ndez<\/a> <a href=\"http:\/\/playfmradio.com\/tag\/argentina\/\" rel=\"tag\">Argentina<\/a> <a href=\"http:\/\/playfmradio.com\/tag\/covid-19\/\" rel=\"tag\">covid-19<\/a><\/div>\n<p> <!-- AUTHOR PART ========================= --><\/p>\n<div class=\"qt-post-author qt-card\">\n<div class=\"row\">\n<div class=\"qt-post-author-data col s10 m7 l8\">\n<h6>Autor<\/h6>\n<h4><a href=\"http:\/\/playfmradio.com\/se-definen-las-nuevas-restricciones\/#author_page\">Play FM<\/a><\/h4>\n<\/p><\/div>\n<div class=\"qt-post-author-link col s12 m3 l3 aligncenter\"> <a href=\"http:\/\/playfmradio.com\/author\/andres\/\" class=\"qt-btn qt-btn-large qt-btn-primary\">Archivos del autor<\/a> <\/div><\/div>\n<\/div>\n<p><!-- AUTHOR PART END ========================= --> <\/p>\n","protected":false},"excerpt":{"rendered":"<p>Alberto Fern\u00e1ndez encabeza una nueva videoconferencia con gobernadores para analizar las medidas que comenzar\u00e1n a regir el pr\u00f3ximo s\u00e1bado. La reuni\u00f3n comenz\u00f3 a las 11:30 de la ma\u00f1ana y es la continuidad del encuentro que Fern\u00e1ndez mantuvo ayer con los gobernadores, en la previa del anuncio a las nuevas definiciones sanitarias con el objetivo de [&hellip;]<\/p>\n","protected":false},"author":1,"featured_media":13557,"comment_status":"closed","ping_status":"closed","sticky":false,"template":"","format":"standard","meta":[],"categories":[23],"tags":[],"_links":{"self":[{"href":"http:\/\/cordobainforma.info\/index.php\/wp-json\/wp\/v2\/posts\/13556"}],"collection":[{"href":"http:\/\/cordobainforma.info\/index.php\/wp-json\/wp\/v2\/posts"}],"about":[{"href":"http:\/\/cordobainforma.info\/index.php\/wp-json\/wp\/v2\/types\/post"}],"author":[{"embeddable":true,"href":"http:\/\/cordobainforma.info\/index.php\/wp-json\/wp\/v2\/users\/1"}],"replies":[{"embeddable":true,"href":"http:\/\/cordobainforma.info\/index.php\/wp-json\/wp\/v2\/comments?post=13556"}],"version-history":[{"count":0,"href":"http:\/\/cordobainforma.info\/index.php\/wp-json\/wp\/v2\/posts\/13556\/revisions"}],"wp:featuredmedia":[{"embeddable":true,"href":"http:\/\/cordobainforma.info\/index.php\/wp-json\/wp\/v2\/media\/13557"}],"wp:attachment":[{"href":"http:\/\/cordobainforma.info\/index.php\/wp-json\/wp\/v2\/media?parent=13556"}],"wp:term":[{"taxonomy":"category","embeddable":true,"href":"http:\/\/cordobainforma.info\/index.php\/wp-json\/wp\/v2\/categories?post=13556"},{"taxonomy":"post_tag","embeddable":true,"href":"http:\/\/cordobainforma.info\/index.php\/wp-json\/wp\/v2\/tags?post=13556"}],"curies":[{"name":"wp","href":"https:\/\/api.w.org\/{rel}","templated":true}]}}