{"id":13554,"date":"2021-05-21T15:20:38","date_gmt":"2021-05-21T15:20:38","guid":{"rendered":"http:\/\/playfmradio.com\/?p=14595"},"modified":"2021-05-21T15:20:38","modified_gmt":"2021-05-21T15:20:38","slug":"se-suspende-el-futbol-en-todo-el-pais","status":"publish","type":"post","link":"http:\/\/cordobainforma.info\/index.php\/2021\/05\/21\/se-suspende-el-futbol-en-todo-el-pais\/","title":{"rendered":"Se suspende el f\u00fatbol en todo el pa\u00eds"},"content":{"rendered":"<p><em>En un comunicado publicado esta ma\u00f1ana, la Asociaci\u00f3n del Futbol Argentino (AFA), adhiri\u00f3 a las medidas del gobierno nacional y se suspenden los campeonatos.<\/em><\/p>\n<p>Finalmente, la Asociaci\u00f3n del F\u00fatbol Argentino (AFA), informo mediante un comunicado que se suspende el futbol en todo el territorio nacional, en adhesi\u00f3n a las medidas implementadas por el gobierno nacional, de cara a la pandemia de Covid-19. Es decir, la definici\u00f3n de la Copa de la Liga Profesional, que deb\u00edan disputarse en San Juan este fin de semana, entre Boca vs Racing y Col\u00f3n vs Independiente, quedaron postergadas, como as\u00ed tambi\u00e9n, todos los torneos del ascenso.<\/p>\n<p><a href=\"http:\/\/cordobainforma.info\/wp-content\/uploads\/2021\/05\/se-suspende-el-futbol-en-todo-el-pais-7.png\"><img loading=\"lazy\" class=\"size-medium wp-image-14596 alignleft\" src=\"http:\/\/cordobainforma.info\/wp-content\/uploads\/2021\/05\/se-suspende-el-futbol-en-todo-el-pais.png\" alt width=\"300\" height=\"234\" srcset=\"http:\/\/cordobainforma.info\/wp-content\/uploads\/2021\/05\/se-suspende-el-futbol-en-todo-el-pais.png 300w, http:\/\/cordobainforma.info\/wp-content\/uploads\/2021\/05\/se-suspende-el-futbol-en-todo-el-pais-6.png 768w, http:\/\/cordobainforma.info\/wp-content\/uploads\/2021\/05\/se-suspende-el-futbol-en-todo-el-pais-7.png 862w\" sizes=\"(max-width: 300px) 100vw, 300px\"><\/a>Cabe destacar, que dicha medida no afectar\u00eda a los equipos argentinos que disputan copas internacionales y que deben jugar su \u00faltima fecha la semana entrante. M\u00e1s all\u00e1 de que esto se definir\u00e1 en las pr\u00f3ximas horas, la Conmebol autoriza cambiar la local\u00eda a otro pa\u00eds, si las medidas impidieran jugar en territorio nacional partidos internacionales.<\/p>\n<p>Esto, se suma a la cancelaci\u00f3n de la cede Colombia para la organizaci\u00f3n de la Copa Am\u00e9rica que se dio en la jornada de ayer, poniendo en duda, adem\u00e1s, lo que pudiera pasar con Argentina, que hace unos d\u00edas, en boca del mism\u00edsimo presidente Fern\u00e1ndez, se ofreci\u00f3 a organizar en su totalidad el torneo, pero que de acuerdo a como se sucedieron los hechos, habr\u00e1 que ver que es lo que sucede y cu\u00e1l ser\u00e1 la decisi\u00f3n del Poder Ejecutivo Nacional.<\/p>\n<p>Mientras tanto, la certeza a esta hora, es que el f\u00fatbol y el deporte en general se suspenden y a ciencia cierta y m\u00e1s all\u00e1 de las duraciones de las medidas, nadie estar\u00e1 en condiciones de afirmar cuando regresar\u00e1n.<\/p>\n<p><strong>Por : Guillermo Boris<\/strong><\/p>\n<p><a class=\"synved-social-button synved-social-button-share synved-social-size-32 synved-social-resolution-single synved-social-provider-facebook nolightbox\" data-provider=\"facebook\" target=\"_blank\" rel=\"nofollow noopener noreferrer\" title=\"Share on Facebook\" href=\"http:\/\/www.facebook.com\/sharer.php?u=http%3A%2F%2Fplayfmradio.com%2Fse-suspende-el-futbol-en-todo-el-pais%2F&amp;t=Se%20suspende%20el%20f%C3%BAtbol%20en%20todo%20el%20pa%C3%ADs&amp;s=100&amp;p[url]=http%3A%2F%2Fplayfmradio.com%2Fse-suspende-el-futbol-en-todo-el-pais%2F&amp;p[images][0]=http%3A%2F%2Fplayfmradio.com%2Fwp-content%2Fuploads%2F2021%2F05%2Fsuspension-futbol-liga-profesional_w862.png&amp;p[title]=Se%20suspende%20el%20f%C3%BAtbol%20en%20todo%20el%20pa%C3%ADs\"><img loading=\"lazy\" alt=\"Facebook\" title=\"Share on Facebook\" class=\"synved-share-image synved-social-image synved-social-image-share\" width=\"32\" height=\"32\" src=\"http:\/\/cordobainforma.info\/wp-content\/uploads\/2021\/05\/se-suspende-el-futbol-en-todo-el-pais-1.png\"><\/a><a class=\"synved-social-button synved-social-button-share synved-social-size-32 synved-social-resolution-single synved-social-provider-twitter nolightbox\" data-provider=\"twitter\" target=\"_blank\" rel=\"nofollow noopener noreferrer\" title=\"Share on Twitter\" href=\"https:\/\/twitter.com\/intent\/tweet?url=http%3A%2F%2Fplayfmradio.com%2Fse-suspende-el-futbol-en-todo-el-pais%2F&amp;text=Compartido%20de%20Playfmradio.com\"><img loading=\"lazy\" alt=\"twitter\" title=\"Share on Twitter\" class=\"synved-share-image synved-social-image synved-social-image-share\" width=\"32\" height=\"32\" src=\"http:\/\/cordobainforma.info\/wp-content\/uploads\/2021\/05\/se-suspende-el-futbol-en-todo-el-pais-2.png\"><\/a><a class=\"synved-social-button synved-social-button-share synved-social-size-32 synved-social-resolution-single synved-social-provider-pinterest nolightbox\" data-provider=\"pinterest\" target=\"_blank\" rel=\"nofollow noopener noreferrer\" title=\"Pin it with Pinterest\" href=\"http:\/\/pinterest.com\/pin\/create\/button\/?url=http%3A%2F%2Fplayfmradio.com%2Fse-suspende-el-futbol-en-todo-el-pais%2F&amp;media=http%3A%2F%2Fplayfmradio.com%2Fwp-content%2Fuploads%2F2021%2F05%2Fsuspension-futbol-liga-profesional_w862.png&amp;description=Se%20suspende%20el%20f%C3%BAtbol%20en%20todo%20el%20pa%C3%ADs\"><img loading=\"lazy\" alt=\"pinterest\" title=\"Pin it with Pinterest\" class=\"synved-share-image synved-social-image synved-social-image-share\" width=\"32\" height=\"32\" src=\"http:\/\/cordobainforma.info\/wp-content\/uploads\/2021\/05\/se-suspende-el-futbol-en-todo-el-pais-3.png\"><\/a><a class=\"synved-social-button synved-social-button-share synved-social-size-32 synved-social-resolution-single synved-social-provider-tumblr nolightbox\" data-provider=\"tumblr\" target=\"_blank\" rel=\"nofollow noopener noreferrer\" title=\"Share on tumblr\" href=\"http:\/\/tumblr.com\/share?s=&amp;v=3&amp;t=Se%20suspende%20el%20f%C3%BAtbol%20en%20todo%20el%20pa%C3%ADs&amp;u=http%3A%2F%2Fplayfmradio.com%2Fse-suspende-el-futbol-en-todo-el-pais%2F\"><img loading=\"lazy\" alt=\"tumblr\" title=\"Share on tumblr\" class=\"synved-share-image synved-social-image synved-social-image-share\" width=\"32\" height=\"32\" src=\"http:\/\/cordobainforma.info\/wp-content\/uploads\/2021\/05\/se-suspende-el-futbol-en-todo-el-pais-4.png\"><\/a><a class=\"synved-social-button synved-social-button-share synved-social-size-32 synved-social-resolution-single synved-social-provider-mail nolightbox\" data-provider=\"mail\" rel=\"nofollow\" title=\"Share by email\" href=\"mailto:?subject=Se%20suspende%20el%20f%C3%BAtbol%20en%20todo%20el%20pa%C3%ADs&amp;body=Compartido%20de%20Playfmradio.com:%20http%3A%2F%2Fplayfmradio.com%2Fse-suspende-el-futbol-en-todo-el-pais%2F\"><img loading=\"lazy\" alt=\"mail\" title=\"Share by email\" class=\"synved-share-image synved-social-image synved-social-image-share\" width=\"32\" height=\"32\" src=\"http:\/\/cordobainforma.info\/wp-content\/uploads\/2021\/05\/se-suspende-el-futbol-en-todo-el-pais-5.png\"><\/a> <!-- AUTHOR PART ========================= --> <!-- AUTHOR PART END ========================= --> <\/p>\n","protected":false},"excerpt":{"rendered":"<p>En un comunicado publicado esta ma\u00f1ana, la Asociaci\u00f3n del Futbol Argentino (AFA), adhiri\u00f3 a las medidas del gobierno nacional y se suspenden los campeonatos. Finalmente, la Asociaci\u00f3n del F\u00fatbol Argentino (AFA), informo mediante un comunicado que se suspende el futbol en todo el territorio nacional, en adhesi\u00f3n a las medidas implementadas por el gobierno nacional, [&hellip;]<\/p>\n","protected":false},"author":1,"featured_media":13555,"comment_status":"closed","ping_status":"closed","sticky":false,"template":"","format":"standard","meta":[],"categories":[20,23],"tags":[],"_links":{"self":[{"href":"http:\/\/cordobainforma.info\/index.php\/wp-json\/wp\/v2\/posts\/13554"}],"collection":[{"href":"http:\/\/cordobainforma.info\/index.php\/wp-json\/wp\/v2\/posts"}],"about":[{"href":"http:\/\/cordobainforma.info\/index.php\/wp-json\/wp\/v2\/types\/post"}],"author":[{"embeddable":true,"href":"http:\/\/cordobainforma.info\/index.php\/wp-json\/wp\/v2\/users\/1"}],"replies":[{"embeddable":true,"href":"http:\/\/cordobainforma.info\/index.php\/wp-json\/wp\/v2\/comments?post=13554"}],"version-history":[{"count":0,"href":"http:\/\/cordobainforma.info\/index.php\/wp-json\/wp\/v2\/posts\/13554\/revisions"}],"wp:featuredmedia":[{"embeddable":true,"href":"http:\/\/cordobainforma.info\/index.php\/wp-json\/wp\/v2\/media\/13555"}],"wp:attachment":[{"href":"http:\/\/cordobainforma.info\/index.php\/wp-json\/wp\/v2\/media?parent=13554"}],"wp:term":[{"taxonomy":"category","embeddable":true,"href":"http:\/\/cordobainforma.info\/index.php\/wp-json\/wp\/v2\/categories?post=13554"},{"taxonomy":"post_tag","embeddable":true,"href":"http:\/\/cordobainforma.info\/index.php\/wp-json\/wp\/v2\/tags?post=13554"}],"curies":[{"name":"wp","href":"https:\/\/api.w.org\/{rel}","templated":true}]}}