{"id":13515,"date":"2021-05-22T11:59:00","date_gmt":"2021-05-22T11:59:00","guid":{"rendered":"https:\/\/ahora.com.ar\/\/el-kun-agero-se-sumara-al-barcelona-messi-n4236042"},"modified":"2021-05-22T11:59:00","modified_gmt":"2021-05-22T11:59:00","slug":"el-kun-aguero-se-sumara-al-barcelona-de-messi","status":"publish","type":"post","link":"http:\/\/cordobainforma.info\/index.php\/2021\/05\/22\/el-kun-aguero-se-sumara-al-barcelona-de-messi\/","title":{"rendered":"El \u00abKun\u00bb Ag\u00fcero se sumar\u00e1 al Barcelona de Messi"},"content":{"rendered":"<div><img src=\"http:\/\/cordobainforma.info\/wp-content\/uploads\/2021\/05\/el-kun-aguero-se-sumara-al-barcelona-de-messi.jpg\" class=\"ff-og-image-inserted\"><\/div>\n<p class=\"paragraph\">En principio, <strong>el v\u00ednculo entre Ag\u00fcero y el club Blaugrana se extender\u00e1 hasta junio de 2023<\/strong>, es decir que tendr\u00e1 dos a\u00f1os de duraci\u00f3n. Seg\u00fan revel\u00f3 el periodista italiano<strong> Fabrizio Romano<\/strong>, especialista en fichajes y mercado de pases europeo, el atacante surgido de Independiente ha arreglado<strong> cobrar un bonus en caso de que el Barcelona se consagre campe\u00f3n de la Champions League<\/strong>durante su estad\u00eda en el club.<\/p>\n<p class=\"paragraph\">El gran <strong>anuncio de la llegada del Kun se har\u00e1 una vez que termine la actual Champions Leag<\/strong>ue, en la que el <strong>Manchester City<\/strong> se enfrentar\u00e1 en la final al <strong>Chelsea.<\/strong> El duelo que se disputar\u00e1 el pr\u00f3ximo s\u00e1bado 29 de mayo en el estadio do Dragao de Oporto, Portugal, significar\u00e1 el punto final para el paso del argentino por el elenco Ciudadano.<\/p>\n<p class=\"paragraph\">Es necesario recordar que Ag\u00fcero reci\u00e9n podr\u00e1 sumarse a las filas del Barcelona una vez que termine su paso por el Manchester City y luego de sus obligaciones con la<strong> selecci\u00f3n argentina.<\/strong> En principio, el Kun fue citado por el entrenador <strong>Lionel Scaloni<\/strong>para los partidos de Eliminatorias Sudamericanas ante ante<strong> Chile<\/strong>(3 de junio) y <strong>Colombia<\/strong> (8 de junio). En caso de que el DT lo decida, tambi\u00e9n estar\u00e1 afectado a la <strong>Copa Am\u00e9rica<\/strong>, que se disputar\u00e1 del 13 de junio al 10 de julio con Argentina como sede \u00fanica luego de que Conmebol confirmara que Colombia fue dada de baja como uno de los pa\u00edses anfitriones.<\/p>\n<p class=\"paragraph\">Medios espa\u00f1oles publicaron que hay una intenci\u00f3n por parte de los catalanes de cerrar todo antes de que Ag\u00fcero viaje a la Argentina. Por esa raz\u00f3n la firma del contrato y la revisi\u00f3n m\u00e9dica se har\u00edan alrededor del 30 de mayo. Sport inform\u00f3 que el Kun <strong>cobrar\u00e1 un sueldo ya ajustado al l\u00edmite salarial<\/strong>que posee la entidad azulgrana y, seg\u00fan La Porter\u00eda del canal televisivo espa\u00f1ol Betev\u00e9, ganar\u00eda <strong>cinco millones de euros<\/strong>por cada uno de los dos a\u00f1os del v\u00ednculo.<\/p>\n<p class=\"paragraph\">Romano no solo confirm\u00f3 los detalles del contrato de Ag\u00fcero, sino que tambi\u00e9n inform\u00f3 que el Barcelona est\u00e1 a punto de cerrar otro refuerzo de jerarqu\u00eda. Seg\u00fan el periodista italiano, el holand\u00e9s <strong>Memphis Depay<\/strong>, que en las \u00faltimas horas confirm\u00f3 su salida del <strong>Olympique de Lyon<\/strong>, le ha confirmado a sus asesores legales que quiere seguir su carrera en el conjunto Blaugrana. Los otros nombres que suenan por estas horas son los del defensor espa\u00f1ol del Manchester City,<strong> Eric Garc\u00eda,<\/strong> que ya conoce al Bar\u00e7a tras haber dado sus primeros pasos en la cantera y <strong>Emerson Royal<\/strong>, el lateral brasile\u00f1o que estaba a pr\u00e9stamo en el Betis.<\/p>\n<p class=\"paragraph\">De esta manera, el club que preside<strong> Joan Laporta<\/strong>comienza a cumplir con algunos de los deseos de Lionel Messi de conformar un equipo poderoso para ir por grandes objetivos, entre ellos la conquista de la Champions League. La llegada de refuerzos es una de las claves para<strong> asegurar la continuidad del capit\u00e1n en el club<\/strong>m\u00e1s all\u00e1 del vencimiento de su contrato a mediados de este a\u00f1o.<\/p>\n<p class=\"paragraph\">Ag\u00fcero anunci\u00f3 su salida del Manchester City en marzo pasado, luego de una d\u00e9cada en la que consigui\u00f3 numerosos t\u00edtulos y en la que se erigi\u00f3 como el m\u00e1ximo goleador hist\u00f3rico del equipo. <strong>\u201cCuando se cierra un ciclo se tienen muchas sensaciones. Me quedo con la enorme satisfacci\u00f3n y orgullo de haber estado diez temporadas en el Manchester City, algo inusual en estas \u00e9pocas para un jugador profesional\u201d<\/strong>, escribi\u00f3 en su momento el Kun. La final de la Champions ante el Chelsea ser\u00e1 la gran oportunidad para despedirse con el m\u00e1ximo objetivo -y la gran cuenta pendiente- bajo el brazo.<\/p>\n","protected":false},"excerpt":{"rendered":"<p>En principio, el v\u00ednculo entre Ag\u00fcero y el club Blaugrana se extender\u00e1 hasta junio de 2023, es decir que tendr\u00e1 dos a\u00f1os de duraci\u00f3n. Seg\u00fan revel\u00f3 el periodista italiano Fabrizio Romano, especialista en fichajes y mercado de pases europeo, el atacante surgido de Independiente ha arreglado cobrar un bonus en caso de que el Barcelona [&hellip;]<\/p>\n","protected":false},"author":1,"featured_media":13516,"comment_status":"closed","ping_status":"closed","sticky":false,"template":"","format":"standard","meta":[],"categories":[20],"tags":[],"_links":{"self":[{"href":"http:\/\/cordobainforma.info\/index.php\/wp-json\/wp\/v2\/posts\/13515"}],"collection":[{"href":"http:\/\/cordobainforma.info\/index.php\/wp-json\/wp\/v2\/posts"}],"about":[{"href":"http:\/\/cordobainforma.info\/index.php\/wp-json\/wp\/v2\/types\/post"}],"author":[{"embeddable":true,"href":"http:\/\/cordobainforma.info\/index.php\/wp-json\/wp\/v2\/users\/1"}],"replies":[{"embeddable":true,"href":"http:\/\/cordobainforma.info\/index.php\/wp-json\/wp\/v2\/comments?post=13515"}],"version-history":[{"count":0,"href":"http:\/\/cordobainforma.info\/index.php\/wp-json\/wp\/v2\/posts\/13515\/revisions"}],"wp:featuredmedia":[{"embeddable":true,"href":"http:\/\/cordobainforma.info\/index.php\/wp-json\/wp\/v2\/media\/13516"}],"wp:attachment":[{"href":"http:\/\/cordobainforma.info\/index.php\/wp-json\/wp\/v2\/media?parent=13515"}],"wp:term":[{"taxonomy":"category","embeddable":true,"href":"http:\/\/cordobainforma.info\/index.php\/wp-json\/wp\/v2\/categories?post=13515"},{"taxonomy":"post_tag","embeddable":true,"href":"http:\/\/cordobainforma.info\/index.php\/wp-json\/wp\/v2\/tags?post=13515"}],"curies":[{"name":"wp","href":"https:\/\/api.w.org\/{rel}","templated":true}]}}