{"id":13509,"date":"2021-05-21T14:35:31","date_gmt":"2021-05-21T14:35:31","guid":{"rendered":"http:\/\/cordobainforma.info\/index.php\/2021\/05\/21\/20-palestinos-heridos-en-los-choques-con-la-policia-israeli-que-uso-gases-lacrimogenos-y-balas-de-goma-para-dispersar-una-multitud-en-jerusalen-este\/"},"modified":"2021-05-21T14:35:31","modified_gmt":"2021-05-21T14:35:31","slug":"20-palestinos-heridos-en-los-choques-con-la-policia-israeli-que-uso-gases-lacrimogenos-y-balas-de-goma-para-dispersar-una-multitud-en-jerusalen-este","status":"publish","type":"post","link":"http:\/\/cordobainforma.info\/index.php\/2021\/05\/21\/20-palestinos-heridos-en-los-choques-con-la-policia-israeli-que-uso-gases-lacrimogenos-y-balas-de-goma-para-dispersar-una-multitud-en-jerusalen-este\/","title":{"rendered":"20 palestinos heridos en los choques con la Polic\u00eda israel\u00ed, que us\u00f3 gases lacrim\u00f3genos y balas de goma para dispersar una multitud en Jerusal\u00e9n Este"},"content":{"rendered":"<p><img src=\"http:\/\/cordobainforma.info\/wp-content\/uploads\/2021\/05\/20-palestinos-heridos-en-los-choques-con-la-policia-israeli-que-uso-gases-lacrimogenos-y-balas-de-goma-para-dispersar-una-multitud-en-jerusalen-este.jpg\"><\/p>\n<div readability=\"32\">\n<p><span>Publicado:<\/span><time class=\"Timestamp-root Timestamp-isBlackColor \" datetime=\"2021-05-21T14:35:31+00:00\"> 21 may 2021 14:35 GMT <\/time><\/p>\n<\/div>\n<div readability=\"36\">\n<p> Los enfrentamientos se registraron cerca de la mezquita de Al-Aqsa y, seg\u00fan la Polic\u00eda israel\u00ed, se produjeron despu\u00e9s de que unos palestinos lanzaran piedras y c\u00f3cteles molotov hacia los agentes. <\/p>\n<\/div>\n<div readability=\"68.4375\">\n<p>Al menos 20 palestinos resultaron heridos en los enfrentamientos con la Polic\u00eda israel\u00ed que se registraron este viernes, cerca de la mezquita de Al-Aqsa, en Jerusal\u00e9n Este, <a href=\"https:\/\/www.reuters.com\/world\/middle-east\/palestinians-clash-with-israeli-police-jerusalem-hours-after-gaza-truce-2021-05-21\/\" target=\"_blank\" rel=\"noopener noreferrer\">informa<\/a> Reuters, citando a m\u00e9dicos locales.<\/p>\n<p>Despu\u00e9s de asistir a las oraciones en la mezquita, miles palestinos se quedaron en los alrededores para celebrar el alto el fuego en el conflicto con Israel. En un momento dado, la Polic\u00eda israel\u00ed desplegada en la zona intervino y trat\u00f3 de dispersar a la multitud. Para esto, <strong>us\u00f3 granadas aturdidoras, gases lacrim\u00f3genos y balas de goma<\/strong>.<\/p>\n<p>Por su parte, The Jerusalem Post <a href=\"https:\/\/www.jpost.com\/israel-news\/israel-police-clash-with-palestinians-on-temple-mount-668766\" target=\"_blank\" rel=\"noopener noreferrer\">cita<\/a> a la Polic\u00eda israel\u00ed e informa que los choques se produjeron despu\u00e9s de que algunos de los presentes <strong>lanzaran piedras y c\u00f3cteles molotov hacia los agentes<\/strong>. Doron Turgeman, jefe de la Polic\u00eda en el distrito de Jerusal\u00e9n, orden\u00f3 que los uniformados detuvieran a los agresores, pero permitieran a las dem\u00e1s personas abandonar el lugar.<\/p>\n<p>Al Jazeera <a href=\"https:\/\/www.aljazeera.net\/news\/politics\/2021\/5\/21\/%D9%82%D9%88%D8%A7%D8%AA-%D8%A7%D9%84%D8%A7%D8%AD%D8%AA%D9%84%D8%A7%D9%84-%D8%AA%D9%82%D8%AA%D8%AD%D9%85-%D8%A7%D9%84%D8%A3%D9%82%D8%B5%D9%89-%D9%88%D8%AA%D8%B4%D8%AF%D8%AF-%D8%AD%D8%B5%D8%A7%D8%B1\" target=\"_blank\" rel=\"noopener noreferrer\">se\u00f1ala<\/a> que m\u00e1s de 20 j\u00f3venes fueron detenidos por los uniformados en Jerusal\u00e9n Este.<\/p>\n<div class=\"ReadMore-root Section-root Section-is1to3-xs_is1to1\" data-widgets=\"ReadMore\">\n<div class=\"Section-container Section-isRow-isTop-isWrap\">\n<article class=\"Card-root Card-is1to1 \">\n<div class=\"Card-imageWrap\">\n<div class=\"Card-picture\"> <picture class=\"Picture-root Picture-default\"><!--[if IE 9]><video style=\"display: none;\"><![endif]--><source media=\"(-webkit-min-device-pixel-ratio: 2) and (min-resolution: 120dpi)\" srcset=\"http:\/\/cordobainforma.info\/wp-content\/uploads\/2021\/05\/20-palestinos-heridos-en-los-choques-con-la-policia-israeli-que-uso-gases-lacrimogenos-y-balas-de-goma-para-dispersar-una-multitud-en-jerusalen-este-2.jpg 850w, http:\/\/cordobainforma.info\/wp-content\/uploads\/2021\/05\/20-palestinos-heridos-en-los-choques-con-la-policia-israeli-que-uso-gases-lacrimogenos-y-balas-de-goma-para-dispersar-una-multitud-en-jerusalen-este-3.jpg 1960w\"><source srcset=\"http:\/\/cordobainforma.info\/wp-content\/uploads\/2021\/05\/20-palestinos-heridos-en-los-choques-con-la-policia-israeli-que-uso-gases-lacrimogenos-y-balas-de-goma-para-dispersar-una-multitud-en-jerusalen-este-2.jpg 460w, http:\/\/cordobainforma.info\/wp-content\/uploads\/2021\/05\/20-palestinos-heridos-en-los-choques-con-la-policia-israeli-que-uso-gases-lacrimogenos-y-balas-de-goma-para-dispersar-una-multitud-en-jerusalen-este-3.jpg 980w\"><!--[if IE 9]><\/video><![endif]--><img data-sizes=\"auto\" src=\"http:\/\/cordobainforma.info\/wp-content\/uploads\/2021\/05\/20-palestinos-heridos-en-los-choques-con-la-policia-israeli-que-uso-gases-lacrimogenos-y-balas-de-goma-para-dispersar-una-multitud-en-jerusalen-este-2.jpg\" class=\"Picture-root Picture-default lazyload\" alt=\"VIDEOS: Celebraciones en Gaza, Cisjordania y Jerusal\u00e9n Este al entrar en vigor el alto el fuego\"><\/picture><!-- noscript pattern --><noscript><img src=\"http:\/\/cordobainforma.info\/wp-content\/uploads\/2021\/05\/20-palestinos-heridos-en-los-choques-con-la-policia-israeli-que-uso-gases-lacrimogenos-y-balas-de-goma-para-dispersar-una-multitud-en-jerusalen-este-3.jpg\" alt=\"VIDEOS: Celebraciones en Gaza, Cisjordania y Jerusal\u00e9n Este al entrar en vigor el alto el fuego\"><\/noscript> <\/div><\/div>\n<\/article><\/div><\/div>\n<p>Los enfrentamientos se registraron tambi\u00e9n en <strong>otras localidades de Jerusal\u00e9n y Cisjordania<\/strong>, coincidiendo con el primer d\u00eda del alto el fuego entre Israel y Ham\u00e1s, <a href=\"https:\/\/actualidad.rt.com\/actualidad\/392747-gabinete-israeli-aprueba-tregua-gaza\" target=\"_blank\" rel=\"noopener noreferrer\">aprobado<\/a> por unanimidad este jueves por el Gabinete de Seguridad de Israel. Fue logrado tras 11 d\u00edas de confrontaciones palestino-israel\u00edes, las m\u00e1s intensas desde el 2014.<\/p>\n<p>Por su parte, un representante de Ham\u00e1s&nbsp;<a href=\"https:\/\/actualidad.rt.com\/actualidad\/392750-representante-hamas-confirmar-tregua-mutua\" target=\"_blank\" rel=\"noopener noreferrer\">confirm\u00f3<\/a>&nbsp;que el alto el fuego&nbsp;ser\u00e1 \u00abmutuo y simult\u00e1neo\u00bb&nbsp;y entrar\u00e1 en vigor a partir de las 02:00 de este viernes (23:00 GMT del jueves).<\/p>\n<\/div>\n","protected":false},"excerpt":{"rendered":"<p>Publicado: 21 may 2021 14:35 GMT Los enfrentamientos se registraron cerca de la mezquita de Al-Aqsa y, seg\u00fan la Polic\u00eda israel\u00ed, se produjeron despu\u00e9s de que unos palestinos lanzaran piedras y c\u00f3cteles molotov hacia los agentes. Al menos 20 palestinos resultaron heridos en los enfrentamientos con la Polic\u00eda israel\u00ed que se registraron este viernes, cerca [&hellip;]<\/p>\n","protected":false},"author":1,"featured_media":13510,"comment_status":"closed","ping_status":"closed","sticky":false,"template":"","format":"standard","meta":[],"categories":[22],"tags":[],"_links":{"self":[{"href":"http:\/\/cordobainforma.info\/index.php\/wp-json\/wp\/v2\/posts\/13509"}],"collection":[{"href":"http:\/\/cordobainforma.info\/index.php\/wp-json\/wp\/v2\/posts"}],"about":[{"href":"http:\/\/cordobainforma.info\/index.php\/wp-json\/wp\/v2\/types\/post"}],"author":[{"embeddable":true,"href":"http:\/\/cordobainforma.info\/index.php\/wp-json\/wp\/v2\/users\/1"}],"replies":[{"embeddable":true,"href":"http:\/\/cordobainforma.info\/index.php\/wp-json\/wp\/v2\/comments?post=13509"}],"version-history":[{"count":0,"href":"http:\/\/cordobainforma.info\/index.php\/wp-json\/wp\/v2\/posts\/13509\/revisions"}],"wp:featuredmedia":[{"embeddable":true,"href":"http:\/\/cordobainforma.info\/index.php\/wp-json\/wp\/v2\/media\/13510"}],"wp:attachment":[{"href":"http:\/\/cordobainforma.info\/index.php\/wp-json\/wp\/v2\/media?parent=13509"}],"wp:term":[{"taxonomy":"category","embeddable":true,"href":"http:\/\/cordobainforma.info\/index.php\/wp-json\/wp\/v2\/categories?post=13509"},{"taxonomy":"post_tag","embeddable":true,"href":"http:\/\/cordobainforma.info\/index.php\/wp-json\/wp\/v2\/tags?post=13509"}],"curies":[{"name":"wp","href":"https:\/\/api.w.org\/{rel}","templated":true}]}}