{"id":13501,"date":"2021-05-21T12:11:08","date_gmt":"2021-05-21T12:11:08","guid":{"rendered":"https:\/\/www.mujerhoy.com\/moda\/no-te-pierdas\/202105\/21\/vestidos-rejuvenecen-carmen-lomana-naty-abascal-marta-hazas-look-primavera-verano-marca-favorita-famosas-20210521113729.html"},"modified":"2021-05-21T12:11:08","modified_gmt":"2021-05-21T12:11:08","slug":"carmen-lomana-marta-hazas-o-naty-abascal-esta-es-la-marca-de-vestidos-rejuvenecedores-a-la-que-se-han-rendido-las-famosas","status":"publish","type":"post","link":"http:\/\/cordobainforma.info\/index.php\/2021\/05\/21\/carmen-lomana-marta-hazas-o-naty-abascal-esta-es-la-marca-de-vestidos-rejuvenecedores-a-la-que-se-han-rendido-las-famosas\/","title":{"rendered":"Carmen Lomana, Marta Hazas o Naty Abascal: esta es la marca de vestidos rejuvenecedores a la que se han rendido las famosas"},"content":{"rendered":"<p>Nos encanta fichar los looks que lucen a diario <strong>nuestras famosas favoritas<\/strong> y entre las \u00faltimas<strong> publicaciones de Instagram<\/strong> que han hecho algunas de ellas, hemos fichado una marca que parece haberles gustado mucho. Aunque solemos tomar nota de cuando usan prendas low cost como ha hecho <a href=\"https:\/\/www.mujerhoy.com\/moda\/no-te-pierdas\/202105\/20\/conjunto-flores-zara-pantalon-ancho-top-mas-vendido-marta-hazas-el-hormiguero-look-primavera-barato-20210520120044.html\" target=\"_blank\" rel=\"noopener noreferrer\">Marta Hazas con este conjunto tan exitoso de Zara<\/a> o <a href=\"https:\/\/www.mujerhoy.com\/moda\/no-te-pierdas\/202104\/13\/carmen-lomana-chaqueta-punto-mango-amarilla-agotada-ropa-quita-anos-look-primavera-barato-rejuvenece-20210413140612.html\" target=\"_blank\" rel=\"noopener noreferrer\">Carmen Lomana con esta chaqueta de punto de Mango<\/a>, lo cierto es que tambi\u00e9n nos encanta <strong>descubrir firmas nuevas<\/strong>. Y en esta marca tienen<strong> vestidos ideales y muy rejuvenecedores<\/strong> que te van a encantar. \u00a1Toma nota!<\/p>\n<p>Hablamos de <strong>Urban VicArt<\/strong>, una <strong>tienda multimarca<\/strong> que ofrece prendas ideales y muy especiales que gustan y mucho a las que m\u00e1s saben de moda. <strong>Carmen Lomana<\/strong> luc\u00eda as\u00ed en Instagram este vestido Moon de <strong>Mioh <\/strong>en color <strong>blanco con estampado de trazos negros<\/strong>. Un dise\u00f1o ideal con escote en pico y manga farol que cuesta 179 euros.<\/p>\n<div class=\"comp_mm\">\n<figure><picture><source srcset=\"http:\/\/cordobainforma.info\/wp-content\/uploads\/2021\/05\/carmen-lomana-marta-hazas-o-naty-abascal-esta-es-la-marca-de-vestidos-rejuvenecedores-a-la-que-se-han-rendido-las-famosas.jpg, http:\/\/cordobainforma.info\/wp-content\/uploads\/2021\/05\/carmen-lomana-marta-hazas-o-naty-abascal-esta-es-la-marca-de-vestidos-rejuvenecedores-a-la-que-se-han-rendido-las-famosas.jpg 2x\" media=\"(min-width: 1054px)\"><source srcset=\"http:\/\/cordobainforma.info\/wp-content\/uploads\/2021\/05\/carmen-lomana-marta-hazas-o-naty-abascal-esta-es-la-marca-de-vestidos-rejuvenecedores-a-la-que-se-han-rendido-las-famosas.jpg, http:\/\/cordobainforma.info\/wp-content\/uploads\/2021\/05\/carmen-lomana-marta-hazas-o-naty-abascal-esta-es-la-marca-de-vestidos-rejuvenecedores-a-la-que-se-han-rendido-las-famosas.jpg 2x\" media=\"(min-width: 720px)\"><source srcset=\"https:\/\/resizer.mujerhoy.com\/resizer\/resizer.php?imagen=http:\/\/cordobainforma.info\/wp-content\/uploads\/2021\/05\/carmen-lomana-marta-hazas-o-naty-abascal-esta-es-la-marca-de-vestidos-rejuvenecedores-a-la-que-se-han-rendido-las-famosas.jpg&amp;nuevoalto=714&amp;nuevoancho=476\"><img src=\"http:\/\/cordobainforma.info\/wp-content\/uploads\/2021\/05\/carmen-lomana-marta-hazas-o-naty-abascal-esta-es-la-marca-de-vestidos-rejuvenecedores-a-la-que-se-han-rendido-las-famosas.jpg\" alt title itemprop=\"image\"><\/picture><figcaption><\/figcaption><\/figure>\n<\/div>\n<p><strong>Marta Hazas<\/strong> tambi\u00e9n recurr\u00eda a esta tienda para hacerse con un vestido con el que inaugurar la llegada del buen tiempo. Como Carmen, la actriz escogi\u00f3 tambi\u00e9n un <strong>modelo estampado, esta vez midi<\/strong>, que puede servir para m\u00faltiples ocasiones.<\/p>\n<p>Se trata de un <strong>modelo blanco con lunares rojos<\/strong>, tambi\u00e9n de <strong>Mioh <\/strong>y que cuesta 217 euros. \u00abVestido perfecto para cualquier evento o para las tardes noches de verano que est\u00e1n llegando\u00bb, comentaron desde la firma. Y la verdad es que hay que reconocer que a Marta le queda como un guante. \u00a1Es precioso!<\/p>\n<div class=\"comp_mm\">\n<figure><picture><source srcset=\"http:\/\/cordobainforma.info\/wp-content\/uploads\/2021\/05\/carmen-lomana-marta-hazas-o-naty-abascal-esta-es-la-marca-de-vestidos-rejuvenecedores-a-la-que-se-han-rendido-las-famosas-1.jpg, http:\/\/cordobainforma.info\/wp-content\/uploads\/2021\/05\/carmen-lomana-marta-hazas-o-naty-abascal-esta-es-la-marca-de-vestidos-rejuvenecedores-a-la-que-se-han-rendido-las-famosas-1.jpg 2x\" media=\"(min-width: 1054px)\"><source srcset=\"http:\/\/cordobainforma.info\/wp-content\/uploads\/2021\/05\/carmen-lomana-marta-hazas-o-naty-abascal-esta-es-la-marca-de-vestidos-rejuvenecedores-a-la-que-se-han-rendido-las-famosas-1.jpg, http:\/\/cordobainforma.info\/wp-content\/uploads\/2021\/05\/carmen-lomana-marta-hazas-o-naty-abascal-esta-es-la-marca-de-vestidos-rejuvenecedores-a-la-que-se-han-rendido-las-famosas-1.jpg 2x\" media=\"(min-width: 720px)\"><source srcset=\"https:\/\/resizer.mujerhoy.com\/resizer\/resizer.php?imagen=http:\/\/cordobainforma.info\/wp-content\/uploads\/2021\/05\/carmen-lomana-marta-hazas-o-naty-abascal-esta-es-la-marca-de-vestidos-rejuvenecedores-a-la-que-se-han-rendido-las-famosas-1.jpg&amp;nuevoalto=714&amp;nuevoancho=476\"><img src=\"http:\/\/cordobainforma.info\/wp-content\/uploads\/2021\/05\/carmen-lomana-marta-hazas-o-naty-abascal-esta-es-la-marca-de-vestidos-rejuvenecedores-a-la-que-se-han-rendido-las-famosas-1.jpg\" alt title itemprop=\"image\"><\/picture><figcaption><\/figcaption><\/figure>\n<\/div>\n<p>Pero no solo hay vestidos, en Urban VicArt, tambi\u00e9n <strong>productos para el hogar, calzado, complementos y otras prendas<\/strong> como este conjunto tan favorecedor que ha llevado<strong> Naty Abascal<\/strong>. La socialit\u00e9 tambi\u00e9nb se ha decantado por uno de los looks que ofrecen en la tienda y luci\u00f3 as\u00ed de bien este <strong>conjunto pijamero de pantalones y camisa estampados de Wafflie Spain<\/strong> que cuesta 90 euros. \u00a1Lo queremos todo!<\/p>\n<div class=\"tb-interesa\">\n<h3>Tambi\u00e9n te interesa<\/h3>\n<\/div>\n","protected":false},"excerpt":{"rendered":"<p>Nos encanta fichar los looks que lucen a diario nuestras famosas favoritas y entre las \u00faltimas publicaciones de Instagram que han hecho algunas de ellas, hemos fichado una marca que parece haberles gustado mucho. Aunque solemos tomar nota de cuando usan prendas low cost como ha hecho Marta Hazas con este conjunto tan exitoso de [&hellip;]<\/p>\n","protected":false},"author":1,"featured_media":13502,"comment_status":"closed","ping_status":"closed","sticky":false,"template":"","format":"standard","meta":[],"categories":[24],"tags":[],"_links":{"self":[{"href":"http:\/\/cordobainforma.info\/index.php\/wp-json\/wp\/v2\/posts\/13501"}],"collection":[{"href":"http:\/\/cordobainforma.info\/index.php\/wp-json\/wp\/v2\/posts"}],"about":[{"href":"http:\/\/cordobainforma.info\/index.php\/wp-json\/wp\/v2\/types\/post"}],"author":[{"embeddable":true,"href":"http:\/\/cordobainforma.info\/index.php\/wp-json\/wp\/v2\/users\/1"}],"replies":[{"embeddable":true,"href":"http:\/\/cordobainforma.info\/index.php\/wp-json\/wp\/v2\/comments?post=13501"}],"version-history":[{"count":0,"href":"http:\/\/cordobainforma.info\/index.php\/wp-json\/wp\/v2\/posts\/13501\/revisions"}],"wp:featuredmedia":[{"embeddable":true,"href":"http:\/\/cordobainforma.info\/index.php\/wp-json\/wp\/v2\/media\/13502"}],"wp:attachment":[{"href":"http:\/\/cordobainforma.info\/index.php\/wp-json\/wp\/v2\/media?parent=13501"}],"wp:term":[{"taxonomy":"category","embeddable":true,"href":"http:\/\/cordobainforma.info\/index.php\/wp-json\/wp\/v2\/categories?post=13501"},{"taxonomy":"post_tag","embeddable":true,"href":"http:\/\/cordobainforma.info\/index.php\/wp-json\/wp\/v2\/tags?post=13501"}],"curies":[{"name":"wp","href":"https:\/\/api.w.org\/{rel}","templated":true}]}}