{"id":13498,"date":"2021-05-20T17:18:55","date_gmt":"2021-05-20T17:18:55","guid":{"rendered":"http:\/\/playfmradio.com\/?p=14586"},"modified":"2021-05-20T17:18:55","modified_gmt":"2021-05-20T17:18:55","slug":"la-union-europea-reabre-fronteras-para-vacunados","status":"publish","type":"post","link":"http:\/\/cordobainforma.info\/index.php\/2021\/05\/20\/la-union-europea-reabre-fronteras-para-vacunados\/","title":{"rendered":"La Uni\u00f3n Europea reabre fronteras para vacunados"},"content":{"rendered":"<p><em>Los embajadores de los 27 pa\u00edses aprobaron una recomendaci\u00f3n lanzada por la Comisi\u00f3n Europea, cuya aplicaci\u00f3n no es obligatoria.<\/em><\/p>\n<p>La UE acord\u00f3 este mi\u00e9rcoles abrir las fronteras a los viajeros de terceros pa\u00edses cuya poblaci\u00f3n este ampliamente vacunada frente al actual COVID-19, lo que incluye a Estados Unidos y el Reino Unido, entre otros.<\/p>\n<p>El acuerdo todav\u00eda no fue formalizado por los ministros, pero, probablemente este mismo jueves se har\u00e1 en una reuni\u00f3n prevista de los responsables de Comercio, y entrar\u00e1 en vigencia a partir de su publicaci\u00f3n en el Diario Oficial de la Uni\u00f3n Europea.<\/p>\n<p><strong>Por: Carla Madera<\/strong><\/p>\n<p><a class=\"synved-social-button synved-social-button-share synved-social-size-32 synved-social-resolution-single synved-social-provider-facebook nolightbox\" data-provider=\"facebook\" target=\"_blank\" rel=\"nofollow noopener noreferrer\" title=\"Share on Facebook\" href=\"http:\/\/www.facebook.com\/sharer.php?u=http%3A%2F%2Fplayfmradio.com%2Fla-union-europea-reabre-fronteras-para-vacunados%2F&amp;t=La%20Uni%C3%B3n%20Europea%20reabre%20fronteras%20para%20vacunados&amp;s=100&amp;p[url]=http%3A%2F%2Fplayfmradio.com%2Fla-union-europea-reabre-fronteras-para-vacunados%2F&amp;p[images][0]=http%3A%2F%2Fplayfmradio.com%2Fwp-content%2Fuploads%2F2021%2F05%2Fdescarga-1.jpg&amp;p[title]=La%20Uni%C3%B3n%20Europea%20reabre%20fronteras%20para%20vacunados\"><img loading=\"lazy\" alt=\"Facebook\" title=\"Share on Facebook\" class=\"synved-share-image synved-social-image synved-social-image-share\" width=\"32\" height=\"32\" src=\"http:\/\/cordobainforma.info\/wp-content\/uploads\/2021\/05\/la-union-europea-reabre-fronteras-para-vacunados.png\"><\/a><a class=\"synved-social-button synved-social-button-share synved-social-size-32 synved-social-resolution-single synved-social-provider-twitter nolightbox\" data-provider=\"twitter\" target=\"_blank\" rel=\"nofollow noopener noreferrer\" title=\"Share on Twitter\" href=\"https:\/\/twitter.com\/intent\/tweet?url=http%3A%2F%2Fplayfmradio.com%2Fla-union-europea-reabre-fronteras-para-vacunados%2F&amp;text=Compartido%20de%20Playfmradio.com\"><img loading=\"lazy\" alt=\"twitter\" title=\"Share on Twitter\" class=\"synved-share-image synved-social-image synved-social-image-share\" width=\"32\" height=\"32\" src=\"http:\/\/cordobainforma.info\/wp-content\/uploads\/2021\/05\/la-union-europea-reabre-fronteras-para-vacunados-1.png\"><\/a><a class=\"synved-social-button synved-social-button-share synved-social-size-32 synved-social-resolution-single synved-social-provider-pinterest nolightbox\" data-provider=\"pinterest\" target=\"_blank\" rel=\"nofollow noopener noreferrer\" title=\"Pin it with Pinterest\" href=\"http:\/\/pinterest.com\/pin\/create\/button\/?url=http%3A%2F%2Fplayfmradio.com%2Fla-union-europea-reabre-fronteras-para-vacunados%2F&amp;media=http%3A%2F%2Fplayfmradio.com%2Fwp-content%2Fuploads%2F2021%2F05%2Fdescarga-1.jpg&amp;description=La%20Uni%C3%B3n%20Europea%20reabre%20fronteras%20para%20vacunados\"><img loading=\"lazy\" alt=\"pinterest\" title=\"Pin it with Pinterest\" class=\"synved-share-image synved-social-image synved-social-image-share\" width=\"32\" height=\"32\" src=\"http:\/\/cordobainforma.info\/wp-content\/uploads\/2021\/05\/la-union-europea-reabre-fronteras-para-vacunados-2.png\"><\/a><a class=\"synved-social-button synved-social-button-share synved-social-size-32 synved-social-resolution-single synved-social-provider-tumblr nolightbox\" data-provider=\"tumblr\" target=\"_blank\" rel=\"nofollow noopener noreferrer\" title=\"Share on tumblr\" href=\"http:\/\/tumblr.com\/share?s=&amp;v=3&amp;t=La%20Uni%C3%B3n%20Europea%20reabre%20fronteras%20para%20vacunados&amp;u=http%3A%2F%2Fplayfmradio.com%2Fla-union-europea-reabre-fronteras-para-vacunados%2F\"><img loading=\"lazy\" alt=\"tumblr\" title=\"Share on tumblr\" class=\"synved-share-image synved-social-image synved-social-image-share\" width=\"32\" height=\"32\" src=\"http:\/\/cordobainforma.info\/wp-content\/uploads\/2021\/05\/la-union-europea-reabre-fronteras-para-vacunados-3.png\"><\/a><a class=\"synved-social-button synved-social-button-share synved-social-size-32 synved-social-resolution-single synved-social-provider-mail nolightbox\" data-provider=\"mail\" rel=\"nofollow\" title=\"Share by email\" href=\"mailto:?subject=La%20Uni%C3%B3n%20Europea%20reabre%20fronteras%20para%20vacunados&amp;body=Compartido%20de%20Playfmradio.com:%20http%3A%2F%2Fplayfmradio.com%2Fla-union-europea-reabre-fronteras-para-vacunados%2F\"><img loading=\"lazy\" alt=\"mail\" title=\"Share by email\" class=\"synved-share-image synved-social-image synved-social-image-share\" width=\"32\" height=\"32\" src=\"http:\/\/cordobainforma.info\/wp-content\/uploads\/2021\/05\/la-union-europea-reabre-fronteras-para-vacunados-4.png\"><\/a> <!-- AUTHOR PART ========================= --><\/p>\n<div class=\"qt-post-author qt-card\">\n<div class=\"row\">\n<div class=\"qt-post-author-data col s10 m7 l8\">\n<h6>Autor<\/h6>\n<h4><a href=\"http:\/\/playfmradio.com\/la-union-europea-reabre-fronteras-para-vacunados\/#author_page\">Play FM<\/a><\/h4>\n<\/p><\/div>\n<div class=\"qt-post-author-link col s12 m3 l3 aligncenter\"> <a href=\"http:\/\/playfmradio.com\/author\/andres\/\" class=\"qt-btn qt-btn-large qt-btn-primary\">Archivos del autor<\/a> <\/div><\/div>\n<\/div>\n<p><!-- AUTHOR PART END ========================= --> <\/p>\n","protected":false},"excerpt":{"rendered":"<p>Los embajadores de los 27 pa\u00edses aprobaron una recomendaci\u00f3n lanzada por la Comisi\u00f3n Europea, cuya aplicaci\u00f3n no es obligatoria. La UE acord\u00f3 este mi\u00e9rcoles abrir las fronteras a los viajeros de terceros pa\u00edses cuya poblaci\u00f3n este ampliamente vacunada frente al actual COVID-19, lo que incluye a Estados Unidos y el Reino Unido, entre otros. El [&hellip;]<\/p>\n","protected":false},"author":1,"featured_media":13499,"comment_status":"closed","ping_status":"closed","sticky":false,"template":"","format":"standard","meta":[],"categories":[23],"tags":[],"_links":{"self":[{"href":"http:\/\/cordobainforma.info\/index.php\/wp-json\/wp\/v2\/posts\/13498"}],"collection":[{"href":"http:\/\/cordobainforma.info\/index.php\/wp-json\/wp\/v2\/posts"}],"about":[{"href":"http:\/\/cordobainforma.info\/index.php\/wp-json\/wp\/v2\/types\/post"}],"author":[{"embeddable":true,"href":"http:\/\/cordobainforma.info\/index.php\/wp-json\/wp\/v2\/users\/1"}],"replies":[{"embeddable":true,"href":"http:\/\/cordobainforma.info\/index.php\/wp-json\/wp\/v2\/comments?post=13498"}],"version-history":[{"count":0,"href":"http:\/\/cordobainforma.info\/index.php\/wp-json\/wp\/v2\/posts\/13498\/revisions"}],"wp:featuredmedia":[{"embeddable":true,"href":"http:\/\/cordobainforma.info\/index.php\/wp-json\/wp\/v2\/media\/13499"}],"wp:attachment":[{"href":"http:\/\/cordobainforma.info\/index.php\/wp-json\/wp\/v2\/media?parent=13498"}],"wp:term":[{"taxonomy":"category","embeddable":true,"href":"http:\/\/cordobainforma.info\/index.php\/wp-json\/wp\/v2\/categories?post=13498"},{"taxonomy":"post_tag","embeddable":true,"href":"http:\/\/cordobainforma.info\/index.php\/wp-json\/wp\/v2\/tags?post=13498"}],"curies":[{"name":"wp","href":"https:\/\/api.w.org\/{rel}","templated":true}]}}