{"id":13496,"date":"2021-05-21T14:22:52","date_gmt":"2021-05-21T14:22:52","guid":{"rendered":"http:\/\/playfmradio.com\/?p=14589"},"modified":"2021-05-21T14:22:52","modified_gmt":"2021-05-21T14:22:52","slug":"cordoba-adhiere-a-las-medidas-nacionales","status":"publish","type":"post","link":"http:\/\/cordobainforma.info\/index.php\/2021\/05\/21\/cordoba-adhiere-a-las-medidas-nacionales\/","title":{"rendered":"C\u00f3rdoba adhiere a las medidas nacionales"},"content":{"rendered":"<p><em>Tras los anuncios del Presidente Alberto Fern\u00e1ndez, la Provincia de C\u00f3rdoba decidi\u00f3 acompa\u00f1ar las medidas dictadas.<\/em><\/p>\n<p>Entre las mas importantes se destaca la suspensi\u00f3n de las clases presenciales hasta el 30 de mayo. Adem\u00e1s, durante la semana pr\u00f3xima no se dictaran clases bajo ninguna modalidad, ni virtual ni presencial.<\/p>\n<p>Por otro lado, las personas exceptuadas &nbsp;por su trabajo deber\u00e1n circular con una autorizaci\u00f3n que se obtiene desde la App Cuidar.<\/p>\n<p>En cuanto a las dem\u00e1s restricciones, quedan suspendidas las actividades sociales, econ\u00f3micas, tur\u00edsticas, religiosas y deportivas en forma presencial. Solo estar\u00e1n habilitados los comercios esenciales, los comercios con env\u00edo a domicilio y para llevar.<\/p>\n<p><strong>Por: Carla Madera<\/strong><\/p>\n<p><a class=\"synved-social-button synved-social-button-share synved-social-size-32 synved-social-resolution-single synved-social-provider-facebook nolightbox\" data-provider=\"facebook\" target=\"_blank\" rel=\"nofollow noopener noreferrer\" title=\"Share on Facebook\" href=\"http:\/\/www.facebook.com\/sharer.php?u=http%3A%2F%2Fplayfmradio.com%2Fcordoba-adhiere-a-las-medidas-nacionales%2F&amp;t=C%C3%B3rdoba%20adhiere%20a%20las%20medidas%20nacionales&amp;s=100&amp;p[url]=http%3A%2F%2Fplayfmradio.com%2Fcordoba-adhiere-a-las-medidas-nacionales%2F&amp;p[images][0]=http%3A%2F%2Fplayfmradio.com%2Fwp-content%2Fuploads%2F2021%2F05%2Fdescarga.jpeg.jpg&amp;p[title]=C%C3%B3rdoba%20adhiere%20a%20las%20medidas%20nacionales\"><img loading=\"lazy\" alt=\"Facebook\" title=\"Share on Facebook\" class=\"synved-share-image synved-social-image synved-social-image-share\" width=\"32\" height=\"32\" src=\"http:\/\/cordobainforma.info\/wp-content\/uploads\/2021\/05\/cordoba-adhiere-a-las-medidas-nacionales.png\"><\/a><a class=\"synved-social-button synved-social-button-share synved-social-size-32 synved-social-resolution-single synved-social-provider-twitter nolightbox\" data-provider=\"twitter\" target=\"_blank\" rel=\"nofollow noopener noreferrer\" title=\"Share on Twitter\" href=\"https:\/\/twitter.com\/intent\/tweet?url=http%3A%2F%2Fplayfmradio.com%2Fcordoba-adhiere-a-las-medidas-nacionales%2F&amp;text=Compartido%20de%20Playfmradio.com\"><img loading=\"lazy\" alt=\"twitter\" title=\"Share on Twitter\" class=\"synved-share-image synved-social-image synved-social-image-share\" width=\"32\" height=\"32\" src=\"http:\/\/cordobainforma.info\/wp-content\/uploads\/2021\/05\/cordoba-adhiere-a-las-medidas-nacionales-1.png\"><\/a><a class=\"synved-social-button synved-social-button-share synved-social-size-32 synved-social-resolution-single synved-social-provider-pinterest nolightbox\" data-provider=\"pinterest\" target=\"_blank\" rel=\"nofollow noopener noreferrer\" title=\"Pin it with Pinterest\" href=\"http:\/\/pinterest.com\/pin\/create\/button\/?url=http%3A%2F%2Fplayfmradio.com%2Fcordoba-adhiere-a-las-medidas-nacionales%2F&amp;media=http%3A%2F%2Fplayfmradio.com%2Fwp-content%2Fuploads%2F2021%2F05%2Fdescarga.jpeg.jpg&amp;description=C%C3%B3rdoba%20adhiere%20a%20las%20medidas%20nacionales\"><img loading=\"lazy\" alt=\"pinterest\" title=\"Pin it with Pinterest\" class=\"synved-share-image synved-social-image synved-social-image-share\" width=\"32\" height=\"32\" src=\"http:\/\/cordobainforma.info\/wp-content\/uploads\/2021\/05\/cordoba-adhiere-a-las-medidas-nacionales-2.png\"><\/a><a class=\"synved-social-button synved-social-button-share synved-social-size-32 synved-social-resolution-single synved-social-provider-tumblr nolightbox\" data-provider=\"tumblr\" target=\"_blank\" rel=\"nofollow noopener noreferrer\" title=\"Share on tumblr\" href=\"http:\/\/tumblr.com\/share?s=&amp;v=3&amp;t=C%C3%B3rdoba%20adhiere%20a%20las%20medidas%20nacionales&amp;u=http%3A%2F%2Fplayfmradio.com%2Fcordoba-adhiere-a-las-medidas-nacionales%2F\"><img loading=\"lazy\" alt=\"tumblr\" title=\"Share on tumblr\" class=\"synved-share-image synved-social-image synved-social-image-share\" width=\"32\" height=\"32\" src=\"http:\/\/cordobainforma.info\/wp-content\/uploads\/2021\/05\/cordoba-adhiere-a-las-medidas-nacionales-3.png\"><\/a><a class=\"synved-social-button synved-social-button-share synved-social-size-32 synved-social-resolution-single synved-social-provider-mail nolightbox\" data-provider=\"mail\" rel=\"nofollow\" title=\"Share by email\" href=\"mailto:?subject=C%C3%B3rdoba%20adhiere%20a%20las%20medidas%20nacionales&amp;body=Compartido%20de%20Playfmradio.com:%20http%3A%2F%2Fplayfmradio.com%2Fcordoba-adhiere-a-las-medidas-nacionales%2F\"><img loading=\"lazy\" alt=\"mail\" title=\"Share by email\" class=\"synved-share-image synved-social-image synved-social-image-share\" width=\"32\" height=\"32\" src=\"http:\/\/cordobainforma.info\/wp-content\/uploads\/2021\/05\/cordoba-adhiere-a-las-medidas-nacionales-4.png\"><\/a> <!-- AUTHOR PART ========================= --> <!-- AUTHOR PART END ========================= --> <\/p>\n","protected":false},"excerpt":{"rendered":"<p>Tras los anuncios del Presidente Alberto Fern\u00e1ndez, la Provincia de C\u00f3rdoba decidi\u00f3 acompa\u00f1ar las medidas dictadas. Entre las mas importantes se destaca la suspensi\u00f3n de las clases presenciales hasta el 30 de mayo. Adem\u00e1s, durante la semana pr\u00f3xima no se dictaran clases bajo ninguna modalidad, ni virtual ni presencial. Por otro lado, las personas exceptuadas [&hellip;]<\/p>\n","protected":false},"author":1,"featured_media":13497,"comment_status":"closed","ping_status":"closed","sticky":false,"template":"","format":"standard","meta":[],"categories":[23],"tags":[],"_links":{"self":[{"href":"http:\/\/cordobainforma.info\/index.php\/wp-json\/wp\/v2\/posts\/13496"}],"collection":[{"href":"http:\/\/cordobainforma.info\/index.php\/wp-json\/wp\/v2\/posts"}],"about":[{"href":"http:\/\/cordobainforma.info\/index.php\/wp-json\/wp\/v2\/types\/post"}],"author":[{"embeddable":true,"href":"http:\/\/cordobainforma.info\/index.php\/wp-json\/wp\/v2\/users\/1"}],"replies":[{"embeddable":true,"href":"http:\/\/cordobainforma.info\/index.php\/wp-json\/wp\/v2\/comments?post=13496"}],"version-history":[{"count":0,"href":"http:\/\/cordobainforma.info\/index.php\/wp-json\/wp\/v2\/posts\/13496\/revisions"}],"wp:featuredmedia":[{"embeddable":true,"href":"http:\/\/cordobainforma.info\/index.php\/wp-json\/wp\/v2\/media\/13497"}],"wp:attachment":[{"href":"http:\/\/cordobainforma.info\/index.php\/wp-json\/wp\/v2\/media?parent=13496"}],"wp:term":[{"taxonomy":"category","embeddable":true,"href":"http:\/\/cordobainforma.info\/index.php\/wp-json\/wp\/v2\/categories?post=13496"},{"taxonomy":"post_tag","embeddable":true,"href":"http:\/\/cordobainforma.info\/index.php\/wp-json\/wp\/v2\/tags?post=13496"}],"curies":[{"name":"wp","href":"https:\/\/api.w.org\/{rel}","templated":true}]}}