{"id":13465,"date":"2021-05-21T09:19:00","date_gmt":"2021-05-21T09:19:00","guid":{"rendered":"https:\/\/elobjetivo.com.ar\/contenido\/34262\/ya-es-oficial-se-suspende-el-futbol-argentino"},"modified":"2021-05-21T09:19:00","modified_gmt":"2021-05-21T09:19:00","slug":"ya-es-oficial-se-suspende-el-futbol-argentino","status":"publish","type":"post","link":"http:\/\/cordobainforma.info\/index.php\/2021\/05\/21\/ya-es-oficial-se-suspende-el-futbol-argentino\/","title":{"rendered":"Ya es oficial: se suspende el f\u00fatbol argentino"},"content":{"rendered":"<p><img src=\"http:\/\/cordobainforma.info\/wp-content\/uploads\/2021\/05\/ya-es-oficial-se-suspende-el-futbol-argentino.jpg\"><\/p>\n<div readability=\"32\"> <img alt=\"copa liga (1)\" class=\"img-responsive\" height=\"667\" loading=\"lazy\" sizes=\"auto\" src=\"http:\/\/cordobainforma.info\/wp-content\/uploads\/2021\/05\/ya-es-oficial-se-suspende-el-futbol-argentino.jpg\" srcset=\"http:\/\/cordobainforma.info\/wp-content\/uploads\/2021\/05\/ya-es-oficial-se-suspende-el-futbol-argentino.jpg 1000w, http:\/\/cordobainforma.info\/wp-content\/uploads\/2021\/05\/ya-es-oficial-se-suspende-el-futbol-argentino-1.jpg 400w\" width=\"1000\"> <\/p>\n<p> <span>Ya es oficial: se suspende el f\u00fatbol argentino. Fuente: Prensa Liga Profesional<\/span> <\/p>\n<\/p><\/div>\n<div readability=\"64.505506030414\">\n<p>A partir del anuncio del presidente Alberto Fern\u00e1ndez el f\u00fatbol estuvo en el ojo de la tormenta. Sobre todo, porque el rumor era que no se iba a parar.<\/p>\n<p>\u00abC\u00f3mo puede ser que ninguno vaya a trabajar, que no haya clases ni se pueda ver a los familiares pero s\u00ed haya f\u00fatbol\u00bb, era el reclamo de muchos.<\/p>\n<p>Y esa indignaci\u00f3n general es lo que posiblemente llev\u00f3 a AFA&nbsp; a tomar la determinaci\u00f3n de parar el f\u00fatbol argentino.<\/p>\n<p>\u00abLa Asociaci\u00f3n del F\u00fatbol Argentino comunica a la opini\u00f3n p\u00fablica que a fin de acompa\u00f1ar las medidas sanitarias anunciadas por el Presidente Alberto Fern\u00e1ndez en el d\u00eda de ayer, tendientes a combatir la segunda ola de la pandemia Covid 19 que estamos viviendo, ha decidido suspender la programaci\u00f3n de partidos en todas las competencias locales que organiza desde las 20 horas del d\u00eda de hoy hasta el domingo 30 de mayo de 2021 inclusive\u00bb, expresa AFA en el comunicado dado a conocer en la ma\u00f1ana del viernes.<\/p>\n<p>Esto afecta tanto a la competencia oficial como a los entrenamientos. En caso de la Liga Profesional, ser\u00edan reprogramadas las semifinales entre Independiente-Col\u00f3n y Boca- Raing que se deb\u00edan disputar el s\u00e1bado y domingo.<\/p>\n<p>Lo mismo sucede con el resto de las categor\u00edas. Por el lado de los cordobeses los equipos afectados son los de Primera Nacional, Belgrano, Instituto y Estudiantes de R\u00edo Cuarto, y Federal A, Racing de Nueva Italia y Sportivo Belgrano.<\/p>\n<p>La gran inc\u00f3gnita es saber qu\u00e9 suceder\u00e1 con la Copa Libertadores y Copa Sudamericana que por ahora se seguir\u00e1n jugando, considerando que s\u00f3lo falta una fecha de disputarse.<\/p>\n<\/p><\/div>\n","protected":false},"excerpt":{"rendered":"<p>Ya es oficial: se suspende el f\u00fatbol argentino. Fuente: Prensa Liga Profesional A partir del anuncio del presidente Alberto Fern\u00e1ndez el f\u00fatbol estuvo en el ojo de la tormenta. Sobre todo, porque el rumor era que no se iba a parar. \u00abC\u00f3mo puede ser que ninguno vaya a trabajar, que no haya clases ni se [&hellip;]<\/p>\n","protected":false},"author":1,"featured_media":13466,"comment_status":"open","ping_status":"closed","sticky":false,"template":"","format":"standard","meta":[],"categories":[20],"tags":[],"_links":{"self":[{"href":"http:\/\/cordobainforma.info\/index.php\/wp-json\/wp\/v2\/posts\/13465"}],"collection":[{"href":"http:\/\/cordobainforma.info\/index.php\/wp-json\/wp\/v2\/posts"}],"about":[{"href":"http:\/\/cordobainforma.info\/index.php\/wp-json\/wp\/v2\/types\/post"}],"author":[{"embeddable":true,"href":"http:\/\/cordobainforma.info\/index.php\/wp-json\/wp\/v2\/users\/1"}],"replies":[{"embeddable":true,"href":"http:\/\/cordobainforma.info\/index.php\/wp-json\/wp\/v2\/comments?post=13465"}],"version-history":[{"count":0,"href":"http:\/\/cordobainforma.info\/index.php\/wp-json\/wp\/v2\/posts\/13465\/revisions"}],"wp:featuredmedia":[{"embeddable":true,"href":"http:\/\/cordobainforma.info\/index.php\/wp-json\/wp\/v2\/media\/13466"}],"wp:attachment":[{"href":"http:\/\/cordobainforma.info\/index.php\/wp-json\/wp\/v2\/media?parent=13465"}],"wp:term":[{"taxonomy":"category","embeddable":true,"href":"http:\/\/cordobainforma.info\/index.php\/wp-json\/wp\/v2\/categories?post=13465"},{"taxonomy":"post_tag","embeddable":true,"href":"http:\/\/cordobainforma.info\/index.php\/wp-json\/wp\/v2\/tags?post=13465"}],"curies":[{"name":"wp","href":"https:\/\/api.w.org\/{rel}","templated":true}]}}