{"id":134562,"date":"2024-12-03T03:41:43","date_gmt":"2024-12-03T03:41:43","guid":{"rendered":"http:\/\/cordobainforma.info\/index.php\/2024\/12\/03\/plan-milei-2025-exportaciones-credito-internacional-inversiones-y-el-futuro-del-cepo\/"},"modified":"2024-12-03T03:41:43","modified_gmt":"2024-12-03T03:41:43","slug":"plan-milei-2025-exportaciones-credito-internacional-inversiones-y-el-futuro-del-cepo","status":"publish","type":"post","link":"http:\/\/cordobainforma.info\/index.php\/2024\/12\/03\/plan-milei-2025-exportaciones-credito-internacional-inversiones-y-el-futuro-del-cepo\/","title":{"rendered":"Plan Milei 2025: exportaciones, cr\u00e9dito internacional, inversiones y el futuro del cepo"},"content":{"rendered":"<p>Quorum rooftop, el <b>nuevo<\/b> espacio (en las alturas) para eventos en <b>C\u00f3rdoba<\/b> &#8230; <b>C\u00f3rdoba<\/b> reconociendo su labor en el desarrollo econ\u00f3mico desde el interior&nbsp;&#8230; <\/p>\n","protected":false},"excerpt":{"rendered":"<p>Quorum rooftop, el nuevo espacio (en las alturas) para eventos en C\u00f3rdoba &#8230; C\u00f3rdoba reconociendo su labor en el desarrollo econ\u00f3mico desde el interior&nbsp;&#8230;<\/p>\n","protected":false},"author":1,"featured_media":0,"comment_status":"closed","ping_status":"closed","sticky":false,"template":"","format":"standard","meta":[],"categories":[23],"tags":[],"_links":{"self":[{"href":"http:\/\/cordobainforma.info\/index.php\/wp-json\/wp\/v2\/posts\/134562"}],"collection":[{"href":"http:\/\/cordobainforma.info\/index.php\/wp-json\/wp\/v2\/posts"}],"about":[{"href":"http:\/\/cordobainforma.info\/index.php\/wp-json\/wp\/v2\/types\/post"}],"author":[{"embeddable":true,"href":"http:\/\/cordobainforma.info\/index.php\/wp-json\/wp\/v2\/users\/1"}],"replies":[{"embeddable":true,"href":"http:\/\/cordobainforma.info\/index.php\/wp-json\/wp\/v2\/comments?post=134562"}],"version-history":[{"count":0,"href":"http:\/\/cordobainforma.info\/index.php\/wp-json\/wp\/v2\/posts\/134562\/revisions"}],"wp:attachment":[{"href":"http:\/\/cordobainforma.info\/index.php\/wp-json\/wp\/v2\/media?parent=134562"}],"wp:term":[{"taxonomy":"category","embeddable":true,"href":"http:\/\/cordobainforma.info\/index.php\/wp-json\/wp\/v2\/categories?post=134562"},{"taxonomy":"post_tag","embeddable":true,"href":"http:\/\/cordobainforma.info\/index.php\/wp-json\/wp\/v2\/tags?post=134562"}],"curies":[{"name":"wp","href":"https:\/\/api.w.org\/{rel}","templated":true}]}}