{"id":13456,"date":"2021-05-21T12:14:48","date_gmt":"2021-05-21T12:14:48","guid":{"rendered":"https:\/\/www.clarin.com\/deportes\/futbol\/suspende-futbol-argentino-actividad-9-dias-nuevas-restricciones_0_kCJ52OldH.html"},"modified":"2021-05-21T12:14:48","modified_gmt":"2021-05-21T12:14:48","slug":"se-suspende-todo-el-futbol-argentino-no-habra-actividad-por-9-dias-tras-las-nuevas-restricciones","status":"publish","type":"post","link":"http:\/\/cordobainforma.info\/index.php\/2021\/05\/21\/se-suspende-todo-el-futbol-argentino-no-habra-actividad-por-9-dias-tras-las-nuevas-restricciones\/","title":{"rendered":"Se suspende todo el f\u00fatbol argentino: no habr\u00e1 actividad por 9 d\u00edas tras las nuevas restricciones"},"content":{"rendered":"<p><img src=\"http:\/\/cordobainforma.info\/wp-content\/uploads\/2021\/05\/se-suspende-todo-el-futbol-argentino-no-habra-actividad-por-9-dias-tras-las-nuevas-restricciones.jpg\"><\/p>\n<div><img src=\"http:\/\/cordobainforma.info\/wp-content\/uploads\/2021\/05\/se-suspende-todo-el-futbol-argentino-no-habra-actividad-por-9-dias-tras-las-nuevas-restricciones-2.jpg\" class=\"ff-og-image-inserted\"><\/div>\n<p>Tras un pedido del Gobierno nacional, la Asociaci\u00f3n del F\u00fatbol Argentino\u200b suspendi\u00f3 este viernes los partidos de todas las categor\u00edas hasta el 30 de mayo pr\u00f3ximo, en el marco de las nuevas restricciones por el avance del <a alt=\"coronavirus\" class=\"slug automatic\" href=\"https:\/\/www.clarin.com\/tema\/coronavirus.html\" target=\"_blank\" title=\"coronavirus\" rel=\"noopener noreferrer\">coronavirus<\/a>. As\u00ed, quedar\u00e1n postergados los duelos Col\u00f3n-<a alt=\"independiente\" class=\"slug automatic\" href=\"https:\/\/www.clarin.com\/tema\/independiente.html\" target=\"_blank\" title=\"independiente\" rel=\"noopener noreferrer\">Independiente<\/a> y Racing-Boca, por las semifinales de la Copa de la Liga Profesional, que se iban a disputar en <a alt=\"san-juan\" class=\"slug automatic\" href=\"https:\/\/www.clarin.com\/tema\/san-juan.html\" target=\"_blank\" title=\"san-juan\" rel=\"noopener noreferrer\">San Juan<\/a> el <a alt=\"fin-de-semana\" class=\"slug automatic\" href=\"https:\/\/www.clarin.com\/tema\/fin-de-semana.html\" target=\"_blank\" title=\"fin-de-semana\" rel=\"noopener noreferrer\">fin de semana<\/a> y que, de esta manera, deber\u00e1n ser reprogramados.<\/p>\n<p>\u00abLa Liga Profesional de F\u00fatbol de la AFA <strong>adhiere a la pol\u00edtica de resguardo de la salud p\u00fablica <\/strong>determinada por las autoridades nacionales, y decidi\u00f3 suspender y reprogramar los partidos de semifinales y final de la Copa de la Liga\u00bb, comunicaron los organizadores del torneo a trav\u00e9s de las redes sociales.&nbsp;<\/p>\n<p>En un comunicado m\u00e1s extenso, la <a href=\"https:\/\/www.clarin.com\/tema\/afa.html\" class=\"slug automatic\" alt=\"afa\" title=\"afa\" target=\"_blank\" rel=\"noopener noreferrer\">AFA<\/a> sum\u00f3 que trabajar\u00e1n \u00aben conjunto con los gobiernos de las provincias de San Juan, <a href=\"https:\/\/www.clarin.com\/tema\/santiago-del-estero.html\" class=\"slug automatic\" alt=\"santiago-del-estero\" title=\"santiago-del-estero\" target=\"_blank\" rel=\"noopener noreferrer\">Santiago del Estero<\/a> y las autoridades de la <a href=\"https:\/\/www.clarin.com\/tema\/liga-profesional-de-futbol.html\" class=\"slug automatic\" alt=\"liga-profesional-de-futbol\" title=\"liga-profesional-de-futbol\" target=\"_blank\" rel=\"noopener noreferrer\">Liga Profesional de F\u00fatbol<\/a> a fin de reprogramar las semifinales y la gran final de la Copa de la Liga en los escenarios originalmente previstos\u00bb.<\/p>\n<p>Adem\u00e1s, la asociaci\u00f3n presidida por<a alt=\"claudio-chiqui-tapia\" class=\"slug\" href=\"https:\/\/www.clarin.com\/tema\/claudio-chiqui-tapia.html\" target=\"_blank\" title=\"claudio-chiqui-tapia\" rel=\"noopener noreferrer\"> Claudio Chiqui Tapia<\/a> destac\u00f3 que \u00abviene trabajando en conjunto con las autoridades nacionales, provinciales y municipales desde el 20 de marzo del 2020 en la elaboraci\u00f3n de protocolos sanitarios destinados al cuidado de la familia del f\u00fatbol y la sociedad en general, <strong>respetando todas y cada una de las decisiones tomadas<\/strong> por nuestros mandatarios y por los expertos epidemiol\u00f3gicos\u00bb.<\/p>\n<p>\u00abEs por ello, que en este momento donde nuestro querido pa\u00eds debe hacer <strong>un esfuerzo extra para controlar esta angustiante <a href=\"https:\/\/www.clarin.com\/tema\/pandemia.html\" class=\"slug automatic\" alt=\"pandemia\" title=\"pandemia\" target=\"_blank\" rel=\"noopener noreferrer\">pandemia<\/a> <\/strong>que nos aqueja, la AFA y todos los que componemos el f\u00fatbol acompa\u00f1aremos una vez m\u00e1s a las autoridades nacionales suspendiendo la programaci\u00f3n de partidos correspondientes a todas las competencias locales por el lapso de 9 d\u00edas\u00bb, agreg\u00f3 la nota subida a la web de la AFA.<\/p>\n<p>Por su parte, el jefe de Gabinete, <a href=\"https:\/\/www.clarin.com\/tema\/santiago-cafiero.html\" class=\"slug automatic\" alt=\"santiago-cafiero\" title=\"santiago-cafiero\" target=\"_blank\" rel=\"noopener noreferrer\">Santiago Cafiero<\/a>, destac\u00f3: \u00abSiempre dialogamos muy bien y siempre nos pusimos de acuerdo. Quedan por delante dos partidos, ambos en la provincia de San Juan. Al mundo del f\u00fatbol les aseguro que nos vamos a poner de acuerdo y que va a ser algo consensuado entre la AFA y la provincia de San Juan, que en definitiva es la receptora. Pero <strong>el f\u00fatbol siempre tuvo una actitud de mucha responsabilidad<\/strong>\u00ab<\/p>\n<p>Seg\u00fan pudo averiguar <strong><a href=\"https:\/\/www.clarin.com\/tema\/clarin.html\" class=\"slug automatic\" alt=\"clarin\" title=\"clarin\" target=\"_blank\" rel=\"noopener noreferrer\">Clar\u00edn<\/a><\/strong>, la decisi\u00f3n de suspender la Copa de la Liga estaba tomada desde la noche del jueves luego de una reuni\u00f3n de la que participaron Marcelo Tinelli y la c\u00fapula dirigencial del organismo. Reci\u00e9n se oficializ\u00f3 en las primeras horas de este viernes porque a\u00fan faltaba acordarlo con la AFA y con la gobernaci\u00f3n de San Juan, encargada de la recibir de las semifinales de este fin de semana. Tampoco&nbsp;<strong>se diagram\u00f3 todav\u00eda un plan de reprogramaci\u00f3n<\/strong> porque depender\u00e1 de la situaci\u00f3n epidemiol\u00f3gica una vez que termine este confinamiento. De esa forma, si los n\u00fameros de contagios no bajan, habr\u00e1 que seguir pateando la pelota para adelante.<\/p>\n<p>Pese a esa incertidumbre que rodea a los&nbsp;compromisos del f\u00fatbol argentino en sus diferentes categor\u00edas y divisiones, en el pa\u00eds se mantiene la programaci\u00f3n de la <strong>doble&nbsp;fecha&nbsp;de Eliminatorias Sudamericanas <\/strong>-el 3 de junio <a href=\"https:\/\/www.clarin.com\/tema\/argentina.html\" class=\"slug automatic\" alt=\"argentina\" title=\"argentina\" target=\"_blank\" rel=\"noopener noreferrer\">Argentina<\/a> deber\u00eda recibir a <a href=\"https:\/\/www.clarin.com\/tema\/chile.html\" class=\"slug automatic\" alt=\"chile\" title=\"chile\" target=\"_blank\" rel=\"noopener noreferrer\">Chile<\/a> y el 8 visitar a <a href=\"https:\/\/www.clarin.com\/tema\/colombia.html\" class=\"slug automatic\" alt=\"colombia\" title=\"colombia\" target=\"_blank\" rel=\"noopener noreferrer\">Colombia<\/a>, en medio de una grave crisis socio-pol\u00edtica-&nbsp;y la <strong><a href=\"https:\/\/www.clarin.com\/tema\/copa-america.html\" class=\"slug automatic\" alt=\"copa-america\" title=\"copa-america\" target=\"_blank\" rel=\"noopener noreferrer\">Copa Am\u00e9rica<\/a><\/strong>, que se disputar\u00e1 del 13 de junio al 10 de julio.<\/p>\n<p>\u00ab<strong>La organizaci\u00f3n de la Copa Am\u00e9rica est\u00e1 sujeta a la <a href=\"https:\/\/www.clarin.com\/tema\/conmebol.html\" class=\"slug automatic\" alt=\"conmebol\" title=\"conmebol\" target=\"_blank\" rel=\"noopener noreferrer\">Conmebol<\/a><\/strong>, estamos en conversaciones de los detalles de la parte que ten\u00eda que organizar la Argentina. Tuvimos conversaciones pero no hay una definici\u00f3n\u00bb, cont\u00f3 Cafiero.<\/p>\n<p>Por otro lado est\u00e1n las competencias continentales de clubes. Fuentes oficiales adelantaron a <strong>Clar\u00edn <\/strong>que a\u00fan resta definir qu\u00e9 ocurrir\u00e1 con los nueve encuentros por la <strong><a href=\"https:\/\/www.clarin.com\/tema\/copa-libertadores.html\" class=\"slug automatic\" alt=\"copa-libertadores\" title=\"copa-libertadores\" target=\"_blank\" rel=\"noopener noreferrer\">Copa Libertadores<\/a> y Sudamericana<\/strong> que los equipos argentinos tienen programados para la pr\u00f3xima semana en territorio nacional.<strong> Por ahora, los partidos se juegan sin modificar local\u00eda.<\/strong><\/p>\n<p>El martes, <a alt=\"river-plate\" class=\"slug\" href=\"https:\/\/www.clarin.com\/tema\/river-plate.html\" target=\"_blank\" title=\"river-plate\" rel=\"noopener noreferrer\">River <\/a>recibir\u00e1 a <a alt=\"fluminense\" class=\"slug automatic\" href=\"https:\/\/www.clarin.com\/tema\/fluminense.html\" target=\"_blank\" title=\"fluminense\" rel=\"noopener noreferrer\">Fluminense<\/a> y <a alt=\"racing-club\" class=\"slug\" href=\"https:\/\/www.clarin.com\/tema\/racing-club.html\" target=\"_blank\" title=\"racing-club\" rel=\"noopener noreferrer\">Racing <\/a>a Rentistas, por la Copa Libertadores, mientras que en la Sudamericana <a alt=\"newells-old-boys\" class=\"slug\" href=\"https:\/\/www.clarin.com\/tema\/newells-old-boys.html\" target=\"_blank\" title=\"newells-old-boys\" rel=\"noopener noreferrer\">Newell&#8217;s<\/a> jugar\u00e1 en <a alt=\"rosario\" class=\"slug automatic\" href=\"https:\/\/www.clarin.com\/tema\/rosario.html\" target=\"_blank\" title=\"rosario\" rel=\"noopener noreferrer\">Rosario<\/a> contra Atl\u00e9tico Goianiense y <a alt=\"talleres-de-cordoba\" class=\"slug\" href=\"https:\/\/www.clarin.com\/tema\/talleres-de-cordoba.html\" target=\"_blank\" title=\"talleres-de-cordoba\" rel=\"noopener noreferrer\">Talleres <\/a>deber\u00e1 visitar a Emelec.<\/p>\n<p>El mi\u00e9rcoles, <a alt=\"boca-juniors\" class=\"slug\" href=\"https:\/\/www.clarin.com\/tema\/boca-juniors.html\" target=\"_blank\" title=\"boca-juniors\" rel=\"noopener noreferrer\">Boca <\/a>enfrentar\u00e1 en <a alt=\"la-bombonera\" class=\"slug automatic\" href=\"https:\/\/www.clarin.com\/tema\/la-bombonera.html\" target=\"_blank\" title=\"la-bombonera\" rel=\"noopener noreferrer\">La Bombonera<\/a> a The Strongest y <a alt=\"argentinos-juniors\" class=\"slug automatic\" href=\"https:\/\/www.clarin.com\/tema\/argentinos-juniors.html\" target=\"_blank\" title=\"argentinos-juniors\" rel=\"noopener noreferrer\">Argentinos Juniors<\/a> se medir\u00e1 a Nacional en <a alt=\"uruguay\" class=\"slug automatic\" href=\"https:\/\/www.clarin.com\/tema\/uruguay.html\" target=\"_blank\" title=\"uruguay\" rel=\"noopener noreferrer\">Uruguay<\/a>, mientras que en el segundo torneo continental en importancia Independiente, <a alt=\"rosario-central\" class=\"slug automatic\" href=\"https:\/\/www.clarin.com\/tema\/rosario-central.html\" target=\"_blank\" title=\"rosario-central\" rel=\"noopener noreferrer\">Rosario Central<\/a> y <a alt=\"san-lorenzo\" class=\"slug automatic\" href=\"https:\/\/www.clarin.com\/tema\/san-lorenzo.html\" target=\"_blank\" title=\"san-lorenzo\" rel=\"noopener noreferrer\">San Lorenzo<\/a> tienen partidos programados contra Guabir\u00e1, <a alt=\"12-de-octubre\" class=\"slug automatic\" href=\"https:\/\/www.clarin.com\/tema\/12-de-octubre.html\" target=\"_blank\" title=\"12-de-octubre\" rel=\"noopener noreferrer\">12 de Octubre<\/a> y Huachipato, respectivamente.<\/p>\n<p>El jueves, por \u00faltimo, Defensa y Justicia ser\u00e1 local de Independiente del Valle, mientras que V\u00e9lez debe ir a <a href=\"https:\/\/www.clarin.com\/tema\/brasil.html\" class=\"slug automatic\" alt=\"brasil\" title=\"brasil\" target=\"_blank\" rel=\"noopener noreferrer\">Brasil<\/a> para el duelo con <a href=\"https:\/\/www.clarin.com\/tema\/flamengo.html\" class=\"slug automatic\" alt=\"flamengo\" title=\"flamengo\" target=\"_blank\" rel=\"noopener noreferrer\">Flamengo<\/a>, por la Libertadores, y en la Sudamericana Arsenal recibir\u00e1 a Bol\u00edvar.<\/p>\n<p>\u00bfQu\u00e9 pasar\u00e1 si cambian de parecer y se le baja la persiana tambi\u00e9n a las copas internacionales? En caso de que los encuentros que deb\u00edan disputarse en Argentina&nbsp;no puedan realizarse por el confinamiento&nbsp;-una decisi\u00f3n que est\u00e1 en manos del Gobierno Nacional-, la Conmebol podr\u00eda trasladarles la local\u00eda a otros pa\u00edses, como ocurri\u00f3 con los equipos colombianos en las \u00faltimas semanas. <a href=\"https:\/\/www.clarin.com\/tema\/asuncion.html\" class=\"slug automatic\" alt=\"asuncion\" title=\"asuncion\" target=\"_blank\" rel=\"noopener noreferrer\">Asunci\u00f3n<\/a>, donde est\u00e1 la sede de la Conmebol, siempre es una variante posible.<\/p>\n<div class=\"entry-tags\">\n<h2>TEMAS QUE APARECEN EN ESTA NOTA<\/h2>\n<\/p><\/div>\n","protected":false},"excerpt":{"rendered":"<p>Tras un pedido del Gobierno nacional, la Asociaci\u00f3n del F\u00fatbol Argentino\u200b suspendi\u00f3 este viernes los partidos de todas las categor\u00edas hasta el 30 de mayo pr\u00f3ximo, en el marco de las nuevas restricciones por el avance del coronavirus. As\u00ed, quedar\u00e1n postergados los duelos Col\u00f3n-Independiente y Racing-Boca, por las semifinales de la Copa de la Liga [&hellip;]<\/p>\n","protected":false},"author":1,"featured_media":13457,"comment_status":"closed","ping_status":"closed","sticky":false,"template":"","format":"standard","meta":[],"categories":[20],"tags":[],"_links":{"self":[{"href":"http:\/\/cordobainforma.info\/index.php\/wp-json\/wp\/v2\/posts\/13456"}],"collection":[{"href":"http:\/\/cordobainforma.info\/index.php\/wp-json\/wp\/v2\/posts"}],"about":[{"href":"http:\/\/cordobainforma.info\/index.php\/wp-json\/wp\/v2\/types\/post"}],"author":[{"embeddable":true,"href":"http:\/\/cordobainforma.info\/index.php\/wp-json\/wp\/v2\/users\/1"}],"replies":[{"embeddable":true,"href":"http:\/\/cordobainforma.info\/index.php\/wp-json\/wp\/v2\/comments?post=13456"}],"version-history":[{"count":0,"href":"http:\/\/cordobainforma.info\/index.php\/wp-json\/wp\/v2\/posts\/13456\/revisions"}],"wp:featuredmedia":[{"embeddable":true,"href":"http:\/\/cordobainforma.info\/index.php\/wp-json\/wp\/v2\/media\/13457"}],"wp:attachment":[{"href":"http:\/\/cordobainforma.info\/index.php\/wp-json\/wp\/v2\/media?parent=13456"}],"wp:term":[{"taxonomy":"category","embeddable":true,"href":"http:\/\/cordobainforma.info\/index.php\/wp-json\/wp\/v2\/categories?post=13456"},{"taxonomy":"post_tag","embeddable":true,"href":"http:\/\/cordobainforma.info\/index.php\/wp-json\/wp\/v2\/tags?post=13456"}],"curies":[{"name":"wp","href":"https:\/\/api.w.org\/{rel}","templated":true}]}}