{"id":134517,"date":"2024-12-03T03:16:19","date_gmt":"2024-12-03T03:16:19","guid":{"rendered":"https:\/\/www.clarin.com\/deportes\/tragica-vida-negro-caceres-ex-jugador-seleccion-sobrevivio-balazo-cabeza-volvio-noticia-muerte-pareja_0_5lQqoNJXAc.html"},"modified":"2024-12-03T03:16:19","modified_gmt":"2024-12-03T03:16:19","slug":"la-tragica-vida-del-negro-caceres-el-ex-jugador-de-seleccion-que-sobrevivio-a-un-balazo-en-la-cabeza-y-volvio-a-ser-noticia-por-la-muerte-de-su-pareja","status":"publish","type":"post","link":"http:\/\/cordobainforma.info\/index.php\/2024\/12\/03\/la-tragica-vida-del-negro-caceres-el-ex-jugador-de-seleccion-que-sobrevivio-a-un-balazo-en-la-cabeza-y-volvio-a-ser-noticia-por-la-muerte-de-su-pareja\/","title":{"rendered":"La tr\u00e1gica vida del Negro C\u00e1ceres, el ex jugador de Selecci\u00f3n que sobrevivi\u00f3 a un balazo en la cabeza y volvi\u00f3 a ser noticia por la muerte de su pareja"},"content":{"rendered":"<p><img src=\"http:\/\/cordobainforma.info\/wp-content\/uploads\/2024\/12\/la-tragica-vida-del-negro-caceres-el-ex-jugador-de-seleccion-que-sobrevivio-a-un-balazo-en-la-cabeza-y-volvio-a-ser-noticia-por-la-muerte-de-su-pareja.jpg\"><\/p>\n<div class=\"sc-80531b6b-0 chRIGJ container-text text-embed\" readability=\"32.042962962963\">\n<p><strong>Fernando C\u00e1ceres<\/strong> (54) volvi\u00f3 este lunes a estar en las portadas de los diarios. Su pareja, <strong><a href=\"https:\/\/www.clarin.com\/deportes\/murio-pareja-exfutbolista-fernando-caceres-caer-septimo-piso_0_0yRk6n3TMT.html\" target=\"_blank\" title=\"Raquel Candia, de 45 a\u00f1os, muri\u00f3 tras caer del s\u00e9ptimo piso de un edificio en Ramos Mej\u00eda en un episodio confuso que a\u00fan no pudo ser esclarecido por los investigadores\" alt=\"Raquel Candia, de 45 a\u00f1os, muri\u00f3 tras caer del s\u00e9ptimo piso de un edificio en Ramos Mej\u00eda en un episodio confuso que a\u00fan no pudo ser esclarecido por los investigadores\" rel=\"noopener noreferrer\">Raquel Candia<\/a><\/strong><a href=\"https:\/\/www.clarin.com\/deportes\/murio-pareja-exfutbolista-fernando-caceres-caer-septimo-piso_0_0yRk6n3TMT.html\" target=\"_blank\" title=\"Raquel Candia, de 45 a\u00f1os, muri\u00f3 tras caer del s\u00e9ptimo piso de un edificio en Ramos Mej\u00eda en un episodio confuso que a\u00fan no pudo ser esclarecido por los investigadores\" alt=\"Raquel Candia, de 45 a\u00f1os, muri\u00f3 tras caer del s\u00e9ptimo piso de un edificio en Ramos Mej\u00eda en un episodio confuso que a\u00fan no pudo ser esclarecido por los investigadores\" rel=\"noopener noreferrer\">, de 45 a\u00f1os, muri\u00f3 tras caer del s\u00e9ptimo piso de un edificio en Ramos Mej\u00eda en un episodio confuso que a\u00fan no pudo ser esclarecido por los investigadores<\/a>. Muy lejos quedaron aquellos tiempos en que brillaba como defensor central y que lo llevaron a ser, de la mano de <strong>Alfio Coco Basile<\/strong>, campe\u00f3n de la <strong>Copa Am\u00e9rica<\/strong> con la <strong>Selecci\u00f3n Argentina<\/strong> en 1993 y hasta jugar el <strong>Mundial de Estados Unidos 1994<\/strong>, ese en que le cortaron las piernas a <strong>Diego Maradona<\/strong>. <strong>La vida, sin embargo, le depar\u00f3 golpes y m\u00e1s golpes al <em>Negro<\/em> una vez que se alej\u00f3 del f\u00fatbol profesional<\/strong>.<\/p>\n<\/div>\n<div class=\"sc-80531b6b-0 chRIGJ container-text text-embed\" readability=\"37\">\n<p>C\u00e1ceres, que dec\u00eda que hab\u00eda nacido en el lado pobre de <strong>San Isidro<\/strong>, se hab\u00eda hecho un buen nombre gracias a la pelota para dejar atr\u00e1s las carencias que hab\u00eda tenido de chico. Su nombre se empez\u00f3 a escuchar en 1985 como parte de la Selecci\u00f3n Sub 16 que ten\u00eda como figuras a <strong>Hugo Maradona<\/strong> y <strong>Fernando Redondo<\/strong> que jug\u00f3 un Sudamericano en Argentina.<\/p>\n<\/div>\n<div class=\"sc-198be8ec-0 cynXbu image-embed image-embed \"><picture class=\"sc-198be8ec-1 kOjRiQ\"><source media=\"(min-width: 975px)\" width=\"720\" height=\"480\" srcset=\"http:\/\/cordobainforma.info\/wp-content\/uploads\/2024\/12\/la-tragica-vida-del-negro-caceres-el-ex-jugador-de-seleccion-que-sobrevivio-a-un-balazo-en-la-cabeza-y-volvio-a-ser-noticia-por-la-muerte-de-su-pareja-2.jpg\"><img alt=\"C\u00e1ceres celebra un gol con Caniggia, Maradona y Batistuta en el Mundial de Estados Unidos 19994.\" loading=\"lazy\" width=\"720\" height=\"480\" decoding=\"async\" data-nimg=\"1\" src=\"http:\/\/cordobainforma.info\/wp-content\/uploads\/2024\/12\/la-tragica-vida-del-negro-caceres-el-ex-jugador-de-seleccion-que-sobrevivio-a-un-balazo-en-la-cabeza-y-volvio-a-ser-noticia-por-la-muerte-de-su-pareja-2.jpg\"><span class=\"epigraphe\">C\u00e1ceres celebra un gol con Caniggia, Maradona y Batistuta en el Mundial de Estados Unidos 19994.<\/span><span class=\"bkg\"><\/span><span class=\"picture-open\"><button class=\"open-image\" aria-label=\"Open Image\"><\/button><\/span><\/picture><\/div>\n<div class=\"sc-80531b6b-0 chRIGJ container-text text-embed\" readability=\"38\">\n<p>Se hab\u00eda formado en <strong>Argentinos Juniors<\/strong> y all\u00ed asom\u00f3 en Primera. La romp\u00eda. Era un zaguero r\u00e1pido, tiempista y con buen juego a\u00e9reo y mejor pie. De all\u00ed salt\u00f3 a <strong>River<\/strong> en los tiempos de <strong>Daniel Passarella<\/strong> DT y el <em>Millonario<\/em> le abri\u00f3 las puertas de Europa. Desembarc\u00f3 en <strong>Zaragoza<\/strong> y le fue muy bien. Pero despu\u00e9s de tres temporadas, en los tiempos del 1 a 1 volvi\u00f3 a la Argentina para jugar en el <strong>Boca<\/strong> de <strong>Carlos Salvador Bilardo<\/strong>, con <strong>Maradona <\/strong>y <strong>Claudio Paul Caniggia<\/strong> como caras de un equipo repleto de figuras.<\/p>\n<\/div>\n<div class=\"sc-80531b6b-0 chRIGJ container-text text-embed\" readability=\"38\">\n<p>Apenas jug\u00f3 un pu\u00f1ado de partidos con la azul y oro y volvi\u00f3 a La Liga de Espa\u00f1a. Primero en Valencia, luego en Celta de Vigo -donde fue dej\u00f3 una enorme huella- y m\u00e1s tarde en C\u00f3rdoba, en la Segunda Divisi\u00f3n. Volvi\u00f3 en 2005 para jugar en Independiente y luego quiso cerrar el c\u00edrculo en el Bicho de La Paternal, pero la rodilla no lo dej\u00f3. Su carrera se cerr\u00f3 con 722 partidos y 32 goles en clubes y 18 presentaciones en la Selecci\u00f3n con un gol.<\/p>\n<\/div>\n<div class=\"sc-198be8ec-0 cynXbu image-embed image-embed \"><picture class=\"sc-198be8ec-1 kOjRiQ\"><source media=\"(min-width: 975px)\" width=\"720\" height=\"480\" srcset=\"http:\/\/cordobainforma.info\/wp-content\/uploads\/2024\/12\/la-tragica-vida-del-negro-caceres-el-ex-jugador-de-seleccion-que-sobrevivio-a-un-balazo-en-la-cabeza-y-volvio-a-ser-noticia-por-la-muerte-de-su-pareja-3.jpg\"><img alt=\"Fernando C\u00e1ceres, en Celta de Vigo. Foto: AP\" loading=\"lazy\" width=\"720\" height=\"480\" decoding=\"async\" data-nimg=\"1\" src=\"http:\/\/cordobainforma.info\/wp-content\/uploads\/2024\/12\/la-tragica-vida-del-negro-caceres-el-ex-jugador-de-seleccion-que-sobrevivio-a-un-balazo-en-la-cabeza-y-volvio-a-ser-noticia-por-la-muerte-de-su-pareja-3.jpg\"><span class=\"epigraphe\">Fernando C\u00e1ceres, en Celta de Vigo. Foto: AP<\/span><span class=\"bkg\"><\/span><span class=\"picture-open\"><button class=\"open-image\" aria-label=\"Open Image\"><\/button><\/span><\/picture><\/div>\n<div class=\"sc-80531b6b-0 chRIGJ container-text text-embed\" readability=\"37\">\n<p>Todo era perfecto para C\u00e1ceres luego de una carrera fenomenal. Pero en 2009, dos a\u00f1os despu\u00e9s de haberse retirado por la rotura de ligamentos, su vida se torci\u00f3 para siempre. <strong>Fue asaltado en Ciudadela por una banda de adolescentes que quiso robarle el BMW<\/strong> en el que transitaba junto a una amiga. Se resisti\u00f3 y fue atacado a balazos. Un proyectil le perfor\u00f3 el ojo derecho y le fractur\u00f3 la base del cr\u00e1neo. Parec\u00eda irreversible.<\/p>\n<\/div>\n<div class=\"sc-80531b6b-0 chRIGJ container-text text-embed\" readability=\"36\">\n<p>Los m\u00e9dicos del Hospital Carrillo le hicieron esquivar la muerte. Las vueltas de esta vida repleta de laberintos: uno de los cirujanos que le salv\u00f3 la vida fue <strong>Juan Carlos Cruz<\/strong>, quien en agosto de 2023 fue asesinado de un disparo en la cabeza por parte de tres delincuentes en el frente de su casa en Mor\u00f3n.<\/p>\n<\/div>\n<div class=\"sc-198be8ec-0 cynXbu image-embed image-embed \"><picture class=\"sc-198be8ec-1 kOjRiQ\"><source media=\"(min-width: 975px)\" width=\"720\" height=\"480\" srcset=\"http:\/\/cordobainforma.info\/wp-content\/uploads\/2024\/12\/la-tragica-vida-del-negro-caceres-el-ex-jugador-de-seleccion-que-sobrevivio-a-un-balazo-en-la-cabeza-y-volvio-a-ser-noticia-por-la-muerte-de-su-pareja-4.jpg\"><img alt=\"As\u00ed qued\u00f3 el auto del Negro C\u00e1ceras tras el asalto que sufri\u00f3 en 2009. Foto: Emiliana Miguelez \" loading=\"lazy\" width=\"720\" height=\"480\" decoding=\"async\" data-nimg=\"1\" src=\"http:\/\/cordobainforma.info\/wp-content\/uploads\/2024\/12\/la-tragica-vida-del-negro-caceres-el-ex-jugador-de-seleccion-que-sobrevivio-a-un-balazo-en-la-cabeza-y-volvio-a-ser-noticia-por-la-muerte-de-su-pareja-4.jpg\"><span class=\"epigraphe\">As\u00ed qued\u00f3 el auto del Negro C\u00e1ceras tras el asalto que sufri\u00f3 en 2009. Foto: Emiliana Miguelez <\/span><span class=\"bkg\"><\/span><span class=\"picture-open\"><button class=\"open-image\" aria-label=\"Open Image\"><\/button><\/span><\/picture><\/div>\n<div class=\"sc-80531b6b-0 chRIGJ container-text text-embed\" readability=\"37\">\n<p><strong>C\u00e1ceres, all\u00e1 por 2009, pele\u00f3 dos meses por su vida en el Hospital Carrillo<\/strong>. Perdi\u00f3 el ojo. Qued\u00f3 postrado en una silla de ruedas. Pero el destino parec\u00eda ensa\u00f1ado con \u00e9l. En 2013 fue v\u00edctima de una entradera en su casa de Ramos Mej\u00eda y le robaron todo el dinero que hab\u00eda ahorrado para continuar con la recuperaci\u00f3n que hab\u00eda comenzado cuatro a\u00f1os antes. Los delincuentes lo golpearon y lo saquearon.<\/p>\n<\/div>\n<div class=\"sc-198be8ec-0 cynXbu image-embed image-embed \"><picture class=\"sc-198be8ec-1 kOjRiQ\"><source media=\"(min-width: 975px)\" width=\"720\" height=\"480\" srcset=\"http:\/\/cordobainforma.info\/wp-content\/uploads\/2024\/12\/la-tragica-vida-del-negro-caceres-el-ex-jugador-de-seleccion-que-sobrevivio-a-un-balazo-en-la-cabeza-y-volvio-a-ser-noticia-por-la-muerte-de-su-pareja-5.jpg\"><img alt=\"C\u00e1ceres pele\u00f3 por su vida en el hospital Carrillo.\nFoto: Emiliana Miguelez \" loading=\"lazy\" width=\"720\" height=\"480\" decoding=\"async\" data-nimg=\"1\" src=\"http:\/\/cordobainforma.info\/wp-content\/uploads\/2024\/12\/la-tragica-vida-del-negro-caceres-el-ex-jugador-de-seleccion-que-sobrevivio-a-un-balazo-en-la-cabeza-y-volvio-a-ser-noticia-por-la-muerte-de-su-pareja-5.jpg\"><span class=\"epigraphe\">C\u00e1ceres pele\u00f3 por su vida en el hospital Carrillo.<br \/>\nFoto: Emiliana Miguelez <\/span><span class=\"bkg\"><\/span><span class=\"picture-open\"><button class=\"open-image\" aria-label=\"Open Image\"><\/button><\/span><\/picture><\/div>\n<div class=\"sc-80531b6b-0 chRIGJ container-text text-embed\" readability=\"35\">\n<p><strong>Un a\u00f1o antes tambi\u00e9n hab\u00eda sido noticia. Para mal.<\/strong> Una ex pareja -con la que conviv\u00eda desde 1995 y con quien se hab\u00eda casado en 2000- lo hab\u00eda denunciado en la Justicia por no cumplir el acuerdo al que hab\u00eda llegado despu\u00e9s de un conflictivo divorcio. Le reclamaba que adeudaba la cuota alimentaria.<\/p>\n<\/div>\n<div class=\"sc-80531b6b-0 chRIGJ container-text text-embed\" readability=\"40\">\n<p><em>\u201cEstuve a su lado en todo momento, en total fueron tres meses y cuatro d\u00edas junto a \u00e9l en el Hospital Ram\u00f3n Carrillo, donde la otra ni apareci\u00f3\u201d<\/em>, explicaba su ex esposa y agregaba: <em>\u201cRecuerdo que \u00e9l se hab\u00eda ido a Espa\u00f1a por 20 d\u00edas, y cuando lleg\u00f3 los chicos le pidieron que fuera a verlos y \u00e9l les dijo que se iba a descansar porque estaba exhausto, que los ver\u00eda al otro d\u00eda. Y entonces sali\u00f3 con ella y pas\u00f3 lo que pas\u00f3\u201d<\/em>.<\/p>\n<\/div>\n<div class=\"sc-80531b6b-0 chRIGJ container-text text-embed\" readability=\"43\">\n<p>Durante m\u00e1s de una d\u00e9cada, el exfutbolista nunca baj\u00f3 los brazos y hizo todos los tratamientos de recuperaci\u00f3n posible para volver a ser. Pudo volver a trabajar en el f\u00fatbol. Fund\u00f3 su propio club, que no prosper\u00f3, en Z\u00e1rate y, durante un tiempo, fue parte de las divisiones inferiores de Argentinos Juniors, el club donde se form\u00f3, como DT. Sin embargo, nunca pudo volver a caminar sin ayuda.<\/p>\n<\/div>\n<div class=\"sc-198be8ec-0 cynXbu image-embed image-embed \"><picture class=\"sc-198be8ec-1 kOjRiQ\"><source media=\"(min-width: 975px)\" width=\"720\" height=\"480\" srcset=\"http:\/\/cordobainforma.info\/wp-content\/uploads\/2024\/12\/la-tragica-vida-del-negro-caceres-el-ex-jugador-de-seleccion-que-sobrevivio-a-un-balazo-en-la-cabeza-y-volvio-a-ser-noticia-por-la-muerte-de-su-pareja-6.jpg\"><img alt=\"Diego Maradona y Fernando C\u00e1ceres en 2010.\" loading=\"lazy\" width=\"720\" height=\"480\" decoding=\"async\" data-nimg=\"1\" src=\"http:\/\/cordobainforma.info\/wp-content\/uploads\/2024\/12\/la-tragica-vida-del-negro-caceres-el-ex-jugador-de-seleccion-que-sobrevivio-a-un-balazo-en-la-cabeza-y-volvio-a-ser-noticia-por-la-muerte-de-su-pareja-6.jpg\"><span class=\"epigraphe\">Diego Maradona y Fernando C\u00e1ceres en 2010.<\/span><span class=\"bkg\"><\/span><span class=\"picture-open\"><button class=\"open-image\" aria-label=\"Open Image\"><\/button><\/span><\/picture><\/div>\n<div class=\"sc-80531b6b-0 chRIGJ container-text text-embed\" readability=\"39\">\n<p>\u201c<strong>Tengo que volver a caminar, sue\u00f1o con eso todos los d\u00edas<\/strong>. Me levanto sabiendo que habr\u00e1 una ma\u00f1ana de entrenamiento que depende de m\u00ed. Si no lo hago, no lo hace nadie, y esa es la motivaci\u00f3n que tengo para seguir viviendo\u201d, le dijo al periodista <strong>Lucas Gatti<\/strong> en una entrevista publicada en <em>Infobae <\/em>en marzo de 2022.<\/p>\n<\/div>\n<div class=\"sc-80531b6b-0 chRIGJ container-text text-embed\" readability=\"41\">\n<p>Al ser consultado por la desgracia que le toc\u00f3 vivir, C\u00e1ceres no anduvo con vueltas. \u201c\u00bfPor qu\u00e9 a m\u00ed no? \u00bfPor qu\u00e9 no me puede pasar si soy una persona como cualquier otra?\u201d. Yo gan\u00e9 el d\u00eda que dije: \u201cMe pas\u00f3 esto, lo acepto\u201d. Lo super\u00e9 para ir para adelante y no retroceder. Hoy puedo hacer dos pasos, ma\u00f1ana voy a hacer otro m\u00e1s. Cuando acept\u00e9 todo lo que me hab\u00eda pasado, ya hab\u00eda ganado. Porque sab\u00eda lo que pod\u00eda hacer y c\u00f3mo llevarlo a cabo. Entend\u00eda en qu\u00e9 lugar estaba y d\u00f3nde ubicarme. Lo fui asimilando de a poquito hasta que llegar al punto de saber que estoy muy tranquilo y bien. Todo lo que tengo que hacer depende de m\u00ed, de nadie m\u00e1s. Los tiempos los manejo yo, las cosas tambi\u00e9n. Eso para m\u00ed es confortable\u00bb.<\/p>\n<\/div>\n<div class=\"sc-198be8ec-0 cynXbu image-embed image-embed \"><picture class=\"sc-198be8ec-1 kOjRiQ\"><source media=\"(min-width: 975px)\" width=\"720\" height=\"480\" srcset=\"http:\/\/cordobainforma.info\/wp-content\/uploads\/2024\/12\/la-tragica-vida-del-negro-caceres-el-ex-jugador-de-seleccion-que-sobrevivio-a-un-balazo-en-la-cabeza-y-volvio-a-ser-noticia-por-la-muerte-de-su-pareja-7.jpg\"><img alt=\"Fernando Caceres Juan Esnaider y Dar\u00edo Franco, ganadores de la Recopa de Europa con Zaragoza.\" loading=\"lazy\" width=\"720\" height=\"480\" decoding=\"async\" data-nimg=\"1\" src=\"http:\/\/cordobainforma.info\/wp-content\/uploads\/2024\/12\/la-tragica-vida-del-negro-caceres-el-ex-jugador-de-seleccion-que-sobrevivio-a-un-balazo-en-la-cabeza-y-volvio-a-ser-noticia-por-la-muerte-de-su-pareja-7.jpg\"><span class=\"epigraphe\">Fernando Caceres Juan Esnaider y Dar\u00edo Franco, ganadores de la Recopa de Europa con Zaragoza.<\/span><span class=\"bkg\"><\/span><span class=\"picture-open\"><button class=\"open-image\" aria-label=\"Open Image\"><\/button><\/span><\/picture><\/div>\n<div class=\"sc-80531b6b-0 chRIGJ container-text text-embed\" readability=\"43\">\n<p>Su nombre, con el correr del tiempo, hab\u00eda dejado de aparecer en las noticias. Hasta este primer lunes de diciembre en que volvi\u00f3 a ser el protagonista de una desgracia. Por causas que a\u00fan se desconocen, Candia cay\u00f3 al vac\u00edo desde un s\u00e9ptimo piso hacia el patio de una casa lindera. La \u00fanica persona que estaba en el departamento al momento del hecho era C\u00e1ceres. El fiscal de Homicidios de La Matanza, Carlos Arribas, intenta determinar por estas horas <strong>si fue un femicidio, un suicidio o una muerte por accidente<\/strong>. El ex futbolista, en principio, no est\u00e1 imputado.<\/p>\n<\/div>\n<div class=\"sc-80531b6b-0 chRIGJ container-text text-embed\" readability=\"35\">\n<p><strong>La madre y dos hermanos de la v\u00edctima plantearon dudas sobre el episodio<\/strong> que acab\u00f3 con su familiar muerta y no solo denunciaron que hubo situaciones de violencia de g\u00e9nero en la pareja, sino que se mostraron convencidos de que \u201calguien la mat\u00f3\u201d.<\/p>\n<\/div>\n<div class=\"sc-198be8ec-0 cynXbu image-embed image-embed \"><picture class=\"sc-198be8ec-1 kOjRiQ\"><source media=\"(min-width: 975px)\" width=\"720\" height=\"480\" srcset=\"http:\/\/cordobainforma.info\/wp-content\/uploads\/2024\/12\/la-tragica-vida-del-negro-caceres-el-ex-jugador-de-seleccion-que-sobrevivio-a-un-balazo-en-la-cabeza-y-volvio-a-ser-noticia-por-la-muerte-de-su-pareja-8.jpg\"><img alt=\"La madre de Raquel Candia.\" loading=\"lazy\" width=\"720\" height=\"480\" decoding=\"async\" data-nimg=\"1\" src=\"http:\/\/cordobainforma.info\/wp-content\/uploads\/2024\/12\/la-tragica-vida-del-negro-caceres-el-ex-jugador-de-seleccion-que-sobrevivio-a-un-balazo-en-la-cabeza-y-volvio-a-ser-noticia-por-la-muerte-de-su-pareja-8.jpg\"><span class=\"epigraphe\">La madre de Raquel Candia.<\/span><span class=\"bkg\"><\/span><span class=\"picture-open\"><button class=\"open-image\" aria-label=\"Open Image\"><\/button><\/span><\/picture><\/div>\n<div class=\"sc-80531b6b-0 chRIGJ container-text text-embed\" readability=\"38\">\n<p><em>\u201cEllos viv\u00edan muy conflictivos. Siempre con violencia. Era una relaci\u00f3n bastante agresiva por parte de \u00e9l. Muy dram\u00e1tica. Hay testigos y vecinos de ac\u00e1 que nos contaron que hubo violencia anteriormente y que se acercaron al balc\u00f3n y la empujaron y cay\u00f3 al precipicio\u201d<\/em>, cont\u00f3 uno de los hermanos, cuyo nombre no indic\u00f3, en declaraciones a los medios.<\/p>\n<\/div>\n","protected":false},"excerpt":{"rendered":"<p>Fernando C\u00e1ceres (54) volvi\u00f3 este lunes a estar en las portadas de los diarios. Su pareja, Raquel Candia, de 45 a\u00f1os, muri\u00f3 tras caer del s\u00e9ptimo piso de un edificio en Ramos Mej\u00eda en un episodio confuso que a\u00fan no pudo ser esclarecido por los investigadores. Muy lejos quedaron aquellos tiempos en que brillaba como [&hellip;]<\/p>\n","protected":false},"author":1,"featured_media":134518,"comment_status":"closed","ping_status":"closed","sticky":false,"template":"","format":"standard","meta":[],"categories":[20],"tags":[],"_links":{"self":[{"href":"http:\/\/cordobainforma.info\/index.php\/wp-json\/wp\/v2\/posts\/134517"}],"collection":[{"href":"http:\/\/cordobainforma.info\/index.php\/wp-json\/wp\/v2\/posts"}],"about":[{"href":"http:\/\/cordobainforma.info\/index.php\/wp-json\/wp\/v2\/types\/post"}],"author":[{"embeddable":true,"href":"http:\/\/cordobainforma.info\/index.php\/wp-json\/wp\/v2\/users\/1"}],"replies":[{"embeddable":true,"href":"http:\/\/cordobainforma.info\/index.php\/wp-json\/wp\/v2\/comments?post=134517"}],"version-history":[{"count":0,"href":"http:\/\/cordobainforma.info\/index.php\/wp-json\/wp\/v2\/posts\/134517\/revisions"}],"wp:featuredmedia":[{"embeddable":true,"href":"http:\/\/cordobainforma.info\/index.php\/wp-json\/wp\/v2\/media\/134518"}],"wp:attachment":[{"href":"http:\/\/cordobainforma.info\/index.php\/wp-json\/wp\/v2\/media?parent=134517"}],"wp:term":[{"taxonomy":"category","embeddable":true,"href":"http:\/\/cordobainforma.info\/index.php\/wp-json\/wp\/v2\/categories?post=134517"},{"taxonomy":"post_tag","embeddable":true,"href":"http:\/\/cordobainforma.info\/index.php\/wp-json\/wp\/v2\/tags?post=134517"}],"curies":[{"name":"wp","href":"https:\/\/api.w.org\/{rel}","templated":true}]}}