{"id":13449,"date":"2021-05-21T12:21:00","date_gmt":"2021-05-21T12:21:00","guid":{"rendered":"https:\/\/ahora.com.ar\/\/se-suspende-el-futbol-las-restricciones-se-posterga-la-definicion-la-liga-n4235967"},"modified":"2021-05-21T12:21:00","modified_gmt":"2021-05-21T12:21:00","slug":"se-suspende-el-futbol-por-las-restricciones-se-posterga-la-definicion-de-la-liga","status":"publish","type":"post","link":"http:\/\/cordobainforma.info\/index.php\/2021\/05\/21\/se-suspende-el-futbol-por-las-restricciones-se-posterga-la-definicion-de-la-liga\/","title":{"rendered":"Se suspende el f\u00fatbol: por las restricciones, se posterga la definici\u00f3n de la Liga"},"content":{"rendered":"<div><img src=\"http:\/\/cordobainforma.info\/wp-content\/uploads\/2021\/05\/se-suspende-el-futbol-por-las-restricciones-se-posterga-la-definicion-de-la-liga.jpg\" class=\"ff-og-image-inserted\"><\/div>\n<div id=\"article-post\">\n<header class=\"article-info-wrapper\" readability=\"32.740793201133\">\n<p><span class=\"fecha-detallenota\">21 de mayo de 2021 &#8211; 09:05<\/span><\/p>\n<p class=\"interiorCopete\"> F\u00daTBOL ARGENTINO SUSPENDIDO #Restricciones<br \/>\nEn medio del aumento de casos de coronavirus y en medio de las restricciones que anunci\u00f3 Alberto Fern\u00e1ndez, se tom\u00f3 la decisi\u00f3n de suspender transitoriamente las semifinales del torneo.<\/p>\n<\/header>\n<\/div>\n<div id=\"article-post\">\n<div class=\"cuerpo\" data-twitter-link=\"https:\/\/twitter.com\/intent\/tweet?url=https:\/\/ahora.com.ar\/c4235967&amp;via=PlataformaAhora&amp;related=Ahora&amp;text=\" readability=\"11\">\n<p>Luego de las nuevas restricciones impuestas por el <strong>Presidente de la Naci\u00f3n Alberto Fern\u00e1ndez<\/strong> surgi\u00f3 un interrogante y es el de qu\u00e9 pasar\u00e1 con el f\u00fatbol. Si bien en principio todo parec\u00eda indicar que el f\u00fatbol no se suspender\u00eda, lo cierto es que de la noche a la ma\u00f1ana la situaci\u00f3n cambi\u00f3 <strong>y la decisi\u00f3n final es la de postergar la competici\u00f3n mientras duren las restricciones a nivel nacional<\/strong>.<\/p>\n<\/div>\n<\/div>\n<div id=\"article-post\">\n<div class=\"cuerpo\" data-twitter-link=\"https:\/\/twitter.com\/intent\/tweet?url=https:\/\/ahora.com.ar\/c4235967&amp;via=PlataformaAhora&amp;related=Ahora&amp;text=\" readability=\"40.454922279793\">\n<p>Despu\u00e9s de lo que fue la cadena nacional de <strong>Alberto Fern\u00e1ndez<\/strong> durante la noche del jueves, <strong>se especulaba con una reuni\u00f3n entre el Gobierno Nacional y la AFA durante la tarde del viernes, para diagramar los pasos a seguir y ver de qu\u00e9 manera se pod\u00eda continuar con el f\u00fatbol<\/strong>. Sin embargo, <strong>tanto Boca como Independiente fueron informados de que sus encuentros por las semifinales ante Col\u00f3n y Racing ser\u00edan postergados<\/strong>.<\/p>\n<p>Minutos antes de esa confirmaci\u00f3n, el Jefe de Gabinete <strong>Santiago Cafiero<\/strong> parec\u00eda dejar la puerta abierta para que se lleven a cabo las semifinales en San Juan, en declaraciones a Radio La Red: \u00ab<em>Siempre se trabaj\u00f3 de modo muy responsable con la AFA y el modo de hacerlo fue que, si se los convoca a una reuni\u00f3n, no se anticipa lo que se va a decir en la reuni\u00f3n. <strong>Quedan por delante dos partidos, ambos en la Provincia de San Juan, uno el d\u00eda s\u00e1bado y otro el domingo. Venimos conversando para encontrar, de modo consensuado, una soluci\u00f3n<\/strong><\/em>\u00ab.<\/p>\n<p>Pese a esa postura que parec\u00eda indicar que se llegar\u00eda a buen puerto, finalmente no fue as\u00ed y ahora se aguardan por m\u00e1s precisiones respecto de <strong>cu\u00e1ndo y c\u00f3mo se retomar\u00e1 la actividad<\/strong>. Mientras tanto, <strong>ni siquiera habr\u00e1n entrenamientos en los clubes<\/strong>.<\/p>\n<p><u>LA LIBERTADORES Y SUDAMERICANA, LOS OTROS INTERROGANTES<\/u><\/p>\n<p>Si bien el torneo local ser\u00e1 postergado, <strong>los torneos continentales siguen en pie<\/strong>. As\u00ed, resta saber si los clubes que est\u00e1n <strong>afectados a las Copas Libertadores y Sudamericana recibir\u00e1n un permiso especial para entrenar si es que Conmebol decide mantener el calendario correspondiente a los cert\u00e1menes<\/strong>.<\/p>\n<p>Fuente: TyCSports<\/p>\n<\/div>\n<\/div>\n","protected":false},"excerpt":{"rendered":"<p>21 de mayo de 2021 &#8211; 09:05 F\u00daTBOL ARGENTINO SUSPENDIDO #Restricciones En medio del aumento de casos de coronavirus y en medio de las restricciones que anunci\u00f3 Alberto Fern\u00e1ndez, se tom\u00f3 la decisi\u00f3n de suspender transitoriamente las semifinales del torneo. Luego de las nuevas restricciones impuestas por el Presidente de la Naci\u00f3n Alberto Fern\u00e1ndez surgi\u00f3 [&hellip;]<\/p>\n","protected":false},"author":1,"featured_media":13450,"comment_status":"closed","ping_status":"closed","sticky":false,"template":"","format":"standard","meta":[],"categories":[20],"tags":[],"_links":{"self":[{"href":"http:\/\/cordobainforma.info\/index.php\/wp-json\/wp\/v2\/posts\/13449"}],"collection":[{"href":"http:\/\/cordobainforma.info\/index.php\/wp-json\/wp\/v2\/posts"}],"about":[{"href":"http:\/\/cordobainforma.info\/index.php\/wp-json\/wp\/v2\/types\/post"}],"author":[{"embeddable":true,"href":"http:\/\/cordobainforma.info\/index.php\/wp-json\/wp\/v2\/users\/1"}],"replies":[{"embeddable":true,"href":"http:\/\/cordobainforma.info\/index.php\/wp-json\/wp\/v2\/comments?post=13449"}],"version-history":[{"count":0,"href":"http:\/\/cordobainforma.info\/index.php\/wp-json\/wp\/v2\/posts\/13449\/revisions"}],"wp:featuredmedia":[{"embeddable":true,"href":"http:\/\/cordobainforma.info\/index.php\/wp-json\/wp\/v2\/media\/13450"}],"wp:attachment":[{"href":"http:\/\/cordobainforma.info\/index.php\/wp-json\/wp\/v2\/media?parent=13449"}],"wp:term":[{"taxonomy":"category","embeddable":true,"href":"http:\/\/cordobainforma.info\/index.php\/wp-json\/wp\/v2\/categories?post=13449"},{"taxonomy":"post_tag","embeddable":true,"href":"http:\/\/cordobainforma.info\/index.php\/wp-json\/wp\/v2\/tags?post=13449"}],"curies":[{"name":"wp","href":"https:\/\/api.w.org\/{rel}","templated":true}]}}