{"id":13443,"date":"2021-05-20T14:44:51","date_gmt":"2021-05-20T14:44:51","guid":{"rendered":"http:\/\/cordobainforma.info\/index.php\/2021\/05\/20\/trebol-artico-asi-es-la-base-militar-ubicada-en-el-extremo-norte-de-rusia\/"},"modified":"2021-05-20T14:44:51","modified_gmt":"2021-05-20T14:44:51","slug":"trebol-artico-asi-es-la-base-militar-ubicada-en-el-extremo-norte-de-rusia","status":"publish","type":"post","link":"http:\/\/cordobainforma.info\/index.php\/2021\/05\/20\/trebol-artico-asi-es-la-base-militar-ubicada-en-el-extremo-norte-de-rusia\/","title":{"rendered":"Tr\u00e9bol \u00c1rtico: as\u00ed es la base militar ubicada en el Extremo Norte de Rusia"},"content":{"rendered":"<p><img src=\"http:\/\/cordobainforma.info\/wp-content\/uploads\/2021\/05\/trebol-artico-asi-es-la-base-militar-ubicada-en-el-extremo-norte-de-rusia.jpg\"><\/p>\n<div readability=\"32\">\n<p><span>Publicado:<\/span><time class=\"Timestamp-root Timestamp-isBlackColor \" datetime=\"2021-05-20T14:44:51+00:00\"> 20 may 2021 14:44 GMT <\/time><\/p>\n<\/div>\n<div readability=\"33\">\n<p> Un equipo de RT visita las instalaciones militares rusas ubicadas en la Tierra de Francisco Jos\u00e9 en medio de una rivalidad creciente en el \u00c1rtico. <\/p>\n<\/div>\n<div readability=\"93.741453831041\">\n<p>El&nbsp;canciller de Rusia, Sergu\u00e9i Lavrov,&nbsp;particip\u00f3 en la reuni\u00f3n ministerial del Consejo \u00c1rtico&nbsp;este 20 de mayo durante su visita a Islandia para discutir las posibilidades de aumentar el desarrollo de la cooperaci\u00f3n en esa regi\u00f3n.<\/p>\n<p>En medio de reclamos mutuos y del aumento de las actividades militares de la OTAN, Rusia&nbsp;asumi\u00f3&nbsp;la presidencia de&nbsp;un organismo que tambi\u00e9n integran EE.UU., Canad\u00e1, Dinamarca, Finlandia, Islandia,&nbsp;Noruega y Suecia.<\/p>\n<p>Por su parte, un equipo de RT se desplaz\u00f3 hasta la Tierra de Francisco Jos\u00e9, archipi\u00e9lago ruso ubicado en la&nbsp;provincia de Arj\u00e1nguelsk&nbsp;<strong>a cientos de kil\u00f3metros del Polo Norte<\/strong>, donde Rusia posee una de sus bases militares.<\/p>\n<p>Hasta esas islas del oc\u00e9ano Glacial \u00c1rtico no se accede mediante vuelos regulares ni ch\u00e1rteres: una de las opciones para llegar es el avi\u00f3n militar de carga Iliushin Il-76, que es capaz de aterrizar directamente sobre el hielo.<\/p>\n<h3>\u00bfQu\u00e9 es Tr\u00e9bol \u00c1rtico?<\/h3>\n<p>La base militar Tr\u00e9bol \u00c1rtico est\u00e1 compuesta por un bloque de viviendas cuyos inquilinos pueden permanecer todo el a\u00f1o sin necesidad de salir a la calle. El lugar est\u00e1 conectado con el resto del mundo, pero tambi\u00e9n muy bien aislado: no registr\u00f3 ning\u00fan caso de covid-19 y sus habitantes est\u00e1n vacunados para evitar contagios.<\/p>\n<p>\u00ab<strong>Podemos comparar este complejo con una estaci\u00f3n espacial<\/strong>; la \u00fanica diferencia es que no se encuentra en \u00f3rbita, sino en el desierto \u00e1rtico\u00bb, <a href=\"https:\/\/www.swissinfo.ch\/spa\/afp\/rusia-presume-de-base-militar-en-el-%C3%A1rtico-para-hacer-frente-a-la-otan\/46630514\" target=\"_blank\" rel=\"noopener noreferrer\">afirm\u00f3<\/a>&nbsp;el general \u00cdgor Churkin, uno de los comandantes de la Flota del Norte de Rusia, a la agencia AFP.<\/p>\n<div class=\"ReadMore-root Section-root Section-is1to3-xs_is1to1\" data-widgets=\"ReadMore\">\n<div class=\"Section-container Section-isRow-isTop-isWrap\">\n<article class=\"Card-root Card-is1to1 \">\n<div class=\"Card-imageWrap\">\n<div class=\"Card-picture\"> <picture class=\"Picture-root Picture-default\"><!--[if IE 9]><video style=\"display: none;\"><![endif]--><source media=\"(-webkit-min-device-pixel-ratio: 2) and (min-resolution: 120dpi)\" srcset=\"http:\/\/cordobainforma.info\/wp-content\/uploads\/2021\/05\/trebol-artico-asi-es-la-base-militar-ubicada-en-el-extremo-norte-de-rusia-2.jpg 850w, http:\/\/cordobainforma.info\/wp-content\/uploads\/2021\/05\/trebol-artico-asi-es-la-base-militar-ubicada-en-el-extremo-norte-de-rusia-3.jpg 1960w\"><source srcset=\"http:\/\/cordobainforma.info\/wp-content\/uploads\/2021\/05\/trebol-artico-asi-es-la-base-militar-ubicada-en-el-extremo-norte-de-rusia-2.jpg 460w, http:\/\/cordobainforma.info\/wp-content\/uploads\/2021\/05\/trebol-artico-asi-es-la-base-militar-ubicada-en-el-extremo-norte-de-rusia-3.jpg 980w\"><!--[if IE 9]><\/video><![endif]--><img data-sizes=\"auto\" src=\"http:\/\/cordobainforma.info\/wp-content\/uploads\/2021\/05\/trebol-artico-asi-es-la-base-militar-ubicada-en-el-extremo-norte-de-rusia-2.jpg\" class=\"Picture-root Picture-default lazyload\" alt=\"Lavrov ante las &quot;quejas&quot; de EE.UU. sobre la actividad militar rusa en el \u00c1rtico: &quot;Es nuestro territorio, todo lo que hace Rusia all\u00ed es leg\u00edtimo&quot;\"><\/picture><!-- noscript pattern --><noscript><img src=\"http:\/\/cordobainforma.info\/wp-content\/uploads\/2021\/05\/trebol-artico-asi-es-la-base-militar-ubicada-en-el-extremo-norte-de-rusia-3.jpg\" alt=\"Lavrov ante las &quot;quejas&quot; de EE.UU. sobre la actividad militar rusa en el \u00c1rtico: &quot;Es nuestro territorio, todo lo que hace Rusia all\u00ed es leg\u00edtimo&quot;\"><\/noscript> <\/div><\/div>\n<\/article><\/div><\/div>\n<p>La instalaci\u00f3n militar cuenta con&nbsp;<strong>los sistemas de misiles Basti\u00f3n<\/strong>, que pueden defender la base de barcos ubicados a una distancia m\u00e1xima de 360 kil\u00f3metros, y posee un proyecto autosuficiente reci\u00e9n inaugurado que casi no realiza emisiones para no afectar al medio ambiente polar.<\/p>\n<p>No es la primera base rusa en el \u00c1rtico, pero s\u00ed la que<strong> se encuentra en el Extremo Norte<\/strong>. Su funci\u00f3n es de defensa, pero tambi\u00e9n sirve como plataforma para cient\u00edficos rusos que estudian la regi\u00f3n y compartir\u00e1n el conocimiento que adquieran en estos dos a\u00f1os con el resto del Consejo \u00c1rtico.<\/p>\n<p>Algunos miembros de ese organismo mostraron su preocupaci\u00f3n por la militarizaci\u00f3n de la zona, pero las autoridades de Rusia indicaron&nbsp;que no siguen ese camino por voluntad propia porque interceptar aviones de reconocimiento de otros pa\u00edses se volvi\u00f3 algo habitual y los ejercicios de algunos miembros de la OTAN empujan a Mosc\u00fa a prepararse para cualquier escenario.<\/p>\n<p><strong><em>Si te ha parecido interesante, \u00a1comp\u00e1rtelo con tus amigos!<\/em><\/strong><\/p>\n<\/div>\n","protected":false},"excerpt":{"rendered":"<p>Publicado: 20 may 2021 14:44 GMT Un equipo de RT visita las instalaciones militares rusas ubicadas en la Tierra de Francisco Jos\u00e9 en medio de una rivalidad creciente en el \u00c1rtico. El&nbsp;canciller de Rusia, Sergu\u00e9i Lavrov,&nbsp;particip\u00f3 en la reuni\u00f3n ministerial del Consejo \u00c1rtico&nbsp;este 20 de mayo durante su visita a Islandia para discutir las posibilidades [&hellip;]<\/p>\n","protected":false},"author":1,"featured_media":13444,"comment_status":"closed","ping_status":"closed","sticky":false,"template":"","format":"standard","meta":[],"categories":[22],"tags":[],"_links":{"self":[{"href":"http:\/\/cordobainforma.info\/index.php\/wp-json\/wp\/v2\/posts\/13443"}],"collection":[{"href":"http:\/\/cordobainforma.info\/index.php\/wp-json\/wp\/v2\/posts"}],"about":[{"href":"http:\/\/cordobainforma.info\/index.php\/wp-json\/wp\/v2\/types\/post"}],"author":[{"embeddable":true,"href":"http:\/\/cordobainforma.info\/index.php\/wp-json\/wp\/v2\/users\/1"}],"replies":[{"embeddable":true,"href":"http:\/\/cordobainforma.info\/index.php\/wp-json\/wp\/v2\/comments?post=13443"}],"version-history":[{"count":0,"href":"http:\/\/cordobainforma.info\/index.php\/wp-json\/wp\/v2\/posts\/13443\/revisions"}],"wp:featuredmedia":[{"embeddable":true,"href":"http:\/\/cordobainforma.info\/index.php\/wp-json\/wp\/v2\/media\/13444"}],"wp:attachment":[{"href":"http:\/\/cordobainforma.info\/index.php\/wp-json\/wp\/v2\/media?parent=13443"}],"wp:term":[{"taxonomy":"category","embeddable":true,"href":"http:\/\/cordobainforma.info\/index.php\/wp-json\/wp\/v2\/categories?post=13443"},{"taxonomy":"post_tag","embeddable":true,"href":"http:\/\/cordobainforma.info\/index.php\/wp-json\/wp\/v2\/tags?post=13443"}],"curies":[{"name":"wp","href":"https:\/\/api.w.org\/{rel}","templated":true}]}}